{"id":833,"date":"2012-04-01T10:17:00","date_gmt":"2012-04-01T08:17:00","guid":{"rendered":"https:\/\/fredt.eu\/notes\/?p=833"},"modified":"2025-02-27T11:00:54","modified_gmt":"2025-02-27T10:00:54","slug":"petit-entrainement-et-preparations-pour-les-journees-sensibilisation-jeunes-a-la-peche","status":"publish","type":"post","link":"https:\/\/fredt.eu\/notes\/peche\/petit-entrainement-et-preparations-pour-les-journees-sensibilisation-jeunes-a-la-peche\/","title":{"rendered":"Petit entra\u00eenement et pr\u00e9parations pour les journ\u00e9es sensibilisation jeunes \u00e0 la p\u00eache"},"content":{"rendered":"\n<p>Au printemps 2012, nous avons organis\u00e9 des journ\u00e9es gratuites d&rsquo;animation et de sensibilisation \u00e0 la p\u00eache pour les jeunes p\u00eacheurs soci\u00e9taires de notre AAPPMA des Amis de la Haute Br\u00e9venne. Elles sont organis\u00e9es par St\u00e9phane JOMARD et Fr\u00e9d\u00e9ric THIZY. Suite au succ\u00e8s pour cette premi\u00e8re ann\u00e9e, elles sont reconduites pour 2013.<\/p>\n\n\n\n<p>En guise de pr\u00e9paration et de petit entra\u00eenement pour les journ\u00e9es animation et sensibilisation des jeunes \u00e0 la p\u00eache. St\u00e9phane et moi nous nous sommes donn\u00e9 rendez-vous \u00e0 l&rsquo;\u00e9tang Varagnat le 01 avril avec nos enfants. <\/p>\n\n\n\n<figure class=\"wp-block-gallery has-nested-images columns-default is-cropped wp-block-gallery-1 is-layout-flex wp-block-gallery-is-layout-flex\">\n<figure class=\"wp-block-image size-large\"><img loading=\"lazy\" decoding=\"async\" width=\"340\" height=\"452\" data-id=\"834\" src=\"https:\/\/fredt.eu\/notes\/wp-content\/uploads\/2-on-decroche.jpg\" alt=\"\" class=\"wp-image-834\" srcset=\"https:\/\/fredt.eu\/notes\/wp-content\/uploads\/2-on-decroche.jpg 340w, https:\/\/fredt.eu\/notes\/wp-content\/uploads\/2-on-decroche-226x300.jpg 226w\" sizes=\"auto, (max-width: 340px) 100vw, 340px\" \/><\/figure>\n\n\n\n<figure class=\"wp-block-image size-large\"><img loading=\"lazy\" decoding=\"async\" width=\"340\" height=\"452\" data-id=\"835\" src=\"https:\/\/fredt.eu\/notes\/wp-content\/uploads\/3-une-belle-prise.jpg\" alt=\"\" class=\"wp-image-835\" srcset=\"https:\/\/fredt.eu\/notes\/wp-content\/uploads\/3-une-belle-prise.jpg 340w, https:\/\/fredt.eu\/notes\/wp-content\/uploads\/3-une-belle-prise-226x300.jpg 226w\" sizes=\"auto, (max-width: 340px) 100vw, 340px\" \/><\/figure>\n<\/figure>\n\n\n\n<p>Apr\u00e8s avoir p\u00each\u00e9 seul le matin \u00e0 la grande canne, sous un vent du nord soutenu, \u00e0 l&rsquo;arriv\u00e9e de St\u00e9phane, le r\u00e9sultat \u00e9tait assez m\u00e9diocre. Les enfants se sont install\u00e9s pour une p\u00eache de la carpe en batterie.<\/p>\n\n\n\n<figure class=\"wp-block-gallery has-nested-images columns-default is-cropped wp-block-gallery-2 is-layout-flex wp-block-gallery-is-layout-flex\">\n<figure class=\"wp-block-image size-large\"><img loading=\"lazy\" decoding=\"async\" width=\"680\" height=\"422\" data-id=\"836\" src=\"https:\/\/fredt.eu\/notes\/wp-content\/uploads\/1-en-action-peche.jpg\" alt=\"\" class=\"wp-image-836\" srcset=\"https:\/\/fredt.eu\/notes\/wp-content\/uploads\/1-en-action-peche.jpg 680w, https:\/\/fredt.eu\/notes\/wp-content\/uploads\/1-en-action-peche-300x186.jpg 300w\" sizes=\"auto, (max-width: 680px) 100vw, 680px\" \/><\/figure>\n\n\n\n<figure class=\"wp-block-image size-large\"><img loading=\"lazy\" decoding=\"async\" width=\"680\" height=\"514\" data-id=\"837\" src=\"https:\/\/fredt.eu\/notes\/wp-content\/uploads\/4-les-grands-aident-les-petits.jpg\" alt=\"\" class=\"wp-image-837\" srcset=\"https:\/\/fredt.eu\/notes\/wp-content\/uploads\/4-les-grands-aident-les-petits.jpg 680w, https:\/\/fredt.eu\/notes\/wp-content\/uploads\/4-les-grands-aident-les-petits-300x227.jpg 300w\" sizes=\"auto, (max-width: 680px) 100vw, 680px\" \/><\/figure>\n\n\n\n<figure class=\"wp-block-image size-large\"><img loading=\"lazy\" decoding=\"async\" width=\"680\" height=\"511\" data-id=\"838\" src=\"https:\/\/fredt.eu\/notes\/wp-content\/uploads\/5-beau-resultat.jpg\" alt=\"\" class=\"wp-image-838\" srcset=\"https:\/\/fredt.eu\/notes\/wp-content\/uploads\/5-beau-resultat.jpg 680w, https:\/\/fredt.eu\/notes\/wp-content\/uploads\/5-beau-resultat-300x225.jpg 300w\" sizes=\"auto, (max-width: 680px) 100vw, 680px\" \/><\/figure>\n<\/figure>\n\n\n\n<p>Apr\u00e8s avoir discut\u00e9 du d\u00e9roulement des futures journ\u00e9es, nous leur avons montr\u00e9 la p\u00eache au feeder. Les cannes \u00e0 carpes n&rsquo;ont pas bronch\u00e9es. Par contre, apr\u00e8s quelques explications et un peu d&rsquo;aide tout au long de l&rsquo;apr\u00e8s midi, ils se sont d\u00e9brouill\u00e9s comme des chefs au feeder.<\/p>\n\n\n\n<p>A 19h s\u00e9ance pes\u00e9e et photos : presque 14kg de carpeaux. Les enfants heureux comme des papes ont ensuite rendu leur libert\u00e9 aux poissons.<\/p>\n\n\n\n<figure class=\"wp-block-gallery has-nested-images columns-default is-cropped wp-block-gallery-3 is-layout-flex wp-block-gallery-is-layout-flex\">\n<figure class=\"wp-block-image size-large\"><img loading=\"lazy\" decoding=\"async\" width=\"200\" height=\"266\" data-id=\"839\" src=\"https:\/\/fredt.eu\/notes\/wp-content\/uploads\/2012-04-01-preparation-journees-jeunes-1.jpg\" alt=\"\" class=\"wp-image-839\"\/><\/figure>\n\n\n\n<figure class=\"wp-block-image size-large\"><img loading=\"lazy\" decoding=\"async\" width=\"640\" height=\"481\" data-id=\"840\" src=\"https:\/\/fredt.eu\/notes\/wp-content\/uploads\/2012-04-01-preparation-journees-jeunes-2.jpg\" alt=\"\" class=\"wp-image-840\" srcset=\"https:\/\/fredt.eu\/notes\/wp-content\/uploads\/2012-04-01-preparation-journees-jeunes-2.jpg 640w, https:\/\/fredt.eu\/notes\/wp-content\/uploads\/2012-04-01-preparation-journees-jeunes-2-300x225.jpg 300w\" sizes=\"auto, (max-width: 640px) 100vw, 640px\" \/><\/figure>\n\n\n\n<figure class=\"wp-block-image size-large\"><img loading=\"lazy\" decoding=\"async\" width=\"640\" height=\"481\" data-id=\"841\" src=\"https:\/\/fredt.eu\/notes\/wp-content\/uploads\/2012-04-01-preparation-journees-jeunes-3.jpg\" alt=\"\" class=\"wp-image-841\" srcset=\"https:\/\/fredt.eu\/notes\/wp-content\/uploads\/2012-04-01-preparation-journees-jeunes-3.jpg 640w, https:\/\/fredt.eu\/notes\/wp-content\/uploads\/2012-04-01-preparation-journees-jeunes-3-300x225.jpg 300w\" sizes=\"auto, (max-width: 640px) 100vw, 640px\" \/><\/figure>\n<\/figure>\n\n\n\n<p>V\u00e9rification\u2026ils sont tous l\u00e0, Bourriche de presque 14Kg, Remise \u00e0 l&rsquo;eau<\/p>\n\n\n\n<figure class=\"wp-block-gallery has-nested-images columns-default is-cropped wp-block-gallery-4 is-layout-flex wp-block-gallery-is-layout-flex\">\n<figure class=\"wp-block-image size-large\"><img loading=\"lazy\" decoding=\"async\" width=\"640\" height=\"481\" data-id=\"842\" src=\"https:\/\/fredt.eu\/notes\/wp-content\/uploads\/2012-04-01-preparation-journees-jeunes-4.jpg\" alt=\"\" class=\"wp-image-842\" srcset=\"https:\/\/fredt.eu\/notes\/wp-content\/uploads\/2012-04-01-preparation-journees-jeunes-4.jpg 640w, https:\/\/fredt.eu\/notes\/wp-content\/uploads\/2012-04-01-preparation-journees-jeunes-4-300x225.jpg 300w\" sizes=\"auto, (max-width: 640px) 100vw, 640px\" \/><\/figure>\n\n\n\n<figure class=\"wp-block-image size-large\"><img loading=\"lazy\" decoding=\"async\" width=\"320\" height=\"240\" data-id=\"843\" src=\"https:\/\/fredt.eu\/notes\/wp-content\/uploads\/2012-04-01-preparation-journees-jeunes-5.jpg\" alt=\"\" class=\"wp-image-843\" srcset=\"https:\/\/fredt.eu\/notes\/wp-content\/uploads\/2012-04-01-preparation-journees-jeunes-5.jpg 320w, https:\/\/fredt.eu\/notes\/wp-content\/uploads\/2012-04-01-preparation-journees-jeunes-5-300x225.jpg 300w\" sizes=\"auto, (max-width: 320px) 100vw, 320px\" \/><\/figure>\n\n\n\n<figure class=\"wp-block-image size-large\"><img loading=\"lazy\" decoding=\"async\" width=\"350\" height=\"263\" data-id=\"844\" src=\"https:\/\/fredt.eu\/notes\/wp-content\/uploads\/2012-04-01-preparation-journees-jeunes-7.jpg\" alt=\"\" class=\"wp-image-844\" srcset=\"https:\/\/fredt.eu\/notes\/wp-content\/uploads\/2012-04-01-preparation-journees-jeunes-7.jpg 350w, https:\/\/fredt.eu\/notes\/wp-content\/uploads\/2012-04-01-preparation-journees-jeunes-7-300x225.jpg 300w\" sizes=\"auto, (max-width: 350px) 100vw, 350px\" \/><\/figure>\n<\/figure>\n","protected":false},"excerpt":{"rendered":"<p>Au printemps 2012, nous avons organis\u00e9 des journ\u00e9es gratuites d&rsquo;animation et de sensibilisation \u00e0 la p\u00eache pour les jeunes p\u00eacheurs soci\u00e9taires de notre AAPPMA des Amis de la Haute Br\u00e9venne. Elles sont organis\u00e9es par St\u00e9phane JOMARD et Fr\u00e9d\u00e9ric THIZY. Suite au succ\u00e8s pour cette premi\u00e8re ann\u00e9e, elles sont reconduites pour 2013. En guise de pr\u00e9paration [&hellip;]<\/p>\n","protected":false},"author":1,"featured_media":835,"comment_status":"open","ping_status":"open","sticky":false,"template":"","format":"standard","meta":{"slim_seo":{"title":"Petit entra\u00eenement et pr\u00e9parations pour les journ\u00e9es sensibilisation jeunes \u00e0 la p\u00eache - FredT Notes","description":"Au printemps 2012, nous avons organis\u00e9 des journ\u00e9es gratuites d'animation et de sensibilisation \u00e0 la p\u00eache pour les jeunes p\u00eacheurs soci\u00e9taires de notre AAPPMA"},"footnotes":""},"categories":[84,4],"tags":[107,55,9,13,12],"class_list":["post-833","post","type-post","status-publish","format-standard","has-post-thumbnail","hentry","category-aappma-ste-foy","category-peche","tag-animation","tag-carpe","tag-enfant","tag-etang","tag-gardon"],"_links":{"self":[{"href":"https:\/\/fredt.eu\/notes\/wp-json\/wp\/v2\/posts\/833","targetHints":{"allow":["GET"]}}],"collection":[{"href":"https:\/\/fredt.eu\/notes\/wp-json\/wp\/v2\/posts"}],"about":[{"href":"https:\/\/fredt.eu\/notes\/wp-json\/wp\/v2\/types\/post"}],"author":[{"embeddable":true,"href":"https:\/\/fredt.eu\/notes\/wp-json\/wp\/v2\/users\/1"}],"replies":[{"embeddable":true,"href":"https:\/\/fredt.eu\/notes\/wp-json\/wp\/v2\/comments?post=833"}],"version-history":[{"count":2,"href":"https:\/\/fredt.eu\/notes\/wp-json\/wp\/v2\/posts\/833\/revisions"}],"predecessor-version":[{"id":860,"href":"https:\/\/fredt.eu\/notes\/wp-json\/wp\/v2\/posts\/833\/revisions\/860"}],"wp:featuredmedia":[{"embeddable":true,"href":"https:\/\/fredt.eu\/notes\/wp-json\/wp\/v2\/media\/835"}],"wp:attachment":[{"href":"https:\/\/fredt.eu\/notes\/wp-json\/wp\/v2\/media?parent=833"}],"wp:term":[{"taxonomy":"category","embeddable":true,"href":"https:\/\/fredt.eu\/notes\/wp-json\/wp\/v2\/categories?post=833"},{"taxonomy":"post_tag","embeddable":true,"href":"https:\/\/fredt.eu\/notes\/wp-json\/wp\/v2\/tags?post=833"}],"curies":[{"name":"wp","href":"https:\/\/api.w.org\/{rel}","templated":true}]}}