{"id":796,"date":"2012-02-27T11:47:00","date_gmt":"2012-02-27T10:47:00","guid":{"rendered":"https:\/\/fredt.eu\/notes\/?p=796"},"modified":"2025-02-27T11:50:13","modified_gmt":"2025-02-27T10:50:13","slug":"lacher-de-poissons-et-ouvertures","status":"publish","type":"post","link":"https:\/\/fredt.eu\/notes\/peche\/lacher-de-poissons-et-ouvertures\/","title":{"rendered":"L\u00e2cher de poissons et ouvertures"},"content":{"rendered":"\n<figure class=\"wp-block-image aligncenter size-full\"><img loading=\"lazy\" decoding=\"async\" width=\"196\" height=\"180\" src=\"https:\/\/fredt.eu\/notes\/wp-content\/uploads\/lacher-2012.jpg\" alt=\"\" class=\"wp-image-804\"\/><\/figure>\n\n\n\n<p>L\u2019ouverture 2012 de la truite en rivi\u00e8re de premi\u00e8re cat\u00e9gorie, c\u2019est samedi 10 mars. Le lever du soleil, annonc\u00e9 pour la r\u00e9gion de Lyon est 7H02. D\u00e8s ce jour tr\u00e8s attendu, vous pouvez mettre votre ligne \u00e0 l\u2019eau une demi-heure avant le lever du jour. Pour le d\u00e9partement du Rh\u00f4ne, la maille est fix\u00e9e \u00e0 23cm pour les truites fario et arc-en-ciel.<\/p>\n\n\n\n<p>Le vendredi 02 mars 2012, environ 2200 truites arc-en-ciel ont \u00e9t\u00e9 d\u00e9vers\u00e9es au total dans la Thoranche , l&rsquo;Orgeole , la Br\u00e9venne et nos plans d&rsquo;eau. Soit pr\u00e8s de 400kg en rivi\u00e8res et 60kg en \u00e9tang, de quoi satisfaire les p\u00eacheurs.<\/p>\n\n\n\n<p>La br\u00e9venne<br>Des r\u00eaves plein la t\u00eate, soucieux de n\u2019avoir rien oubli\u00e9 dans vos pr\u00e9paratifs, la nuit du 9 au 10 mars risque d\u2019\u00eatre courte et agit\u00e9e pour beaucoup d\u2019entre nous.<\/p>\n\n\n\n<p>A noter aussi que le 11 mars au soir, marque la fermeture du sandre pour la f\u00e9d\u00e9ration de p\u00eache du Rh\u00f4ne.<\/p>\n\n\n\n<p>En guise de petite remise en forme au vue des journ\u00e9es jeunes, mais aussi parce que votre Webmaster, est plus amateur de p\u00eache au coup, pour ma part, l&rsquo;ouverture se fera \u00e0 Meys. Les belles bourriches de carpeaux r\u00e9alisables au Varagnat, m&rsquo;ont cet hiver manqu\u00e9. Et vous quel sera votre rivi\u00e8re ou plan d\u2019eau pour cette ouverture 2012 ?<\/p>\n\n\n\n<h2 class=\"wp-block-heading\">L\u00e2cher de poissons dans les \u00e9tangs<\/h2>\n\n\n\n<p>Vendredi 30 Novembre 2012, comme pr\u00e9vu, nous nous sommes donn\u00e9 rendez vous pour le l\u00e2cher de poisson dans les \u00e9tangs de la soci\u00e9t\u00e9 de Sainte Foy l&rsquo;Argenti\u00e8re (AAPPMA du Rh\u00f4ne, 69).<\/p>\n\n\n\n<p>Malgr\u00e9, la fraicheur matinale les membres du bureau de l&rsquo;AAPPMA sont pr\u00e9sents.<\/p>\n\n\n\n<figure class=\"wp-block-gallery has-nested-images columns-default is-cropped wp-block-gallery-1 is-layout-flex wp-block-gallery-is-layout-flex\">\n<figure class=\"wp-block-image size-large\"><img loading=\"lazy\" decoding=\"async\" width=\"353\" height=\"265\" data-id=\"797\" src=\"https:\/\/fredt.eu\/notes\/wp-content\/uploads\/2012-11-30-lacher-de-poissons-dans-les-etangs-1.jpg\" alt=\"\" class=\"wp-image-797\" srcset=\"https:\/\/fredt.eu\/notes\/wp-content\/uploads\/2012-11-30-lacher-de-poissons-dans-les-etangs-1.jpg 353w, https:\/\/fredt.eu\/notes\/wp-content\/uploads\/2012-11-30-lacher-de-poissons-dans-les-etangs-1-300x225.jpg 300w\" sizes=\"auto, (max-width: 353px) 100vw, 353px\" \/><\/figure>\n\n\n\n<figure class=\"wp-block-image size-large\"><img loading=\"lazy\" decoding=\"async\" width=\"304\" height=\"227\" data-id=\"798\" src=\"https:\/\/fredt.eu\/notes\/wp-content\/uploads\/2012-11-30-lacher-de-poissons-dans-les-etangs-2.jpg\" alt=\"\" class=\"wp-image-798\" srcset=\"https:\/\/fredt.eu\/notes\/wp-content\/uploads\/2012-11-30-lacher-de-poissons-dans-les-etangs-2.jpg 304w, https:\/\/fredt.eu\/notes\/wp-content\/uploads\/2012-11-30-lacher-de-poissons-dans-les-etangs-2-300x224.jpg 300w\" sizes=\"auto, (max-width: 304px) 100vw, 304px\" \/><\/figure>\n\n\n\n<figure class=\"wp-block-image size-large\"><img loading=\"lazy\" decoding=\"async\" width=\"302\" height=\"227\" data-id=\"799\" src=\"https:\/\/fredt.eu\/notes\/wp-content\/uploads\/2012-11-30-lacher-de-poissons-dans-les-etangs-3.jpg\" alt=\"\" class=\"wp-image-799\" srcset=\"https:\/\/fredt.eu\/notes\/wp-content\/uploads\/2012-11-30-lacher-de-poissons-dans-les-etangs-3.jpg 302w, https:\/\/fredt.eu\/notes\/wp-content\/uploads\/2012-11-30-lacher-de-poissons-dans-les-etangs-3-300x225.jpg 300w\" sizes=\"auto, (max-width: 302px) 100vw, 302px\" \/><\/figure>\n<\/figure>\n\n\n\n<p>Brochetons Gardons<\/p>\n\n\n\n<p>Tanches<br>Les quantit\u00e9s de poissons lach\u00e9es pour le r\u00e9-empoissonnement de la saison 2013 \u00e0 venir, sont les suivantes :<\/p>\n\n\n\n<p>20 Kg de jeunes brochets<br>170 Kg de gardons<br>200 Kg de tanches<br>30 Kg de carpeaux<br>Belles carpes<br>Et pour la 1er fois, pour les adeptes, une quinzaine de belles carpes!<\/p>\n\n\n\n<figure class=\"wp-block-gallery has-nested-images columns-default is-cropped wp-block-gallery-2 is-layout-flex wp-block-gallery-is-layout-flex\">\n<figure class=\"wp-block-image size-large\"><img loading=\"lazy\" decoding=\"async\" width=\"322\" height=\"242\" data-id=\"800\" src=\"https:\/\/fredt.eu\/notes\/wp-content\/uploads\/2012-11-30-lacher-de-poissons-dans-les-etangs-4.jpg\" alt=\"\" class=\"wp-image-800\" srcset=\"https:\/\/fredt.eu\/notes\/wp-content\/uploads\/2012-11-30-lacher-de-poissons-dans-les-etangs-4.jpg 322w, https:\/\/fredt.eu\/notes\/wp-content\/uploads\/2012-11-30-lacher-de-poissons-dans-les-etangs-4-300x225.jpg 300w\" sizes=\"auto, (max-width: 322px) 100vw, 322px\" \/><\/figure>\n\n\n\n<figure class=\"wp-block-image size-large\"><img loading=\"lazy\" decoding=\"async\" width=\"322\" height=\"242\" data-id=\"801\" src=\"https:\/\/fredt.eu\/notes\/wp-content\/uploads\/2012-11-30-lacher-de-poissons-dans-les-etangs-5.jpg\" alt=\"\" class=\"wp-image-801\" srcset=\"https:\/\/fredt.eu\/notes\/wp-content\/uploads\/2012-11-30-lacher-de-poissons-dans-les-etangs-5.jpg 322w, https:\/\/fredt.eu\/notes\/wp-content\/uploads\/2012-11-30-lacher-de-poissons-dans-les-etangs-5-300x225.jpg 300w\" sizes=\"auto, (max-width: 322px) 100vw, 322px\" \/><\/figure>\n\n\n\n<figure class=\"wp-block-image size-large\"><img loading=\"lazy\" decoding=\"async\" width=\"322\" height=\"242\" data-id=\"802\" src=\"https:\/\/fredt.eu\/notes\/wp-content\/uploads\/2012-11-30-lacher-de-poissons-dans-les-etangs-6.jpg\" alt=\"\" class=\"wp-image-802\" srcset=\"https:\/\/fredt.eu\/notes\/wp-content\/uploads\/2012-11-30-lacher-de-poissons-dans-les-etangs-6.jpg 322w, https:\/\/fredt.eu\/notes\/wp-content\/uploads\/2012-11-30-lacher-de-poissons-dans-les-etangs-6-300x225.jpg 300w\" sizes=\"auto, (max-width: 322px) 100vw, 322px\" \/><\/figure>\n<\/figure>\n\n\n\n<p>Mise \u00e0 l&rsquo;eau<br>Attention, c&rsquo;est un malin ! Ce n&rsquo;est pas une prise, mais une mise a l&rsquo;eau !<\/p>\n\n\n\n<h2 class=\"wp-block-heading\">Mars 2013<\/h2>\n\n\n\n<p>Ce vendredi 01 mars 2013, l\u2019AAPPMA \u00ab Les amis de la haute Br\u00e9venne \u00bb a r\u00e9alis\u00e9 le l\u00e2cher de truite annuel. Ainsi, environ 300 Kg de truites Fario ont \u00e9t\u00e9 l\u00e2ch\u00e9s sur les rivi\u00e8res de la Br\u00e9venne , l\u2019 Orgeole et la Thoranche , et 60 Kg de truites Arc en ciel sur les \u00e9tangs Jomard , Varagnat et Le Noyer . Le bureau de l\u2019AAPPMA remercie les p\u00eacheurs pour leur participation \u00e0 ce l\u00e2cher de poissons. Pour ce samedi 9 mars, que ce soit en \u00e9tang ou en rivi\u00e8re, nous vous souhaitons une agr\u00e9able et poissonneuse ouverture de la p\u00eache !<\/p>\n\n\n\n<p><\/p>\n\n\n\n<figure class=\"wp-block-gallery has-nested-images columns-default is-cropped wp-block-gallery-3 is-layout-flex wp-block-gallery-is-layout-flex\">\n<figure class=\"wp-block-image size-large\"><img loading=\"lazy\" decoding=\"async\" width=\"999\" height=\"751\" data-id=\"865\" src=\"https:\/\/fredt.eu\/notes\/wp-content\/uploads\/lacher-poissons-ouverture-15804608460044613790.jpg\" alt=\"\" class=\"wp-image-865\" srcset=\"https:\/\/fredt.eu\/notes\/wp-content\/uploads\/lacher-poissons-ouverture-15804608460044613790.jpg 999w, https:\/\/fredt.eu\/notes\/wp-content\/uploads\/lacher-poissons-ouverture-15804608460044613790-300x226.jpg 300w, https:\/\/fredt.eu\/notes\/wp-content\/uploads\/lacher-poissons-ouverture-15804608460044613790-768x577.jpg 768w\" sizes=\"auto, (max-width: 999px) 100vw, 999px\" \/><\/figure>\n\n\n\n<figure class=\"wp-block-image size-large\"><img loading=\"lazy\" decoding=\"async\" width=\"999\" height=\"751\" data-id=\"863\" src=\"https:\/\/fredt.eu\/notes\/wp-content\/uploads\/lacher-poissons-ouverture-2679104689584855297.jpg\" alt=\"\" class=\"wp-image-863\" srcset=\"https:\/\/fredt.eu\/notes\/wp-content\/uploads\/lacher-poissons-ouverture-2679104689584855297.jpg 999w, https:\/\/fredt.eu\/notes\/wp-content\/uploads\/lacher-poissons-ouverture-2679104689584855297-300x226.jpg 300w, https:\/\/fredt.eu\/notes\/wp-content\/uploads\/lacher-poissons-ouverture-2679104689584855297-768x577.jpg 768w\" sizes=\"auto, (max-width: 999px) 100vw, 999px\" \/><\/figure>\n\n\n\n<figure class=\"wp-block-image size-large\"><img loading=\"lazy\" decoding=\"async\" width=\"999\" height=\"751\" data-id=\"862\" src=\"https:\/\/fredt.eu\/notes\/wp-content\/uploads\/lacher-poissons-ouverture-3456689681597363235.jpg\" alt=\"\" class=\"wp-image-862\" srcset=\"https:\/\/fredt.eu\/notes\/wp-content\/uploads\/lacher-poissons-ouverture-3456689681597363235.jpg 999w, https:\/\/fredt.eu\/notes\/wp-content\/uploads\/lacher-poissons-ouverture-3456689681597363235-300x226.jpg 300w, https:\/\/fredt.eu\/notes\/wp-content\/uploads\/lacher-poissons-ouverture-3456689681597363235-768x577.jpg 768w\" sizes=\"auto, (max-width: 999px) 100vw, 999px\" \/><\/figure>\n\n\n\n<figure class=\"wp-block-image size-large\"><img loading=\"lazy\" decoding=\"async\" width=\"999\" height=\"751\" data-id=\"867\" src=\"https:\/\/fredt.eu\/notes\/wp-content\/uploads\/lacher-poissons-ouverture-45055041244599180123.jpg\" alt=\"\" class=\"wp-image-867\" srcset=\"https:\/\/fredt.eu\/notes\/wp-content\/uploads\/lacher-poissons-ouverture-45055041244599180123.jpg 999w, https:\/\/fredt.eu\/notes\/wp-content\/uploads\/lacher-poissons-ouverture-45055041244599180123-300x226.jpg 300w, https:\/\/fredt.eu\/notes\/wp-content\/uploads\/lacher-poissons-ouverture-45055041244599180123-768x577.jpg 768w\" sizes=\"auto, (max-width: 999px) 100vw, 999px\" \/><\/figure>\n\n\n\n<figure class=\"wp-block-image size-large\"><img loading=\"lazy\" decoding=\"async\" width=\"999\" height=\"751\" data-id=\"864\" src=\"https:\/\/fredt.eu\/notes\/wp-content\/uploads\/lacher-poissons-ouverture-58525881395048415827.jpg\" alt=\"\" class=\"wp-image-864\" srcset=\"https:\/\/fredt.eu\/notes\/wp-content\/uploads\/lacher-poissons-ouverture-58525881395048415827.jpg 999w, https:\/\/fredt.eu\/notes\/wp-content\/uploads\/lacher-poissons-ouverture-58525881395048415827-300x226.jpg 300w, https:\/\/fredt.eu\/notes\/wp-content\/uploads\/lacher-poissons-ouverture-58525881395048415827-768x577.jpg 768w\" sizes=\"auto, (max-width: 999px) 100vw, 999px\" \/><\/figure>\n\n\n\n<figure class=\"wp-block-image size-large\"><img loading=\"lazy\" decoding=\"async\" width=\"999\" height=\"751\" data-id=\"866\" src=\"https:\/\/fredt.eu\/notes\/wp-content\/uploads\/lacher-poissons-ouverture-67494480526166589537.jpg\" alt=\"\" class=\"wp-image-866\" srcset=\"https:\/\/fredt.eu\/notes\/wp-content\/uploads\/lacher-poissons-ouverture-67494480526166589537.jpg 999w, https:\/\/fredt.eu\/notes\/wp-content\/uploads\/lacher-poissons-ouverture-67494480526166589537-300x226.jpg 300w, https:\/\/fredt.eu\/notes\/wp-content\/uploads\/lacher-poissons-ouverture-67494480526166589537-768x577.jpg 768w\" sizes=\"auto, (max-width: 999px) 100vw, 999px\" \/><\/figure>\n<\/figure>\n\n\n\n<p>Bonne p\u00eache \u00e0 tous !<\/p>\n","protected":false},"excerpt":{"rendered":"<p>L\u2019ouverture 2012 de la truite en rivi\u00e8re de premi\u00e8re cat\u00e9gorie, c\u2019est samedi 10 mars. Le lever du soleil, annonc\u00e9 pour la r\u00e9gion de Lyon est 7H02. D\u00e8s ce jour tr\u00e8s attendu, vous pouvez mettre votre ligne \u00e0 l\u2019eau une demi-heure avant le lever du jour. Pour le d\u00e9partement du Rh\u00f4ne, la maille est fix\u00e9e \u00e0 [&hellip;]<\/p>\n","protected":false},"author":1,"featured_media":797,"comment_status":"open","ping_status":"open","sticky":false,"template":"","format":"standard","meta":{"slim_seo":{"title":"L\u00e2cher de poissons et ouvertures - FredT Notes","description":"L\u2019ouverture 2012 de la truite en rivi\u00e8re de premi\u00e8re cat\u00e9gorie, c\u2019est samedi 10 mars. Le lever du soleil, annonc\u00e9 pour la r\u00e9gion de Lyon est 7H02. D\u00e8s ce jour t"},"footnotes":""},"categories":[84,4],"tags":[15,110,55,13,12,108,109,90,105,89],"class_list":["post-796","post","type-post","status-publish","format-standard","has-post-thumbnail","hentry","category-aappma-ste-foy","category-peche","tag-aappma","tag-brochet","tag-carpe","tag-etang","tag-gardon","tag-riviere","tag-ruisseau","tag-safari","tag-tanche","tag-truite"],"_links":{"self":[{"href":"https:\/\/fredt.eu\/notes\/wp-json\/wp\/v2\/posts\/796","targetHints":{"allow":["GET"]}}],"collection":[{"href":"https:\/\/fredt.eu\/notes\/wp-json\/wp\/v2\/posts"}],"about":[{"href":"https:\/\/fredt.eu\/notes\/wp-json\/wp\/v2\/types\/post"}],"author":[{"embeddable":true,"href":"https:\/\/fredt.eu\/notes\/wp-json\/wp\/v2\/users\/1"}],"replies":[{"embeddable":true,"href":"https:\/\/fredt.eu\/notes\/wp-json\/wp\/v2\/comments?post=796"}],"version-history":[{"count":4,"href":"https:\/\/fredt.eu\/notes\/wp-json\/wp\/v2\/posts\/796\/revisions"}],"predecessor-version":[{"id":869,"href":"https:\/\/fredt.eu\/notes\/wp-json\/wp\/v2\/posts\/796\/revisions\/869"}],"wp:featuredmedia":[{"embeddable":true,"href":"https:\/\/fredt.eu\/notes\/wp-json\/wp\/v2\/media\/797"}],"wp:attachment":[{"href":"https:\/\/fredt.eu\/notes\/wp-json\/wp\/v2\/media?parent=796"}],"wp:term":[{"taxonomy":"category","embeddable":true,"href":"https:\/\/fredt.eu\/notes\/wp-json\/wp\/v2\/categories?post=796"},{"taxonomy":"post_tag","embeddable":true,"href":"https:\/\/fredt.eu\/notes\/wp-json\/wp\/v2\/tags?post=796"}],"curies":[{"name":"wp","href":"https:\/\/api.w.org\/{rel}","templated":true}]}}