{"id":717,"date":"2009-08-26T21:16:32","date_gmt":"2009-08-26T19:16:32","guid":{"rendered":"https:\/\/fredt.eu\/notes\/?p=717"},"modified":"2025-03-20T17:48:32","modified_gmt":"2025-03-20T16:48:32","slug":"creation-balustrade-de-chateau","status":"publish","type":"post","link":"https:\/\/fredt.eu\/notes\/conception\/creation\/creation-balustrade-de-chateau\/","title":{"rendered":"Cr\u00e9ation d&rsquo;une Balustrade de Ch\u00e2teau : De l&rsquo;Id\u00e9e \u00e0 la R\u00e9alisation"},"content":{"rendered":"\n<p>Je trouvais cette vieille barri\u00e8re vraiment horrible. <\/p>\n\n\n\n<figure class=\"wp-block-image size-large\"><img loading=\"lazy\" decoding=\"async\" width=\"1024\" height=\"346\" src=\"https:\/\/fredt.eu\/notes\/wp-content\/uploads\/2009\/02\/barriere-1024x346.jpg\" alt=\"\" class=\"wp-image-1175\" srcset=\"https:\/\/fredt.eu\/notes\/wp-content\/uploads\/2009\/02\/barriere-1024x346.jpg 1024w, https:\/\/fredt.eu\/notes\/wp-content\/uploads\/2009\/02\/barriere-300x101.jpg 300w, https:\/\/fredt.eu\/notes\/wp-content\/uploads\/2009\/02\/barriere-768x260.jpg 768w, https:\/\/fredt.eu\/notes\/wp-content\/uploads\/2009\/02\/barriere-60x20.jpg 60w, https:\/\/fredt.eu\/notes\/wp-content\/uploads\/2009\/02\/barriere.jpg 1280w\" sizes=\"auto, (max-width: 1024px) 100vw, 1024px\" \/><\/figure>\n\n\n\n<p>Le grillage n&rsquo;\u00e9tait pas droit, parfois pr\u00e8s du mur, parfois en retrait. Elle d\u00e9limitait un tr\u00e8s vieux mur de sout\u00e8nement en pierre, dont la hauteur variait entre 2 et 4 m\u00e8tres. Le dessus du mur s\u2019effritait, et les joints des pierres \u00e9taient \u00e0 refaire.<\/p>\n\n\n\n<figure class=\"wp-block-image size-full\"><img loading=\"lazy\" decoding=\"async\" width=\"1024\" height=\"478\" src=\"https:\/\/fredt.eu\/notes\/wp-content\/uploads\/2009\/02\/projet-balustrade-fin-2.jpg\" alt=\"\" class=\"wp-image-1173\" srcset=\"https:\/\/fredt.eu\/notes\/wp-content\/uploads\/2009\/02\/projet-balustrade-fin-2.jpg 1024w, https:\/\/fredt.eu\/notes\/wp-content\/uploads\/2009\/02\/projet-balustrade-fin-2-300x140.jpg 300w, https:\/\/fredt.eu\/notes\/wp-content\/uploads\/2009\/02\/projet-balustrade-fin-2-768x359.jpg 768w, https:\/\/fredt.eu\/notes\/wp-content\/uploads\/2009\/02\/projet-balustrade-fin-2-60x28.jpg 60w\" sizes=\"auto, (max-width: 1024px) 100vw, 1024px\" \/><\/figure>\n\n\n\n<p>Dans un coin de la parcelle, une section du mur s\u2019\u00e9tait \u00e9croul\u00e9e depuis de nombreuses ann\u00e9es. Ce morceau de terrain, transform\u00e9 en talus pentu, \u00e9tait inutilisable. <a href=\"\/notes\/conception\/preparation-avant-linstallation-de-la-balustrade\/\">Il m\u00e9ritait d\u2019\u00eatre refait<\/a>.<\/p>\n\n\n\n<figure class=\"wp-block-image aligncenter size-full\"><img loading=\"lazy\" decoding=\"async\" width=\"360\" height=\"192\" src=\"https:\/\/fredt.eu\/notes\/wp-content\/uploads\/2009\/02\/schema-etude-calcul-balustrade.jpg\" alt=\"\" class=\"wp-image-1176\" srcset=\"https:\/\/fredt.eu\/notes\/wp-content\/uploads\/2009\/02\/schema-etude-calcul-balustrade.jpg 360w, https:\/\/fredt.eu\/notes\/wp-content\/uploads\/2009\/02\/schema-etude-calcul-balustrade-300x160.jpg 300w, https:\/\/fredt.eu\/notes\/wp-content\/uploads\/2009\/02\/schema-etude-calcul-balustrade-60x32.jpg 60w\" sizes=\"auto, (max-width: 360px) 100vw, 360px\" \/><\/figure>\n\n\n\n<p>L\u2019id\u00e9e a commenc\u00e9 \u00e0 germer dans mon esprit. Je r\u00eavais d\u2019une balustrade en ciment, \u00e0 la fois esth\u00e9tique et robuste. Je me suis alors lanc\u00e9 dans l\u2019\u00e9tude du nombre de balustres n\u00e9cessaires, des m\u00e8tres lin\u00e9aires de la lice basse et de la lice haute.<\/p>\n\n\n\n<figure class=\"wp-block-image size-large\"><img loading=\"lazy\" decoding=\"async\" width=\"1024\" height=\"450\" src=\"https:\/\/fredt.eu\/notes\/wp-content\/uploads\/2009\/02\/projet-balustrade-fin-1-1024x450.jpg\" alt=\"\" class=\"wp-image-1172\" srcset=\"https:\/\/fredt.eu\/notes\/wp-content\/uploads\/2009\/02\/projet-balustrade-fin-1-1024x450.jpg 1024w, https:\/\/fredt.eu\/notes\/wp-content\/uploads\/2009\/02\/projet-balustrade-fin-1-300x132.jpg 300w, https:\/\/fredt.eu\/notes\/wp-content\/uploads\/2009\/02\/projet-balustrade-fin-1-768x337.jpg 768w, https:\/\/fredt.eu\/notes\/wp-content\/uploads\/2009\/02\/projet-balustrade-fin-1-60x26.jpg 60w, https:\/\/fredt.eu\/notes\/wp-content\/uploads\/2009\/02\/projet-balustrade-fin-1.jpg 1280w\" sizes=\"auto, (max-width: 1024px) 100vw, 1024px\" \/><\/figure>\n\n\n\n<p>Le co\u00fbt total \u00e9tait cons\u00e9quent, bien au-del\u00e0 de mon budget, m\u00eame en achetant uniquement les mat\u00e9riaux.<\/p>\n\n\n\n<figure class=\"wp-block-image size-full\"><img loading=\"lazy\" decoding=\"async\" width=\"1024\" height=\"553\" src=\"https:\/\/fredt.eu\/notes\/wp-content\/uploads\/2009\/02\/projet-balustrade-fin-3.jpg\" alt=\"\" class=\"wp-image-1174\" srcset=\"https:\/\/fredt.eu\/notes\/wp-content\/uploads\/2009\/02\/projet-balustrade-fin-3.jpg 1024w, https:\/\/fredt.eu\/notes\/wp-content\/uploads\/2009\/02\/projet-balustrade-fin-3-300x162.jpg 300w, https:\/\/fredt.eu\/notes\/wp-content\/uploads\/2009\/02\/projet-balustrade-fin-3-768x415.jpg 768w, https:\/\/fredt.eu\/notes\/wp-content\/uploads\/2009\/02\/projet-balustrade-fin-3-60x32.jpg 60w\" sizes=\"auto, (max-width: 1024px) 100vw, 1024px\" \/><\/figure>\n\n\n\n<p>J\u2019ai donc d\u00e9cid\u00e9 de tout faire moi-m\u00eame : <a href=\"\/notes\/conception\/creation\/creation-des-balustres-techniques-et-conseils-pratiques\/\">fabriquer mes propres balustres<\/a> \u00e0 l\u2019aide de moules achet\u00e9s dans le commerce, puis construire les <a href=\"\/notes\/conception\/creation\/piliers-de-balustrade-sur-mesure\/\">piliers<\/a>, la <a href=\"\/notes\/conception\/creation\/fabrication-dune-lice-basse-robustesse-et-precision\/\">lice basse<\/a> et la <a href=\"\/notes\/conception\/creation\/fabrication-dune-main-courante-en-beton\/\">main courante<\/a> avec des moules faits maison.<\/p>\n\n\n\n<figure class=\"wp-block-image size-full\"><img loading=\"lazy\" decoding=\"async\" width=\"1024\" height=\"555\" src=\"https:\/\/fredt.eu\/notes\/wp-content\/uploads\/2009\/08\/2010-16-mars.jpg\" alt=\"\" class=\"wp-image-1309\" srcset=\"https:\/\/fredt.eu\/notes\/wp-content\/uploads\/2009\/08\/2010-16-mars.jpg 1024w, https:\/\/fredt.eu\/notes\/wp-content\/uploads\/2009\/08\/2010-16-mars-300x163.jpg 300w, https:\/\/fredt.eu\/notes\/wp-content\/uploads\/2009\/08\/2010-16-mars-768x416.jpg 768w, https:\/\/fredt.eu\/notes\/wp-content\/uploads\/2009\/08\/2010-16-mars-60x33.jpg 60w\" sizes=\"auto, (max-width: 1024px) 100vw, 1024px\" \/><\/figure>\n\n\n\n<p>Un barbecue sur mesure trouve naturellement sa place au milieu de la balustrade: <a href=\"\/notes\/conception\/creation\/barbecue-maison\/\">d\u00e9tail de la conception et de la fabrication<\/a>.<\/p>\n","protected":false},"excerpt":{"rendered":"<p>Je trouvais cette vieille barri\u00e8re vraiment horrible. Le grillage n&rsquo;\u00e9tait pas droit, parfois pr\u00e8s du mur, parfois en retrait. Elle d\u00e9limitait un tr\u00e8s vieux mur de sout\u00e8nement en pierre, dont la hauteur variait entre 2 et 4 m\u00e8tres. Le dessus du mur s\u2019effritait, et les joints des pierres \u00e9taient \u00e0 refaire. Dans un coin de [&hellip;]<\/p>\n","protected":false},"author":1,"featured_media":1174,"comment_status":"open","ping_status":"open","sticky":false,"template":"","format":"standard","meta":{"slim_seo":{"title":"Cr\u00e9ation d'une Balustrade de Ch\u00e2teau : De l'Id\u00e9e \u00e0 la R\u00e9alisation - FredT Notes","description":"Je trouvais cette vieille barri\u00e8re vraiment horrible. Le grillage n'\u00e9tait pas droit, parfois pr\u00e8s du mur, parfois en retrait. Elle d\u00e9limitait un tr\u00e8s vieux mur"},"footnotes":""},"categories":[129,8],"tags":[139,149,145,164,166,168,161,167,163,169,165,162],"class_list":["post-717","post","type-post","status-publish","format-standard","has-post-thumbnail","hentry","category-conception","category-creation","tag-balustrade","tag-balustres","tag-ciment","tag-conception-artisanale","tag-creation-sur-mesure","tag-diy-do-it-yourself","tag-esthetique-et-robustesse","tag-lice-basse-et-haute","tag-moules-faits-maison","tag-mur-de-soutenement","tag-realisation-de-piliers","tag-renovation"],"_links":{"self":[{"href":"https:\/\/fredt.eu\/notes\/wp-json\/wp\/v2\/posts\/717","targetHints":{"allow":["GET"]}}],"collection":[{"href":"https:\/\/fredt.eu\/notes\/wp-json\/wp\/v2\/posts"}],"about":[{"href":"https:\/\/fredt.eu\/notes\/wp-json\/wp\/v2\/types\/post"}],"author":[{"embeddable":true,"href":"https:\/\/fredt.eu\/notes\/wp-json\/wp\/v2\/users\/1"}],"replies":[{"embeddable":true,"href":"https:\/\/fredt.eu\/notes\/wp-json\/wp\/v2\/comments?post=717"}],"version-history":[{"count":10,"href":"https:\/\/fredt.eu\/notes\/wp-json\/wp\/v2\/posts\/717\/revisions"}],"predecessor-version":[{"id":1310,"href":"https:\/\/fredt.eu\/notes\/wp-json\/wp\/v2\/posts\/717\/revisions\/1310"}],"wp:featuredmedia":[{"embeddable":true,"href":"https:\/\/fredt.eu\/notes\/wp-json\/wp\/v2\/media\/1174"}],"wp:attachment":[{"href":"https:\/\/fredt.eu\/notes\/wp-json\/wp\/v2\/media?parent=717"}],"wp:term":[{"taxonomy":"category","embeddable":true,"href":"https:\/\/fredt.eu\/notes\/wp-json\/wp\/v2\/categories?post=717"},{"taxonomy":"post_tag","embeddable":true,"href":"https:\/\/fredt.eu\/notes\/wp-json\/wp\/v2\/tags?post=717"}],"curies":[{"name":"wp","href":"https:\/\/api.w.org\/{rel}","templated":true}]}}