{"id":715,"date":"2009-08-15T21:10:55","date_gmt":"2009-08-15T19:10:55","guid":{"rendered":"https:\/\/fredt.eu\/notes\/?p=715"},"modified":"2025-03-20T18:31:55","modified_gmt":"2025-03-20T17:31:55","slug":"barbecue-maison","status":"publish","type":"post","link":"https:\/\/fredt.eu\/notes\/conception\/creation\/barbecue-maison\/","title":{"rendered":"Fabrication d&rsquo;un barbecue maison"},"content":{"rendered":"\n<figure class=\"wp-block-gallery has-nested-images columns-default is-cropped wp-block-gallery-1 is-layout-flex wp-block-gallery-is-layout-flex\">\n<figure class=\"wp-block-image size-large\"><img loading=\"lazy\" decoding=\"async\" width=\"967\" height=\"967\" data-id=\"1113\" src=\"https:\/\/fredt.eu\/notes\/wp-content\/uploads\/2009\/08\/barbecue-termine-1.jpg\" alt=\"\" class=\"wp-image-1113\" srcset=\"https:\/\/fredt.eu\/notes\/wp-content\/uploads\/2009\/08\/barbecue-termine-1.jpg 967w, https:\/\/fredt.eu\/notes\/wp-content\/uploads\/2009\/08\/barbecue-termine-1-300x300.jpg 300w, https:\/\/fredt.eu\/notes\/wp-content\/uploads\/2009\/08\/barbecue-termine-1-150x150.jpg 150w, https:\/\/fredt.eu\/notes\/wp-content\/uploads\/2009\/08\/barbecue-termine-1-768x768.jpg 768w, https:\/\/fredt.eu\/notes\/wp-content\/uploads\/2009\/08\/barbecue-termine-1-60x60.jpg 60w\" sizes=\"auto, (max-width: 967px) 100vw, 967px\" \/><\/figure>\n\n\n\n<figure class=\"wp-block-image size-large\"><img loading=\"lazy\" decoding=\"async\" width=\"843\" height=\"1024\" data-id=\"1112\" src=\"https:\/\/fredt.eu\/notes\/wp-content\/uploads\/2009\/08\/barbecue-termine-2.jpg\" alt=\"\" class=\"wp-image-1112\" srcset=\"https:\/\/fredt.eu\/notes\/wp-content\/uploads\/2009\/08\/barbecue-termine-2.jpg 843w, https:\/\/fredt.eu\/notes\/wp-content\/uploads\/2009\/08\/barbecue-termine-2-247x300.jpg 247w, https:\/\/fredt.eu\/notes\/wp-content\/uploads\/2009\/08\/barbecue-termine-2-768x933.jpg 768w, https:\/\/fredt.eu\/notes\/wp-content\/uploads\/2009\/08\/barbecue-termine-2-49x60.jpg 49w\" sizes=\"auto, (max-width: 843px) 100vw, 843px\" \/><\/figure>\n<\/figure>\n\n\n\n<p>Pour la conception de mon barbecue, j&rsquo;ai d&rsquo;abord rassembl\u00e9 diff\u00e9rentes photos de mod\u00e8les qui me plaisaient, trouv\u00e9es sur des sites de magasins de bricolage et de mat\u00e9riaux. En les mettant c\u00f4te \u00e0 c\u00f4te, j&rsquo;ai cr\u00e9\u00e9 un amalgame des \u00e9l\u00e9ments que j&rsquo;appr\u00e9ciais le plus, notamment pour la forme de la toiture, du foyer et de la tablette, tout en veillant \u00e0 ce que la fabrication reste simple. J&rsquo;ai \u00e9galement pris en compte les composants que j&rsquo;avais en stock pour optimiser les mat\u00e9riaux.<\/p>\n\n\n\n<figure class=\"wp-block-gallery has-nested-images columns-default is-cropped wp-block-gallery-2 is-layout-flex wp-block-gallery-is-layout-flex\">\n<figure class=\"wp-block-image size-large\"><img loading=\"lazy\" decoding=\"async\" width=\"1024\" height=\"1024\" data-id=\"1114\" src=\"https:\/\/fredt.eu\/notes\/wp-content\/uploads\/2009\/08\/2009-04-25.jpg\" alt=\"\" class=\"wp-image-1114\" srcset=\"https:\/\/fredt.eu\/notes\/wp-content\/uploads\/2009\/08\/2009-04-25.jpg 1024w, https:\/\/fredt.eu\/notes\/wp-content\/uploads\/2009\/08\/2009-04-25-300x300.jpg 300w, https:\/\/fredt.eu\/notes\/wp-content\/uploads\/2009\/08\/2009-04-25-150x150.jpg 150w, https:\/\/fredt.eu\/notes\/wp-content\/uploads\/2009\/08\/2009-04-25-768x768.jpg 768w, https:\/\/fredt.eu\/notes\/wp-content\/uploads\/2009\/08\/2009-04-25-60x60.jpg 60w\" sizes=\"auto, (max-width: 1024px) 100vw, 1024px\" \/><\/figure>\n\n\n\n<figure class=\"wp-block-image size-large\"><img loading=\"lazy\" decoding=\"async\" width=\"1024\" height=\"1024\" data-id=\"1115\" src=\"https:\/\/fredt.eu\/notes\/wp-content\/uploads\/2009\/08\/coffrage-table.jpg\" alt=\"\" class=\"wp-image-1115\" srcset=\"https:\/\/fredt.eu\/notes\/wp-content\/uploads\/2009\/08\/coffrage-table.jpg 1024w, https:\/\/fredt.eu\/notes\/wp-content\/uploads\/2009\/08\/coffrage-table-300x300.jpg 300w, https:\/\/fredt.eu\/notes\/wp-content\/uploads\/2009\/08\/coffrage-table-150x150.jpg 150w, https:\/\/fredt.eu\/notes\/wp-content\/uploads\/2009\/08\/coffrage-table-768x768.jpg 768w, https:\/\/fredt.eu\/notes\/wp-content\/uploads\/2009\/08\/coffrage-table-60x60.jpg 60w\" sizes=\"auto, (max-width: 1024px) 100vw, 1024px\" \/><\/figure>\n\n\n\n<figure class=\"wp-block-image size-large\"><img loading=\"lazy\" decoding=\"async\" width=\"1024\" height=\"1024\" data-id=\"1116\" src=\"https:\/\/fredt.eu\/notes\/wp-content\/uploads\/2009\/08\/coffrage-table-remplissage.jpg\" alt=\"\" class=\"wp-image-1116\" srcset=\"https:\/\/fredt.eu\/notes\/wp-content\/uploads\/2009\/08\/coffrage-table-remplissage.jpg 1024w, https:\/\/fredt.eu\/notes\/wp-content\/uploads\/2009\/08\/coffrage-table-remplissage-300x300.jpg 300w, https:\/\/fredt.eu\/notes\/wp-content\/uploads\/2009\/08\/coffrage-table-remplissage-150x150.jpg 150w, https:\/\/fredt.eu\/notes\/wp-content\/uploads\/2009\/08\/coffrage-table-remplissage-768x768.jpg 768w, https:\/\/fredt.eu\/notes\/wp-content\/uploads\/2009\/08\/coffrage-table-remplissage-60x60.jpg 60w\" sizes=\"auto, (max-width: 1024px) 100vw, 1024px\" \/><\/figure>\n<\/figure>\n\n\n\n<p>Le barbecue sera encastr\u00e9 dans <a href=\"\/notes\/conception\/creation\/creation-balustrade-de-chateau\/\">la balustrade<\/a>. J&rsquo;appr\u00e9cie la solidit\u00e9, c&rsquo;est pourquoi j&rsquo;ai choisi de commencer avec trois rang\u00e9es de parpaings de 10 cm. La tablette est coul\u00e9e dans la masse pour plus de robustesse.<\/p>\n\n\n\n<figure class=\"wp-block-gallery has-nested-images columns-default is-cropped wp-block-gallery-3 is-layout-flex wp-block-gallery-is-layout-flex\">\n<figure class=\"wp-block-image size-large\"><img loading=\"lazy\" decoding=\"async\" width=\"1024\" height=\"1024\" data-id=\"1117\" src=\"https:\/\/fredt.eu\/notes\/wp-content\/uploads\/2009\/08\/barbecue-foyer-mardi-19-mai.jpg\" alt=\"\" class=\"wp-image-1117\" srcset=\"https:\/\/fredt.eu\/notes\/wp-content\/uploads\/2009\/08\/barbecue-foyer-mardi-19-mai.jpg 1024w, https:\/\/fredt.eu\/notes\/wp-content\/uploads\/2009\/08\/barbecue-foyer-mardi-19-mai-300x300.jpg 300w, https:\/\/fredt.eu\/notes\/wp-content\/uploads\/2009\/08\/barbecue-foyer-mardi-19-mai-150x150.jpg 150w, https:\/\/fredt.eu\/notes\/wp-content\/uploads\/2009\/08\/barbecue-foyer-mardi-19-mai-768x768.jpg 768w, https:\/\/fredt.eu\/notes\/wp-content\/uploads\/2009\/08\/barbecue-foyer-mardi-19-mai-60x60.jpg 60w\" sizes=\"auto, (max-width: 1024px) 100vw, 1024px\" \/><\/figure>\n\n\n\n<figure class=\"wp-block-image size-large\"><img loading=\"lazy\" decoding=\"async\" width=\"1024\" height=\"1024\" data-id=\"1118\" src=\"https:\/\/fredt.eu\/notes\/wp-content\/uploads\/2009\/08\/mardi-19-mai-7.jpg\" alt=\"\" class=\"wp-image-1118\" srcset=\"https:\/\/fredt.eu\/notes\/wp-content\/uploads\/2009\/08\/mardi-19-mai-7.jpg 1024w, https:\/\/fredt.eu\/notes\/wp-content\/uploads\/2009\/08\/mardi-19-mai-7-300x300.jpg 300w, https:\/\/fredt.eu\/notes\/wp-content\/uploads\/2009\/08\/mardi-19-mai-7-150x150.jpg 150w, https:\/\/fredt.eu\/notes\/wp-content\/uploads\/2009\/08\/mardi-19-mai-7-768x768.jpg 768w, https:\/\/fredt.eu\/notes\/wp-content\/uploads\/2009\/08\/mardi-19-mai-7-60x60.jpg 60w\" sizes=\"auto, (max-width: 1024px) 100vw, 1024px\" \/><\/figure>\n<\/figure>\n\n\n\n<p>Le bas du foyer et les trois c\u00f4t\u00e9s sont r\u00e9alis\u00e9s en briques r\u00e9fractaires, coll\u00e9es avec du ciment r\u00e9fractaire.<\/p>\n\n\n\n<figure class=\"wp-block-gallery has-nested-images columns-default is-cropped wp-block-gallery-4 is-layout-flex wp-block-gallery-is-layout-flex\">\n<figure class=\"wp-block-image size-large\"><img loading=\"lazy\" decoding=\"async\" width=\"424\" height=\"424\" data-id=\"1120\" src=\"https:\/\/fredt.eu\/notes\/wp-content\/uploads\/2009\/08\/arrondi-brique-coffrage-sable-polystyrene.jpg\" alt=\"\" class=\"wp-image-1120\" srcset=\"https:\/\/fredt.eu\/notes\/wp-content\/uploads\/2009\/08\/arrondi-brique-coffrage-sable-polystyrene.jpg 424w, https:\/\/fredt.eu\/notes\/wp-content\/uploads\/2009\/08\/arrondi-brique-coffrage-sable-polystyrene-300x300.jpg 300w, https:\/\/fredt.eu\/notes\/wp-content\/uploads\/2009\/08\/arrondi-brique-coffrage-sable-polystyrene-150x150.jpg 150w, https:\/\/fredt.eu\/notes\/wp-content\/uploads\/2009\/08\/arrondi-brique-coffrage-sable-polystyrene-60x60.jpg 60w\" sizes=\"auto, (max-width: 424px) 100vw, 424px\" \/><\/figure>\n\n\n\n<figure class=\"wp-block-image size-large\"><img loading=\"lazy\" decoding=\"async\" width=\"1024\" height=\"1024\" data-id=\"1121\" src=\"https:\/\/fredt.eu\/notes\/wp-content\/uploads\/2009\/08\/arrondi-brique-joint-ciment-refractaire.jpg\" alt=\"\" class=\"wp-image-1121\" srcset=\"https:\/\/fredt.eu\/notes\/wp-content\/uploads\/2009\/08\/arrondi-brique-joint-ciment-refractaire.jpg 1024w, https:\/\/fredt.eu\/notes\/wp-content\/uploads\/2009\/08\/arrondi-brique-joint-ciment-refractaire-300x300.jpg 300w, https:\/\/fredt.eu\/notes\/wp-content\/uploads\/2009\/08\/arrondi-brique-joint-ciment-refractaire-150x150.jpg 150w, https:\/\/fredt.eu\/notes\/wp-content\/uploads\/2009\/08\/arrondi-brique-joint-ciment-refractaire-768x768.jpg 768w, https:\/\/fredt.eu\/notes\/wp-content\/uploads\/2009\/08\/arrondi-brique-joint-ciment-refractaire-60x60.jpg 60w\" sizes=\"auto, (max-width: 1024px) 100vw, 1024px\" \/><\/figure>\n<\/figure>\n\n\n\n<p>Pour cr\u00e9er l&rsquo;arrondi, j&rsquo;ai utilis\u00e9 un coffrage compos\u00e9 d&rsquo;une planche fine de polystyr\u00e8ne et de sable mouill\u00e9 pour obtenir la forme souhait\u00e9e. <\/p>\n\n\n\n<figure class=\"wp-block-gallery has-nested-images columns-default is-cropped wp-block-gallery-5 is-layout-flex wp-block-gallery-is-layout-flex\">\n<figure class=\"wp-block-image size-large\"><img loading=\"lazy\" decoding=\"async\" width=\"1024\" height=\"1024\" data-id=\"1122\" src=\"https:\/\/fredt.eu\/notes\/wp-content\/uploads\/2009\/08\/arrondi-sechage.jpg\" alt=\"\" class=\"wp-image-1122\" srcset=\"https:\/\/fredt.eu\/notes\/wp-content\/uploads\/2009\/08\/arrondi-sechage.jpg 1024w, https:\/\/fredt.eu\/notes\/wp-content\/uploads\/2009\/08\/arrondi-sechage-300x300.jpg 300w, https:\/\/fredt.eu\/notes\/wp-content\/uploads\/2009\/08\/arrondi-sechage-150x150.jpg 150w, https:\/\/fredt.eu\/notes\/wp-content\/uploads\/2009\/08\/arrondi-sechage-768x768.jpg 768w, https:\/\/fredt.eu\/notes\/wp-content\/uploads\/2009\/08\/arrondi-sechage-60x60.jpg 60w\" sizes=\"auto, (max-width: 1024px) 100vw, 1024px\" \/><\/figure>\n\n\n\n<figure class=\"wp-block-image size-large\"><img loading=\"lazy\" decoding=\"async\" width=\"1024\" height=\"1024\" data-id=\"1123\" src=\"https:\/\/fredt.eu\/notes\/wp-content\/uploads\/2009\/08\/beton-cellulaire-refractaire.jpg\" alt=\"\" class=\"wp-image-1123\" srcset=\"https:\/\/fredt.eu\/notes\/wp-content\/uploads\/2009\/08\/beton-cellulaire-refractaire.jpg 1024w, https:\/\/fredt.eu\/notes\/wp-content\/uploads\/2009\/08\/beton-cellulaire-refractaire-300x300.jpg 300w, https:\/\/fredt.eu\/notes\/wp-content\/uploads\/2009\/08\/beton-cellulaire-refractaire-150x150.jpg 150w, https:\/\/fredt.eu\/notes\/wp-content\/uploads\/2009\/08\/beton-cellulaire-refractaire-768x768.jpg 768w, https:\/\/fredt.eu\/notes\/wp-content\/uploads\/2009\/08\/beton-cellulaire-refractaire-60x60.jpg 60w\" sizes=\"auto, (max-width: 1024px) 100vw, 1024px\" \/><\/figure>\n<\/figure>\n\n\n\n<p>La chemin\u00e9e est con\u00e7ue pour assurer un bon tirage. Pour faciliter la d\u00e9coupe des formes, elle est fabriqu\u00e9e en b\u00e9ton cellulaire, qui est r\u00e9sistant \u00e0 la chaleur.<\/p>\n\n\n\n<figure class=\"wp-block-gallery has-nested-images columns-default is-cropped wp-block-gallery-6 is-layout-flex wp-block-gallery-is-layout-flex\">\n<figure class=\"wp-block-image size-large\"><img loading=\"lazy\" decoding=\"async\" width=\"1024\" height=\"1024\" data-id=\"1126\" src=\"https:\/\/fredt.eu\/notes\/wp-content\/uploads\/2009\/08\/barbec-scellement-final-tuiles-2009.jpg\" alt=\"\" class=\"wp-image-1126\" srcset=\"https:\/\/fredt.eu\/notes\/wp-content\/uploads\/2009\/08\/barbec-scellement-final-tuiles-2009.jpg 1024w, https:\/\/fredt.eu\/notes\/wp-content\/uploads\/2009\/08\/barbec-scellement-final-tuiles-2009-300x300.jpg 300w, https:\/\/fredt.eu\/notes\/wp-content\/uploads\/2009\/08\/barbec-scellement-final-tuiles-2009-150x150.jpg 150w, https:\/\/fredt.eu\/notes\/wp-content\/uploads\/2009\/08\/barbec-scellement-final-tuiles-2009-768x768.jpg 768w, https:\/\/fredt.eu\/notes\/wp-content\/uploads\/2009\/08\/barbec-scellement-final-tuiles-2009-60x60.jpg 60w\" sizes=\"auto, (max-width: 1024px) 100vw, 1024px\" \/><\/figure>\n\n\n\n<figure class=\"wp-block-image size-large\"><img loading=\"lazy\" decoding=\"async\" width=\"418\" height=\"418\" data-id=\"1125\" src=\"https:\/\/fredt.eu\/notes\/wp-content\/uploads\/2009\/08\/barbecue-carrelage-tablette.jpg\" alt=\"\" class=\"wp-image-1125\" srcset=\"https:\/\/fredt.eu\/notes\/wp-content\/uploads\/2009\/08\/barbecue-carrelage-tablette.jpg 418w, https:\/\/fredt.eu\/notes\/wp-content\/uploads\/2009\/08\/barbecue-carrelage-tablette-300x300.jpg 300w, https:\/\/fredt.eu\/notes\/wp-content\/uploads\/2009\/08\/barbecue-carrelage-tablette-150x150.jpg 150w, https:\/\/fredt.eu\/notes\/wp-content\/uploads\/2009\/08\/barbecue-carrelage-tablette-60x60.jpg 60w\" sizes=\"auto, (max-width: 418px) 100vw, 418px\" \/><\/figure>\n<\/figure>\n\n\n\n<p>Enfin, l&rsquo;ensemble sera recouvert de tuiles, \u00e9galement r\u00e9sistantes \u00e0 la chaleur. La tablette sera carrel\u00e9e avec quelques restes de frises et de grands carreaux de marbre blanc tr\u00e8s lisse, ce qui facilitera le nettoyage. <\/p>\n\n\n\n<figure class=\"wp-block-image size-full\"><img loading=\"lazy\" decoding=\"async\" width=\"1024\" height=\"1024\" src=\"https:\/\/fredt.eu\/notes\/wp-content\/uploads\/2009\/08\/barbec-2.jpg\" alt=\"\" class=\"wp-image-1127\" srcset=\"https:\/\/fredt.eu\/notes\/wp-content\/uploads\/2009\/08\/barbec-2.jpg 1024w, https:\/\/fredt.eu\/notes\/wp-content\/uploads\/2009\/08\/barbec-2-300x300.jpg 300w, https:\/\/fredt.eu\/notes\/wp-content\/uploads\/2009\/08\/barbec-2-150x150.jpg 150w, https:\/\/fredt.eu\/notes\/wp-content\/uploads\/2009\/08\/barbec-2-768x768.jpg 768w, https:\/\/fredt.eu\/notes\/wp-content\/uploads\/2009\/08\/barbec-2-60x60.jpg 60w\" sizes=\"auto, (max-width: 1024px) 100vw, 1024px\" \/><\/figure>\n","protected":false},"excerpt":{"rendered":"<p>Pour la conception de mon barbecue, j&rsquo;ai d&rsquo;abord rassembl\u00e9 diff\u00e9rentes photos de mod\u00e8les qui me plaisaient, trouv\u00e9es sur des sites de magasins de bricolage et de mat\u00e9riaux. En les mettant c\u00f4te \u00e0 c\u00f4te, j&rsquo;ai cr\u00e9\u00e9 un amalgame des \u00e9l\u00e9ments que j&rsquo;appr\u00e9ciais le plus, notamment pour la forme de la toiture, du foyer et de la [&hellip;]<\/p>\n","protected":false},"author":1,"featured_media":1128,"comment_status":"open","ping_status":"open","sticky":false,"template":"","format":"standard","meta":{"slim_seo":{"title":"Fabrication d'un barbecue maison - FredT Notes","description":"Pour la conception de mon barbecue, j'ai d'abord rassembl\u00e9 diff\u00e9rentes photos de mod\u00e8les qui me plaisaient, trouv\u00e9es sur des sites de magasins de bricolage et d"},"footnotes":""},"categories":[129,8],"tags":[130,139,135,136,132,138,134,137,133,85,131],"class_list":["post-715","post","type-post","status-publish","format-standard","has-post-thumbnail","hentry","category-conception","category-creation","tag-arrondi","tag-balustrade","tag-barbecue","tag-beton","tag-carrelage","tag-coffrage","tag-foyer","tag-refractaire","tag-tablette","tag-travaux","tag-tuile"],"_links":{"self":[{"href":"https:\/\/fredt.eu\/notes\/wp-json\/wp\/v2\/posts\/715","targetHints":{"allow":["GET"]}}],"collection":[{"href":"https:\/\/fredt.eu\/notes\/wp-json\/wp\/v2\/posts"}],"about":[{"href":"https:\/\/fredt.eu\/notes\/wp-json\/wp\/v2\/types\/post"}],"author":[{"embeddable":true,"href":"https:\/\/fredt.eu\/notes\/wp-json\/wp\/v2\/users\/1"}],"replies":[{"embeddable":true,"href":"https:\/\/fredt.eu\/notes\/wp-json\/wp\/v2\/comments?post=715"}],"version-history":[{"count":9,"href":"https:\/\/fredt.eu\/notes\/wp-json\/wp\/v2\/posts\/715\/revisions"}],"predecessor-version":[{"id":1312,"href":"https:\/\/fredt.eu\/notes\/wp-json\/wp\/v2\/posts\/715\/revisions\/1312"}],"wp:featuredmedia":[{"embeddable":true,"href":"https:\/\/fredt.eu\/notes\/wp-json\/wp\/v2\/media\/1128"}],"wp:attachment":[{"href":"https:\/\/fredt.eu\/notes\/wp-json\/wp\/v2\/media?parent=715"}],"wp:term":[{"taxonomy":"category","embeddable":true,"href":"https:\/\/fredt.eu\/notes\/wp-json\/wp\/v2\/categories?post=715"},{"taxonomy":"post_tag","embeddable":true,"href":"https:\/\/fredt.eu\/notes\/wp-json\/wp\/v2\/tags?post=715"}],"curies":[{"name":"wp","href":"https:\/\/api.w.org\/{rel}","templated":true}]}}