{"id":701,"date":"2012-02-29T21:18:01","date_gmt":"2012-02-29T20:18:01","guid":{"rendered":"https:\/\/fredt.eu\/notes\/?p=701"},"modified":"2025-07-15T19:48:58","modified_gmt":"2025-07-15T17:48:58","slug":"parcours-aappma-ste-foy","status":"publish","type":"post","link":"https:\/\/fredt.eu\/notes\/peche\/parcours-aappma-ste-foy\/","title":{"rendered":"Parcours AAPPMA ste Foy"},"content":{"rendered":"\n<figure class=\"wp-block-image aligncenter size-full\"><img loading=\"lazy\" decoding=\"async\" width=\"400\" height=\"338\" src=\"https:\/\/fredt.eu\/notes\/wp-content\/uploads\/carte-fede-69.jpg\" alt=\"\" class=\"wp-image-702\" srcset=\"https:\/\/fredt.eu\/notes\/wp-content\/uploads\/carte-fede-69.jpg 400w, https:\/\/fredt.eu\/notes\/wp-content\/uploads\/carte-fede-69-300x254.jpg 300w\" sizes=\"auto, (max-width: 400px) 100vw, 400px\" \/><\/figure>\n\n\n\n<p>Parcours de p\u00eache g\u00e9r\u00e9s par l&rsquo;AAPPMA de Sainte Foy L&rsquo;Argenti\u00e8re:<\/p>\n\n\n\n<h2 class=\"wp-block-heading\">Les \u00e9tangs<\/h2>\n\n\n\n<figure class=\"wp-block-gallery has-nested-images columns-default is-cropped wp-block-gallery-1 is-layout-flex wp-block-gallery-is-layout-flex\">\n<figure class=\"wp-block-image size-large\"><img loading=\"lazy\" decoding=\"async\" width=\"1024\" height=\"768\" data-id=\"703\" src=\"https:\/\/fredt.eu\/notes\/wp-content\/uploads\/etang-jomard-1024x768.jpg\" alt=\"\" class=\"wp-image-703\" srcset=\"https:\/\/fredt.eu\/notes\/wp-content\/uploads\/etang-jomard-1024x768.jpg 1024w, https:\/\/fredt.eu\/notes\/wp-content\/uploads\/etang-jomard-300x225.jpg 300w, https:\/\/fredt.eu\/notes\/wp-content\/uploads\/etang-jomard-768x576.jpg 768w, https:\/\/fredt.eu\/notes\/wp-content\/uploads\/etang-jomard-1536x1152.jpg 1536w, https:\/\/fredt.eu\/notes\/wp-content\/uploads\/etang-jomard-2048x1536.jpg 2048w\" sizes=\"auto, (max-width: 1024px) 100vw, 1024px\" \/><\/figure>\n\n\n\n<figure class=\"wp-block-image size-large\"><img loading=\"lazy\" decoding=\"async\" width=\"1024\" height=\"768\" data-id=\"711\" src=\"https:\/\/fredt.eu\/notes\/wp-content\/uploads\/etang-varagnat-1024x768.jpg\" alt=\"\" class=\"wp-image-711\" srcset=\"https:\/\/fredt.eu\/notes\/wp-content\/uploads\/etang-varagnat-1024x768.jpg 1024w, https:\/\/fredt.eu\/notes\/wp-content\/uploads\/etang-varagnat-300x225.jpg 300w, https:\/\/fredt.eu\/notes\/wp-content\/uploads\/etang-varagnat-768x576.jpg 768w, https:\/\/fredt.eu\/notes\/wp-content\/uploads\/etang-varagnat-1536x1152.jpg 1536w, https:\/\/fredt.eu\/notes\/wp-content\/uploads\/etang-varagnat-2048x1536.jpg 2048w\" sizes=\"auto, (max-width: 1024px) 100vw, 1024px\" \/><\/figure>\n\n\n\n<figure class=\"wp-block-image size-large\"><img loading=\"lazy\" decoding=\"async\" width=\"1024\" height=\"768\" data-id=\"723\" src=\"https:\/\/fredt.eu\/notes\/wp-content\/uploads\/etang-argentiere-1024x768.jpg\" alt=\"\" class=\"wp-image-723\" srcset=\"https:\/\/fredt.eu\/notes\/wp-content\/uploads\/etang-argentiere-1024x768.jpg 1024w, https:\/\/fredt.eu\/notes\/wp-content\/uploads\/etang-argentiere-300x225.jpg 300w, https:\/\/fredt.eu\/notes\/wp-content\/uploads\/etang-argentiere-768x576.jpg 768w, https:\/\/fredt.eu\/notes\/wp-content\/uploads\/etang-argentiere-1536x1152.jpg 1536w, https:\/\/fredt.eu\/notes\/wp-content\/uploads\/etang-argentiere-2048x1536.jpg 2048w\" sizes=\"auto, (max-width: 1024px) 100vw, 1024px\" \/><\/figure>\n\n\n\n<figure class=\"wp-block-image size-full\"><img loading=\"lazy\" decoding=\"async\" width=\"600\" height=\"260\" data-id=\"709\" src=\"https:\/\/fredt.eu\/notes\/wp-content\/uploads\/etang-jomard-poncet-1.jpg\" alt=\"\" class=\"wp-image-709\" srcset=\"https:\/\/fredt.eu\/notes\/wp-content\/uploads\/etang-jomard-poncet-1.jpg 600w, https:\/\/fredt.eu\/notes\/wp-content\/uploads\/etang-jomard-poncet-1-300x130.jpg 300w\" sizes=\"auto, (max-width: 600px) 100vw, 600px\" \/><\/figure>\n\n\n\n<figure class=\"wp-block-image size-large\"><img loading=\"lazy\" decoding=\"async\" width=\"1024\" height=\"768\" data-id=\"712\" src=\"https:\/\/fredt.eu\/notes\/wp-content\/uploads\/etang-noyer-1024x768.jpg\" alt=\"\" class=\"wp-image-712\" srcset=\"https:\/\/fredt.eu\/notes\/wp-content\/uploads\/etang-noyer-1024x768.jpg 1024w, https:\/\/fredt.eu\/notes\/wp-content\/uploads\/etang-noyer-300x225.jpg 300w, https:\/\/fredt.eu\/notes\/wp-content\/uploads\/etang-noyer-768x576.jpg 768w, https:\/\/fredt.eu\/notes\/wp-content\/uploads\/etang-noyer-1536x1152.jpg 1536w, https:\/\/fredt.eu\/notes\/wp-content\/uploads\/etang-noyer-2048x1536.jpg 2048w\" sizes=\"auto, (max-width: 1024px) 100vw, 1024px\" \/><\/figure>\n<\/figure>\n\n\n\n<p>Quatre \u00e9tangs de p\u00eache g\u00e9r\u00e9s. Ils sont tous des plans d&rsquo;eau de 2\u00e8me cat\u00e9gorie , p\u00eache \u00e0 2 cannes et r\u00e9ciprocitaire. Un r\u00e9glement int\u00e9rieur additionnel \u00e0 la r\u00e8glementation f\u00e9d\u00e9rale en vigueur pour la p\u00eache dans le Rh\u00f4ne est appliqu\u00e9.<\/p>\n\n\n\n<figure class=\"wp-block-gallery has-nested-images columns-default is-cropped wp-block-gallery-2 is-layout-flex wp-block-gallery-is-layout-flex\">\n<figure class=\"wp-block-image size-large\"><img loading=\"lazy\" decoding=\"async\" width=\"400\" height=\"300\" data-id=\"731\" src=\"https:\/\/fredt.eu\/notes\/wp-content\/uploads\/argentiere-1.jpg\" alt=\"\" class=\"wp-image-731\" srcset=\"https:\/\/fredt.eu\/notes\/wp-content\/uploads\/argentiere-1.jpg 400w, https:\/\/fredt.eu\/notes\/wp-content\/uploads\/argentiere-1-300x225.jpg 300w\" sizes=\"auto, (max-width: 400px) 100vw, 400px\" \/><\/figure>\n\n\n\n<figure class=\"wp-block-image size-large\"><img loading=\"lazy\" decoding=\"async\" width=\"400\" height=\"300\" data-id=\"732\" src=\"https:\/\/fredt.eu\/notes\/wp-content\/uploads\/argentiere-2.jpg\" alt=\"\" class=\"wp-image-732\" srcset=\"https:\/\/fredt.eu\/notes\/wp-content\/uploads\/argentiere-2.jpg 400w, https:\/\/fredt.eu\/notes\/wp-content\/uploads\/argentiere-2-300x225.jpg 300w\" sizes=\"auto, (max-width: 400px) 100vw, 400px\" \/><\/figure>\n\n\n\n<figure class=\"wp-block-image size-large\"><img loading=\"lazy\" decoding=\"async\" width=\"400\" height=\"300\" data-id=\"733\" src=\"https:\/\/fredt.eu\/notes\/wp-content\/uploads\/noyer-2.jpg\" alt=\"\" class=\"wp-image-733\" srcset=\"https:\/\/fredt.eu\/notes\/wp-content\/uploads\/noyer-2.jpg 400w, https:\/\/fredt.eu\/notes\/wp-content\/uploads\/noyer-2-300x225.jpg 300w\" sizes=\"auto, (max-width: 400px) 100vw, 400px\" \/><\/figure>\n\n\n\n<figure class=\"wp-block-image size-large\"><img loading=\"lazy\" decoding=\"async\" width=\"400\" height=\"300\" data-id=\"734\" src=\"https:\/\/fredt.eu\/notes\/wp-content\/uploads\/noyer-3.jpg\" alt=\"\" class=\"wp-image-734\" srcset=\"https:\/\/fredt.eu\/notes\/wp-content\/uploads\/noyer-3.jpg 400w, https:\/\/fredt.eu\/notes\/wp-content\/uploads\/noyer-3-300x225.jpg 300w\" sizes=\"auto, (max-width: 400px) 100vw, 400px\" \/><\/figure>\n\n\n\n<figure class=\"wp-block-image size-large\"><img loading=\"lazy\" decoding=\"async\" width=\"400\" height=\"300\" data-id=\"735\" src=\"https:\/\/fredt.eu\/notes\/wp-content\/uploads\/varagnat-1.jpg\" alt=\"\" class=\"wp-image-735\" srcset=\"https:\/\/fredt.eu\/notes\/wp-content\/uploads\/varagnat-1.jpg 400w, https:\/\/fredt.eu\/notes\/wp-content\/uploads\/varagnat-1-300x225.jpg 300w\" sizes=\"auto, (max-width: 400px) 100vw, 400px\" \/><\/figure>\n\n\n\n<figure class=\"wp-block-image size-large\"><img loading=\"lazy\" decoding=\"async\" width=\"300\" height=\"225\" data-id=\"736\" src=\"https:\/\/fredt.eu\/notes\/wp-content\/uploads\/varagnat-2.jpg\" alt=\"\" class=\"wp-image-736\"\/><\/figure>\n\n\n\n<figure class=\"wp-block-image size-large\"><img loading=\"lazy\" decoding=\"async\" width=\"300\" height=\"205\" data-id=\"737\" src=\"https:\/\/fredt.eu\/notes\/wp-content\/uploads\/varagnat-3.jpg\" alt=\"\" class=\"wp-image-737\"\/><\/figure>\n<\/figure>\n\n\n\n<p>L&rsquo;association est \u00e0 l&rsquo;origine de la cr\u00e9ation de deux d&rsquo;entre eux: l&rsquo;\u00e9tang Varagnat \u00e0 Meys et l&rsquo;\u00e9tang Jomard \u00e0 Souzy.<\/p>\n\n\n\n<p>Peuplement: carassins, gardons, tanches, carpes, perches, brochets, Black-bass. Pour lutter contre la prolif\u00e9ration d&rsquo;algues, remise \u00e0 l&rsquo;eau imm\u00e9diate des amours blanc.<\/p>\n\n\n\n<ul class=\"wp-block-list\">\n<li>Le Jomard se trouvant sur la commune de Souzy est maintenant ferm\u00e9 \u00e0 la p\u00eache.<\/li>\n\n\n\n<li>L&rsquo;\u00e9tang Poncet est p\u00eachable uniquement en fin d&rsquo;hiver pour le d\u00e9tenteurs d&rsquo;une carte de Ste Foy.<\/li>\n\n\n\n<li>Varagnat se trouve sur la commune de Meys. Il est situ\u00e9 \u00e0 proximit\u00e9 de la RN89, \u00e0 c\u00f4t\u00e9 du CAT.<\/li>\n\n\n\n<li>Tr\u00e8s riche en carpeaux, carpiste et p\u00eacheur au coup l&rsquo;appr\u00e9cie. Carpes et Black-Bass en no-kill.<\/li>\n<\/ul>\n\n\n\n<h2 class=\"wp-block-heading\">Les rivi\u00e8res et ruisseaux<\/h2>\n\n\n\n<p>La Br\u00e9venne et ses 2 affluents l&rsquo;Orgeole et le Rossand , comme la Thoranche sont tous les quatres en 1er cat\u00e9gorie et r\u00e9ciprocitaires.<\/p>\n\n\n\n<figure class=\"wp-block-gallery has-nested-images columns-default is-cropped wp-block-gallery-3 is-layout-flex wp-block-gallery-is-layout-flex\">\n<figure class=\"wp-block-image size-large\"><img loading=\"lazy\" decoding=\"async\" width=\"1024\" height=\"768\" data-id=\"726\" src=\"https:\/\/fredt.eu\/notes\/wp-content\/uploads\/brevenne-1024x768.jpg\" alt=\"\" class=\"wp-image-726\" srcset=\"https:\/\/fredt.eu\/notes\/wp-content\/uploads\/brevenne-1024x768.jpg 1024w, https:\/\/fredt.eu\/notes\/wp-content\/uploads\/brevenne-300x225.jpg 300w, https:\/\/fredt.eu\/notes\/wp-content\/uploads\/brevenne-768x576.jpg 768w, https:\/\/fredt.eu\/notes\/wp-content\/uploads\/brevenne-1536x1152.jpg 1536w, https:\/\/fredt.eu\/notes\/wp-content\/uploads\/brevenne-2048x1536.jpg 2048w\" sizes=\"auto, (max-width: 1024px) 100vw, 1024px\" \/><\/figure>\n\n\n\n<figure class=\"wp-block-image size-large\"><img loading=\"lazy\" decoding=\"async\" width=\"1024\" height=\"768\" data-id=\"727\" src=\"https:\/\/fredt.eu\/notes\/wp-content\/uploads\/le-lafay-1024x768.jpg\" alt=\"\" class=\"wp-image-727\" srcset=\"https:\/\/fredt.eu\/notes\/wp-content\/uploads\/le-lafay-1024x768.jpg 1024w, https:\/\/fredt.eu\/notes\/wp-content\/uploads\/le-lafay-300x225.jpg 300w, https:\/\/fredt.eu\/notes\/wp-content\/uploads\/le-lafay-768x576.jpg 768w, https:\/\/fredt.eu\/notes\/wp-content\/uploads\/le-lafay.jpg 1224w\" sizes=\"auto, (max-width: 1024px) 100vw, 1024px\" \/><\/figure>\n\n\n\n<figure class=\"wp-block-image size-large\"><img loading=\"lazy\" decoding=\"async\" width=\"1024\" height=\"768\" data-id=\"728\" src=\"https:\/\/fredt.eu\/notes\/wp-content\/uploads\/orgeolle-1024x768.jpg\" alt=\"\" class=\"wp-image-728\" srcset=\"https:\/\/fredt.eu\/notes\/wp-content\/uploads\/orgeolle-1024x768.jpg 1024w, https:\/\/fredt.eu\/notes\/wp-content\/uploads\/orgeolle-300x225.jpg 300w, https:\/\/fredt.eu\/notes\/wp-content\/uploads\/orgeolle-768x576.jpg 768w, https:\/\/fredt.eu\/notes\/wp-content\/uploads\/orgeolle.jpg 1224w\" sizes=\"auto, (max-width: 1024px) 100vw, 1024px\" \/><\/figure>\n\n\n\n<figure class=\"wp-block-image size-large\"><img loading=\"lazy\" decoding=\"async\" width=\"1024\" height=\"768\" data-id=\"729\" src=\"https:\/\/fredt.eu\/notes\/wp-content\/uploads\/rossand-1024x768.jpg\" alt=\"\" class=\"wp-image-729\" srcset=\"https:\/\/fredt.eu\/notes\/wp-content\/uploads\/rossand-1024x768.jpg 1024w, https:\/\/fredt.eu\/notes\/wp-content\/uploads\/rossand-300x225.jpg 300w, https:\/\/fredt.eu\/notes\/wp-content\/uploads\/rossand-768x576.jpg 768w, https:\/\/fredt.eu\/notes\/wp-content\/uploads\/rossand.jpg 1224w\" sizes=\"auto, (max-width: 1024px) 100vw, 1024px\" \/><\/figure>\n\n\n\n<figure class=\"wp-block-image size-large\"><img loading=\"lazy\" decoding=\"async\" width=\"1024\" height=\"768\" data-id=\"730\" src=\"https:\/\/fredt.eu\/notes\/wp-content\/uploads\/thoranche-1024x768.jpg\" alt=\"\" class=\"wp-image-730\" srcset=\"https:\/\/fredt.eu\/notes\/wp-content\/uploads\/thoranche-1024x768.jpg 1024w, https:\/\/fredt.eu\/notes\/wp-content\/uploads\/thoranche-300x225.jpg 300w, https:\/\/fredt.eu\/notes\/wp-content\/uploads\/thoranche-768x576.jpg 768w, https:\/\/fredt.eu\/notes\/wp-content\/uploads\/thoranche.jpg 1224w\" sizes=\"auto, (max-width: 1024px) 100vw, 1024px\" \/><\/figure>\n<\/figure>\n\n\n\n<p>La Br\u00e9venne et la Thoranche sont des rivi\u00e8res de plaine, plut\u00f4t calmes avec des successions de radiers et fosses profondes.<br>La br\u00e9venne traverse Sainte Foy l&rsquo;Argenti\u00e8re. C&rsquo;est une rivi\u00e8re de plaine en 1er cat\u00e9gorie.<\/p>\n\n\n\n<p>La Br\u00e9venne est connue depuis tr\u00e8s longtemps et l&rsquo;eau de ses affluents l&rsquo;Orgeolle et le Rossand a \u00e9t\u00e9 capt\u00e9e pour alimenter la ville de Lyon, Lugdunum, capitale des Gaules, pendant la p\u00e9riode gallo-romaine.<\/p>\n\n\n\n<p>La Thoranche de sa source \u00e0 Meys, se jette dans la Toranche pour ensuite traverser Haute-Rivoire, Virignieux, Saint Cyr les Vignes et Saint Laurent la Conche.<\/p>\n\n\n\n<figure class=\"wp-block-gallery has-nested-images columns-default is-cropped wp-block-gallery-4 is-layout-flex wp-block-gallery-is-layout-flex\">\n<figure class=\"wp-block-image size-large\"><img loading=\"lazy\" decoding=\"async\" width=\"225\" height=\"300\" data-id=\"738\" src=\"https:\/\/fredt.eu\/notes\/wp-content\/uploads\/brevenne-1.jpg\" alt=\"\" class=\"wp-image-738\"\/><\/figure>\n\n\n\n<figure class=\"wp-block-image size-large\"><img loading=\"lazy\" decoding=\"async\" width=\"225\" height=\"300\" data-id=\"739\" src=\"https:\/\/fredt.eu\/notes\/wp-content\/uploads\/brevenne-2.jpg\" alt=\"\" class=\"wp-image-739\"\/><\/figure>\n\n\n\n<figure class=\"wp-block-image size-large\"><img loading=\"lazy\" decoding=\"async\" width=\"225\" height=\"300\" data-id=\"740\" src=\"https:\/\/fredt.eu\/notes\/wp-content\/uploads\/brevenne-3.jpg\" alt=\"\" class=\"wp-image-740\"\/><\/figure>\n\n\n\n<figure class=\"wp-block-image size-large\"><img loading=\"lazy\" decoding=\"async\" width=\"225\" height=\"300\" data-id=\"741\" src=\"https:\/\/fredt.eu\/notes\/wp-content\/uploads\/brevenne-4.jpg\" alt=\"\" class=\"wp-image-741\"\/><\/figure>\n\n\n\n<figure class=\"wp-block-image size-large\"><img loading=\"lazy\" decoding=\"async\" width=\"300\" height=\"225\" data-id=\"742\" src=\"https:\/\/fredt.eu\/notes\/wp-content\/uploads\/brevenne-vallee.jpg\" alt=\"\" class=\"wp-image-742\"\/><\/figure>\n\n\n\n<figure class=\"wp-block-image size-large\"><img loading=\"lazy\" decoding=\"async\" width=\"300\" height=\"225\" data-id=\"743\" src=\"https:\/\/fredt.eu\/notes\/wp-content\/uploads\/confluent-orgeole.jpg\" alt=\"\" class=\"wp-image-743\"\/><\/figure>\n<\/figure>\n\n\n\n<p>Le Rossand et l&rsquo;Orgeole d\u00e9valant les monts du lyonnais sont des ruisseaux assez rapides.<br>L&rsquo;Orgeole est un affluent de la Br\u00e9venne . C&rsquo;est un ruisseau en 1er cat\u00e9gorie. Elle passe pr\u00e8s de St Genis l&rsquo;Argenti\u00e8re et traverse Ste Foy l&rsquo;Argenti\u00e8re. Ce ruisseau est aussi nomm\u00e9 Le petit ruisseau de Orgeolle ou encore Oriolle.<br>L&rsquo;Orgeole serpente sous les arbres et se cache entre pr\u00e9s et broussailles.<br>Attention : P\u00eache sans ardillon, Respectez les nombreuses truitelles.<\/p>\n\n\n\n<p>Le Rossand en dessous de Montromant est un affluent de la\u00a0<a href=\"https:\/\/test.aappma-ste-foy.fr\/parcours\/riviere-brevenne.php\">Br\u00e9venne<\/a>\u00a0, en\u00a0<strong>1er cat\u00e9gorie.<\/strong> <strong>Attention\u00a0: P\u00eache sans ardillon<\/strong><br>M\u00eame si vous ne p\u00eachez pas, venez parcourir les inoubliables sentiers de randonn\u00e9es. Vous pourrez peut-\u00eatre apercevoir le hibou Grand Duc, l&rsquo;engoulevent d&rsquo;Europe ou le cincle plongeur, plus bas en aval dans le cite prot\u00e9g\u00e9 du vallon du Rossand (arr\u00eat\u00e9 de biotope du 17.12.1982).<\/p>\n\n\n\n<p><img decoding=\"async\" alt=\"La Thoranche \" src=\"https:\/\/test.aappma-ste-foy.fr\/img\/parcours\/rossand\/rossand.jpg\">&nbsp;Une partie du bassin a \u00e9t\u00e9 class\u00e9e en 1982 \u00ab\u00a0zone prot\u00e9g\u00e9e\u00a0\u00bb en raison du caract\u00e8re encore sauvage du site, des plantes et des animaux qui ont surv\u00e9cu aux atteintes de la vie moderne.<br>Du Grand Duc \u00e0 la musaraigne, on rel\u00e8ve 48 esp\u00e8ces d&rsquo;animaux dans ce lieu privil\u00e9gi\u00e9 devenu une r\u00e9serve pour la chasse et la p\u00eache, v\u00e9ritable laboratoire pour l&rsquo;\u00e9tude de la protection des esp\u00e8ces.<\/p>\n\n\n\n<p>Belles promenades balis\u00e9es.<\/p>\n\n\n\n<figure class=\"wp-block-gallery has-nested-images columns-default is-cropped wp-block-gallery-5 is-layout-flex wp-block-gallery-is-layout-flex\">\n<figure class=\"wp-block-image size-large\"><img loading=\"lazy\" decoding=\"async\" width=\"256\" height=\"350\" data-id=\"744\" src=\"https:\/\/fredt.eu\/notes\/wp-content\/uploads\/orgeole-1.jpg\" alt=\"\" class=\"wp-image-744\" srcset=\"https:\/\/fredt.eu\/notes\/wp-content\/uploads\/orgeole-1.jpg 256w, https:\/\/fredt.eu\/notes\/wp-content\/uploads\/orgeole-1-219x300.jpg 219w\" sizes=\"auto, (max-width: 256px) 100vw, 256px\" \/><\/figure>\n\n\n\n<figure class=\"wp-block-image size-large\"><img loading=\"lazy\" decoding=\"async\" width=\"400\" height=\"300\" data-id=\"745\" src=\"https:\/\/fredt.eu\/notes\/wp-content\/uploads\/orgeole-2.jpg\" alt=\"\" class=\"wp-image-745\" srcset=\"https:\/\/fredt.eu\/notes\/wp-content\/uploads\/orgeole-2.jpg 400w, https:\/\/fredt.eu\/notes\/wp-content\/uploads\/orgeole-2-300x225.jpg 300w\" sizes=\"auto, (max-width: 400px) 100vw, 400px\" \/><\/figure>\n\n\n\n<figure class=\"wp-block-image size-large\"><img loading=\"lazy\" decoding=\"async\" width=\"300\" height=\"225\" data-id=\"746\" src=\"https:\/\/fredt.eu\/notes\/wp-content\/uploads\/orgeole-3.jpg\" alt=\"\" class=\"wp-image-746\"\/><\/figure>\n\n\n\n<figure class=\"wp-block-image size-large\"><img loading=\"lazy\" decoding=\"async\" width=\"225\" height=\"300\" data-id=\"747\" src=\"https:\/\/fredt.eu\/notes\/wp-content\/uploads\/orgeole-4.jpg\" alt=\"\" class=\"wp-image-747\"\/><\/figure>\n\n\n\n<figure class=\"wp-block-image size-large\"><img loading=\"lazy\" decoding=\"async\" width=\"500\" height=\"295\" data-id=\"748\" src=\"https:\/\/fredt.eu\/notes\/wp-content\/uploads\/orgeole-6.jpg\" alt=\"\" class=\"wp-image-748\" srcset=\"https:\/\/fredt.eu\/notes\/wp-content\/uploads\/orgeole-6.jpg 500w, https:\/\/fredt.eu\/notes\/wp-content\/uploads\/orgeole-6-300x177.jpg 300w\" sizes=\"auto, (max-width: 500px) 100vw, 500px\" \/><\/figure>\n\n\n\n<figure class=\"wp-block-image size-large\"><img loading=\"lazy\" decoding=\"async\" width=\"200\" height=\"267\" data-id=\"749\" src=\"https:\/\/fredt.eu\/notes\/wp-content\/uploads\/rossand1.jpg\" alt=\"\" class=\"wp-image-749\"\/><\/figure>\n\n\n\n<figure class=\"wp-block-image size-large\"><img loading=\"lazy\" decoding=\"async\" width=\"200\" height=\"267\" data-id=\"750\" src=\"https:\/\/fredt.eu\/notes\/wp-content\/uploads\/rossand2.jpg\" alt=\"\" class=\"wp-image-750\"\/><\/figure>\n\n\n\n<figure class=\"wp-block-image size-large\"><img loading=\"lazy\" decoding=\"async\" width=\"200\" height=\"267\" data-id=\"751\" src=\"https:\/\/fredt.eu\/notes\/wp-content\/uploads\/rossand3.jpg\" alt=\"\" class=\"wp-image-751\"\/><\/figure>\n\n\n\n<figure class=\"wp-block-image size-large\"><img loading=\"lazy\" decoding=\"async\" width=\"200\" height=\"267\" data-id=\"752\" src=\"https:\/\/fredt.eu\/notes\/wp-content\/uploads\/rossand4.jpg\" alt=\"\" class=\"wp-image-752\"\/><\/figure>\n\n\n\n<figure class=\"wp-block-image size-large\"><img loading=\"lazy\" decoding=\"async\" width=\"200\" height=\"150\" data-id=\"753\" src=\"https:\/\/fredt.eu\/notes\/wp-content\/uploads\/rossand5.jpg\" alt=\"\" class=\"wp-image-753\"\/><\/figure>\n\n\n\n<figure class=\"wp-block-image size-large\"><img loading=\"lazy\" decoding=\"async\" width=\"200\" height=\"150\" data-id=\"754\" src=\"https:\/\/fredt.eu\/notes\/wp-content\/uploads\/rossand6.jpg\" alt=\"\" class=\"wp-image-754\"\/><\/figure>\n\n\n\n<figure class=\"wp-block-image size-large\"><img loading=\"lazy\" decoding=\"async\" width=\"200\" height=\"150\" data-id=\"755\" src=\"https:\/\/fredt.eu\/notes\/wp-content\/uploads\/rossand7.jpg\" alt=\"\" class=\"wp-image-755\"\/><\/figure>\n\n\n\n<figure class=\"wp-block-image size-large\"><img loading=\"lazy\" decoding=\"async\" width=\"200\" height=\"150\" data-id=\"756\" src=\"https:\/\/fredt.eu\/notes\/wp-content\/uploads\/rossand8.jpg\" alt=\"\" class=\"wp-image-756\"\/><\/figure>\n\n\n\n<figure class=\"wp-block-image size-large\"><img loading=\"lazy\" decoding=\"async\" width=\"200\" height=\"150\" data-id=\"757\" src=\"https:\/\/fredt.eu\/notes\/wp-content\/uploads\/rossand9.jpg\" alt=\"\" class=\"wp-image-757\"\/><\/figure>\n\n\n\n<figure class=\"wp-block-image size-large\"><img loading=\"lazy\" decoding=\"async\" width=\"200\" height=\"150\" data-id=\"758\" src=\"https:\/\/fredt.eu\/notes\/wp-content\/uploads\/rossand10.jpg\" alt=\"\" class=\"wp-image-758\"\/><\/figure>\n\n\n\n<figure class=\"wp-block-image size-large\"><img loading=\"lazy\" decoding=\"async\" width=\"200\" height=\"267\" data-id=\"759\" src=\"https:\/\/fredt.eu\/notes\/wp-content\/uploads\/rossand11.jpg\" alt=\"\" class=\"wp-image-759\"\/><\/figure>\n\n\n\n<figure class=\"wp-block-image size-large\"><img loading=\"lazy\" decoding=\"async\" width=\"200\" height=\"267\" data-id=\"760\" src=\"https:\/\/fredt.eu\/notes\/wp-content\/uploads\/rossand12.jpg\" alt=\"\" class=\"wp-image-760\"\/><\/figure>\n\n\n\n<figure class=\"wp-block-image size-large\"><img loading=\"lazy\" decoding=\"async\" width=\"200\" height=\"267\" data-id=\"761\" src=\"https:\/\/fredt.eu\/notes\/wp-content\/uploads\/rossand13.jpg\" alt=\"\" class=\"wp-image-761\"\/><\/figure>\n\n\n\n<figure class=\"wp-block-image size-large\"><img loading=\"lazy\" decoding=\"async\" width=\"300\" height=\"225\" data-id=\"762\" src=\"https:\/\/fredt.eu\/notes\/wp-content\/uploads\/rossand14.jpg\" alt=\"\" class=\"wp-image-762\"\/><\/figure>\n\n\n\n<figure class=\"wp-block-image size-large\"><img loading=\"lazy\" decoding=\"async\" width=\"300\" height=\"192\" data-id=\"763\" src=\"https:\/\/fredt.eu\/notes\/wp-content\/uploads\/rossand15.jpg\" alt=\"\" class=\"wp-image-763\"\/><\/figure>\n\n\n\n<figure class=\"wp-block-image size-large\"><img loading=\"lazy\" decoding=\"async\" width=\"300\" height=\"188\" data-id=\"764\" src=\"https:\/\/fredt.eu\/notes\/wp-content\/uploads\/rossand16.jpg\" alt=\"\" class=\"wp-image-764\"\/><\/figure>\n\n\n\n<figure class=\"wp-block-image size-large\"><img loading=\"lazy\" decoding=\"async\" width=\"300\" height=\"197\" data-id=\"765\" src=\"https:\/\/fredt.eu\/notes\/wp-content\/uploads\/rossand17.jpg\" alt=\"\" class=\"wp-image-765\"\/><\/figure>\n\n\n\n<figure class=\"wp-block-image size-large\"><img loading=\"lazy\" decoding=\"async\" width=\"300\" height=\"189\" data-id=\"766\" src=\"https:\/\/fredt.eu\/notes\/wp-content\/uploads\/rossand18.jpg\" alt=\"\" class=\"wp-image-766\"\/><\/figure>\n\n\n\n<figure class=\"wp-block-image size-large\"><img loading=\"lazy\" decoding=\"async\" width=\"1024\" height=\"768\" data-id=\"767\" src=\"https:\/\/fredt.eu\/notes\/wp-content\/uploads\/rossand-2-1024x768.jpg\" alt=\"\" class=\"wp-image-767\" srcset=\"https:\/\/fredt.eu\/notes\/wp-content\/uploads\/rossand-2-1024x768.jpg 1024w, https:\/\/fredt.eu\/notes\/wp-content\/uploads\/rossand-2-300x225.jpg 300w, https:\/\/fredt.eu\/notes\/wp-content\/uploads\/rossand-2-768x576.jpg 768w, https:\/\/fredt.eu\/notes\/wp-content\/uploads\/rossand-2.jpg 1224w\" sizes=\"auto, (max-width: 1024px) 100vw, 1024px\" \/><\/figure>\n<\/figure>\n\n\n\n<p>Ouverture et Fermeture F\u00e9d\u00e9rale. P\u00eache sans ardillon sur le Rossand et l&rsquo;Orgeolle .<\/p>\n\n\n\n<figure class=\"wp-block-gallery has-nested-images columns-default is-cropped wp-block-gallery-6 is-layout-flex wp-block-gallery-is-layout-flex\">\n<figure class=\"wp-block-image size-large\"><img loading=\"lazy\" decoding=\"async\" width=\"300\" height=\"225\" data-id=\"768\" src=\"https:\/\/fredt.eu\/notes\/wp-content\/uploads\/radier.jpg\" alt=\"\" class=\"wp-image-768\"\/><\/figure>\n\n\n\n<figure class=\"wp-block-image size-large\"><img loading=\"lazy\" decoding=\"async\" width=\"225\" height=\"300\" data-id=\"769\" src=\"https:\/\/fredt.eu\/notes\/wp-content\/uploads\/remous.jpg\" alt=\"\" class=\"wp-image-769\"\/><\/figure>\n\n\n\n<figure class=\"wp-block-image size-large\"><img loading=\"lazy\" decoding=\"async\" width=\"300\" height=\"200\" data-id=\"770\" src=\"https:\/\/fredt.eu\/notes\/wp-content\/uploads\/thoranche-1.jpg\" alt=\"\" class=\"wp-image-770\"\/><\/figure>\n<\/figure>\n\n\n\n<figure class=\"wp-block-gallery has-nested-images columns-default is-cropped wp-block-gallery-7 is-layout-flex wp-block-gallery-is-layout-flex\">\n<figure class=\"wp-block-image size-large\"><img loading=\"lazy\" decoding=\"async\" width=\"200\" height=\"150\" data-id=\"724\" src=\"https:\/\/fredt.eu\/notes\/wp-content\/uploads\/truite.jpg\" alt=\"\" class=\"wp-image-724\"\/><\/figure>\n\n\n\n<figure class=\"wp-block-image size-large\"><img loading=\"lazy\" decoding=\"async\" width=\"200\" height=\"175\" data-id=\"725\" src=\"https:\/\/fredt.eu\/notes\/wp-content\/uploads\/truitelle.jpg\" alt=\"\" class=\"wp-image-725\"\/><\/figure>\n<\/figure>\n\n\n\n<p>Si je suis trop petite, remettez moi d\u00e9licatement \u00e0 l&rsquo;eau !<br>Vous me retrouverez plus tard\u2026<\/p>\n","protected":false},"excerpt":{"rendered":"<p>Parcours de p\u00eache g\u00e9r\u00e9s par l&rsquo;AAPPMA de Sainte Foy L&rsquo;Argenti\u00e8re: Les \u00e9tangs Quatre \u00e9tangs de p\u00eache g\u00e9r\u00e9s. Ils sont tous des plans d&rsquo;eau de 2\u00e8me cat\u00e9gorie , p\u00eache \u00e0 2 cannes et r\u00e9ciprocitaire. Un r\u00e9glement int\u00e9rieur additionnel \u00e0 la r\u00e8glementation f\u00e9d\u00e9rale en vigueur pour la p\u00eache dans le Rh\u00f4ne est appliqu\u00e9. L&rsquo;association est \u00e0 l&rsquo;origine [&hellip;]<\/p>\n","protected":false},"author":1,"featured_media":758,"comment_status":"open","ping_status":"open","sticky":false,"template":"","format":"standard","meta":{"slim_seo":{"title":"Parcours AAPPMA ste Foy - FredT Notes","description":"Parcours de p\u00eache g\u00e9r\u00e9s par l'AAPPMA de Sainte Foy L'Argenti\u00e8re: Les \u00e9tangs Quatre \u00e9tangs de p\u00eache g\u00e9r\u00e9s. Ils sont tous des plans d'eau de 2\u00e8me cat\u00e9gorie , p\u00each"},"footnotes":""},"categories":[84,4],"tags":[13,108,109],"class_list":["post-701","post","type-post","status-publish","format-standard","has-post-thumbnail","hentry","category-aappma-ste-foy","category-peche","tag-etang","tag-riviere","tag-ruisseau"],"_links":{"self":[{"href":"https:\/\/fredt.eu\/notes\/wp-json\/wp\/v2\/posts\/701","targetHints":{"allow":["GET"]}}],"collection":[{"href":"https:\/\/fredt.eu\/notes\/wp-json\/wp\/v2\/posts"}],"about":[{"href":"https:\/\/fredt.eu\/notes\/wp-json\/wp\/v2\/types\/post"}],"author":[{"embeddable":true,"href":"https:\/\/fredt.eu\/notes\/wp-json\/wp\/v2\/users\/1"}],"replies":[{"embeddable":true,"href":"https:\/\/fredt.eu\/notes\/wp-json\/wp\/v2\/comments?post=701"}],"version-history":[{"count":6,"href":"https:\/\/fredt.eu\/notes\/wp-json\/wp\/v2\/posts\/701\/revisions"}],"predecessor-version":[{"id":773,"href":"https:\/\/fredt.eu\/notes\/wp-json\/wp\/v2\/posts\/701\/revisions\/773"}],"wp:featuredmedia":[{"embeddable":true,"href":"https:\/\/fredt.eu\/notes\/wp-json\/wp\/v2\/media\/758"}],"wp:attachment":[{"href":"https:\/\/fredt.eu\/notes\/wp-json\/wp\/v2\/media?parent=701"}],"wp:term":[{"taxonomy":"category","embeddable":true,"href":"https:\/\/fredt.eu\/notes\/wp-json\/wp\/v2\/categories?post=701"},{"taxonomy":"post_tag","embeddable":true,"href":"https:\/\/fredt.eu\/notes\/wp-json\/wp\/v2\/tags?post=701"}],"curies":[{"name":"wp","href":"https:\/\/api.w.org\/{rel}","templated":true}]}}