{"id":645,"date":"2010-07-15T06:11:00","date_gmt":"2010-07-15T04:11:00","guid":{"rendered":"https:\/\/fredt.eu\/notes\/?p=645"},"modified":"2025-02-25T20:08:29","modified_gmt":"2025-02-25T19:08:29","slug":"apprendre-a-pecher-aux-enfants","status":"publish","type":"post","link":"https:\/\/fredt.eu\/notes\/peche\/apprendre-a-pecher-aux-enfants\/","title":{"rendered":"Apprendre \u00e0 p\u00eacher aux enfants"},"content":{"rendered":"\n<p>Publication originale sur pechemaniac.com en 2010, enregistr\u00e9e et restaur\u00e9e de aappma-ste-foy.fr.<\/p>\n\n\n\n<p>Depuis 2010, je fr\u00e9quentais r\u00e9guli\u00e8rement le Forum&nbsp;pechemaniac.com. A ce moment je ne pensais pas entrer au conseil d&rsquo;administration de l&rsquo;AAPPMA de Ste Foy, et encore moins participer \u00e0 l&rsquo;organisation et au d\u00e9roulement de journ\u00e9es pour apprendre aux jeunes \u00e0 p\u00eacher.&nbsp; Et pourtant, la vocation y \u00e9tait d\u00e9j\u00e0. J&rsquo;avais fait mon entr\u00e9e sur ce forum avec un r\u00e9cit en particulier. Par chance, il n&rsquo;a pas disparu totalement avec la fin du forum. Je l&rsquo;avais transcris sur le mon site aappma-ste-foy.fr pour illustrer les journ\u00e9es jeunes de 2013.<\/p>\n\n\n\n<h2 class=\"wp-block-heading\">Une s\u00e9ance initiation en juillet 2010<\/h2>\n\n\n\n<p>En ce jeudi 15 juillet, l\u2019apr\u00e8s midi est bien avanc\u00e9e et le soleil commence \u00e0 moins cogner. Nous allons au Jomard \u00e0 Souzy . Objectif : petits gardons en bordure.<\/p>\n\n\n\n<figure class=\"wp-block-image aligncenter size-full\"><img loading=\"lazy\" decoding=\"async\" width=\"480\" height=\"640\" src=\"https:\/\/fredt.eu\/notes\/wp-content\/uploads\/2010-1-bons-gestes.jpg\" alt=\"\" class=\"wp-image-646\" srcset=\"https:\/\/fredt.eu\/notes\/wp-content\/uploads\/2010-1-bons-gestes.jpg 480w, https:\/\/fredt.eu\/notes\/wp-content\/uploads\/2010-1-bons-gestes-225x300.jpg 225w\" sizes=\"auto, (max-width: 480px) 100vw, 480px\" \/><\/figure>\n\n\n\n<p>Il est 18h20, tout d\u2019abord, les bons gestes pour mettre la ligne \u00e0 l\u2019eau.<\/p>\n\n\n\n<figure class=\"wp-block-image aligncenter size-full\"><img loading=\"lazy\" decoding=\"async\" width=\"480\" height=\"640\" src=\"https:\/\/fredt.eu\/notes\/wp-content\/uploads\/2010-2-ferrer.jpg\" alt=\"\" class=\"wp-image-647\" srcset=\"https:\/\/fredt.eu\/notes\/wp-content\/uploads\/2010-2-ferrer.jpg 480w, https:\/\/fredt.eu\/notes\/wp-content\/uploads\/2010-2-ferrer-225x300.jpg 225w\" sizes=\"auto, (max-width: 480px) 100vw, 480px\" \/><\/figure>\n\n\n\n<p>Papa m\u2019apprend comment ferrer.<\/p>\n\n\n\n<figure class=\"wp-block-image aligncenter size-full\"><img loading=\"lazy\" decoding=\"async\" width=\"480\" height=\"640\" src=\"https:\/\/fredt.eu\/notes\/wp-content\/uploads\/2010-3-premiere-prise.jpg\" alt=\"\" class=\"wp-image-648\" srcset=\"https:\/\/fredt.eu\/notes\/wp-content\/uploads\/2010-3-premiere-prise.jpg 480w, https:\/\/fredt.eu\/notes\/wp-content\/uploads\/2010-3-premiere-prise-225x300.jpg 225w\" sizes=\"auto, (max-width: 480px) 100vw, 480px\" \/><\/figure>\n\n\n\n<p>Ouais\u2026 ! Je l\u2019ai pris tout seul celui l\u00e0.<\/p>\n\n\n\n<figure class=\"wp-block-image aligncenter size-full\"><img loading=\"lazy\" decoding=\"async\" width=\"640\" height=\"480\" src=\"https:\/\/fredt.eu\/notes\/wp-content\/uploads\/2010-4-pas-facile.jpg\" alt=\"\" class=\"wp-image-649\" srcset=\"https:\/\/fredt.eu\/notes\/wp-content\/uploads\/2010-4-pas-facile.jpg 640w, https:\/\/fredt.eu\/notes\/wp-content\/uploads\/2010-4-pas-facile-300x225.jpg 300w\" sizes=\"auto, (max-width: 640px) 100vw, 640px\" \/><\/figure>\n\n\n\n<p>C\u2019est pas \u00e9vident.<\/p>\n\n\n\n<figure class=\"wp-block-image aligncenter size-full\"><img loading=\"lazy\" decoding=\"async\" width=\"640\" height=\"480\" src=\"https:\/\/fredt.eu\/notes\/wp-content\/uploads\/2010-5-attente.jpg\" alt=\"\" class=\"wp-image-650\" srcset=\"https:\/\/fredt.eu\/notes\/wp-content\/uploads\/2010-5-attente.jpg 640w, https:\/\/fredt.eu\/notes\/wp-content\/uploads\/2010-5-attente-300x225.jpg 300w\" sizes=\"auto, (max-width: 640px) 100vw, 640px\" \/><\/figure>\n\n\n\n<p>Le vent s\u2019est lev\u00e9. \u00c7a mord moins. J\u2019ai pos\u00e9 un peu la canne, je fatigue.<\/p>\n\n\n\n<figure class=\"wp-block-image aligncenter size-full\"><img loading=\"lazy\" decoding=\"async\" width=\"480\" height=\"640\" src=\"https:\/\/fredt.eu\/notes\/wp-content\/uploads\/2010-6-un-dernier.jpg\" alt=\"\" class=\"wp-image-651\" srcset=\"https:\/\/fredt.eu\/notes\/wp-content\/uploads\/2010-6-un-dernier.jpg 480w, https:\/\/fredt.eu\/notes\/wp-content\/uploads\/2010-6-un-dernier-225x300.jpg 225w\" sizes=\"auto, (max-width: 480px) 100vw, 480px\" \/><\/figure>\n\n\n\n<p>Allez, hop, un p\u2019tit dernier.<\/p>\n\n\n\n<figure class=\"wp-block-image aligncenter size-full\"><img loading=\"lazy\" decoding=\"async\" width=\"480\" height=\"640\" src=\"https:\/\/fredt.eu\/notes\/wp-content\/uploads\/2010-7-premiere-bourriche.jpg\" alt=\"\" class=\"wp-image-652\" srcset=\"https:\/\/fredt.eu\/notes\/wp-content\/uploads\/2010-7-premiere-bourriche.jpg 480w, https:\/\/fredt.eu\/notes\/wp-content\/uploads\/2010-7-premiere-bourriche-225x300.jpg 225w\" sizes=\"auto, (max-width: 480px) 100vw, 480px\" \/><\/figure>\n\n\n\n<p>20h00. Et voila ! Pour ma deuxi\u00e8me ou troisi\u00e8me p\u00eache, c\u2019est pas mal non ?<br>\u00ab\u00a0C\u2019\u00e9tait trop bien. Tout seul avec papa, on \u00e9tait trop tranquille.\u00a0\u00bb<\/p>\n\n\n\n<p>Source originale: http:\/\/www.pechemaniac.com\/forums\/viewtopic.php?pid=685204<br><\/p>\n","protected":false},"excerpt":{"rendered":"<p>Publication originale sur pechemaniac.com en 2010, enregistr\u00e9e et restaur\u00e9e de aappma-ste-foy.fr. Depuis 2010, je fr\u00e9quentais r\u00e9guli\u00e8rement le Forum&nbsp;pechemaniac.com. A ce moment je ne pensais pas entrer au conseil d&rsquo;administration de l&rsquo;AAPPMA de Ste Foy, et encore moins participer \u00e0 l&rsquo;organisation et au d\u00e9roulement de journ\u00e9es pour apprendre aux jeunes \u00e0 p\u00eacher.&nbsp; Et pourtant, la vocation [&hellip;]<\/p>\n","protected":false},"author":1,"featured_media":647,"comment_status":"open","ping_status":"open","sticky":false,"template":"","format":"standard","meta":{"slim_seo":{"title":"Apprendre \u00e0 p\u00eacher aux enfants - FredT Notes","description":"Publication originale sur pechemaniac.com en 2010, enregistr\u00e9e et restaur\u00e9e de aappma-ste-foy.fr. Depuis 2010, je fr\u00e9quentais r\u00e9guli\u00e8rement le Forum&nbsp;pechem"},"footnotes":""},"categories":[84,4,69],"tags":[15,107,9,78,12,14],"class_list":["post-645","post","type-post","status-publish","format-standard","has-post-thumbnail","hentry","category-aappma-ste-foy","category-peche","category-recit","tag-aappma","tag-animation","tag-enfant","tag-friture","tag-gardon","tag-initiation"],"_links":{"self":[{"href":"https:\/\/fredt.eu\/notes\/wp-json\/wp\/v2\/posts\/645","targetHints":{"allow":["GET"]}}],"collection":[{"href":"https:\/\/fredt.eu\/notes\/wp-json\/wp\/v2\/posts"}],"about":[{"href":"https:\/\/fredt.eu\/notes\/wp-json\/wp\/v2\/types\/post"}],"author":[{"embeddable":true,"href":"https:\/\/fredt.eu\/notes\/wp-json\/wp\/v2\/users\/1"}],"replies":[{"embeddable":true,"href":"https:\/\/fredt.eu\/notes\/wp-json\/wp\/v2\/comments?post=645"}],"version-history":[{"count":1,"href":"https:\/\/fredt.eu\/notes\/wp-json\/wp\/v2\/posts\/645\/revisions"}],"predecessor-version":[{"id":653,"href":"https:\/\/fredt.eu\/notes\/wp-json\/wp\/v2\/posts\/645\/revisions\/653"}],"wp:featuredmedia":[{"embeddable":true,"href":"https:\/\/fredt.eu\/notes\/wp-json\/wp\/v2\/media\/647"}],"wp:attachment":[{"href":"https:\/\/fredt.eu\/notes\/wp-json\/wp\/v2\/media?parent=645"}],"wp:term":[{"taxonomy":"category","embeddable":true,"href":"https:\/\/fredt.eu\/notes\/wp-json\/wp\/v2\/categories?post=645"},{"taxonomy":"post_tag","embeddable":true,"href":"https:\/\/fredt.eu\/notes\/wp-json\/wp\/v2\/tags?post=645"}],"curies":[{"name":"wp","href":"https:\/\/api.w.org\/{rel}","templated":true}]}}