{"id":558,"date":"2012-05-17T11:08:00","date_gmt":"2012-05-17T09:08:00","guid":{"rendered":"https:\/\/fredt.eu\/notes\/?p=558"},"modified":"2025-07-15T19:45:31","modified_gmt":"2025-07-15T17:45:31","slug":"petit-periple-peche-ardechois","status":"publish","type":"post","link":"https:\/\/fredt.eu\/notes\/peche\/petit-periple-peche-ardechois\/","title":{"rendered":"Petit p\u00e9riple p\u00eache Ard\u00e9chois"},"content":{"rendered":"\n<div class=\"wp-block-columns is-layout-flex wp-container-core-columns-is-layout-28f84493 wp-block-columns-is-layout-flex\">\n<div class=\"wp-block-column is-layout-flow wp-block-column-is-layout-flow\" style=\"flex-basis:33.33%\">\n<figure class=\"wp-block-image size-full\"><img loading=\"lazy\" decoding=\"async\" width=\"180\" height=\"135\" src=\"https:\/\/fredt.eu\/notes\/wp-content\/uploads\/preview.jpg\" alt=\"\" class=\"wp-image-563\"\/><\/figure>\n<\/div>\n\n\n\n<div class=\"wp-block-column is-layout-flow wp-block-column-is-layout-flow\" style=\"flex-basis:66.66%\">\n<p>Publication originale restaur\u00e9e de aappma-ste-foy.fr, par Steph.<\/p>\n<\/div>\n<\/div>\n\n\n\n<p>Pour ce long week-end de l\u2019ascension, nous avons d\u00e9cid\u00e9 de partir en vacances quelques jours. Direction l\u2019Ard\u00e8che, entre Vallon Pont d\u2019Arc et Ruoms. Le camping est tr\u00e8s sympa et \u00e0 50 m de l\u2019Ard\u00e8che !<br>Apres avoir pris nos cartes de p\u00eache (le d\u00e9partement de l\u2019Ard\u00e8che n\u2019est pas r\u00e9ciprocitaire), nous voila au bord de l\u2019eau. Vu le temps pas terrible, les cano\u00ebs ne sont encore pas trop nombreux sur l\u2019Ard\u00e8che et la p\u00eache est encore possible en journ\u00e9e. Malgr\u00e9 tout, la p\u00eache est tr\u00e8s dure, et apr\u00e8s trois petites sessions nous parvenons seulement \u00e0 prendre de nombreuses petites perches aux leurres.<\/p>\n\n\n\n<figure class=\"wp-block-image size-full\"><img loading=\"lazy\" decoding=\"async\" width=\"600\" height=\"480\" src=\"https:\/\/fredt.eu\/notes\/wp-content\/uploads\/perche.jpg\" alt=\"\" class=\"wp-image-562\" srcset=\"https:\/\/fredt.eu\/notes\/wp-content\/uploads\/perche.jpg 600w, https:\/\/fredt.eu\/notes\/wp-content\/uploads\/perche-300x240.jpg 300w\" sizes=\"auto, (max-width: 600px) 100vw, 600px\" \/><\/figure>\n\n\n\n<p>Nombreuses petites perches aux leurres<\/p>\n\n\n\n<p>Les p\u00eaches au pos\u00e9 n\u2019ont rien donn\u00e9es malgr\u00e9 le rep\u00e9rage d\u2019\u00e9normes carpes qui nous font \u00abdes pieds de nez \u00bb<\/p>\n\n\n\n<p>Dernier apr\u00e8s midi, la derni\u00e8re chance ! Direction Ruoms, sous le barrage pour rechercher les barbeaux et les carpes. Apr\u00e8s 1h30, sans la moindre touche (Quentin fais la mou), la canne plie et le fil part dans le courant juste au moment o\u00f9 un groupe de 10 cano\u00ebs passe au dessus de nos lignes. Poissons ou cano\u00ebs ? Apr\u00e8s 3 minutes, plus de doute, les cano\u00ebs sont pass\u00e9s et la canne plie de plus en plus. Apr\u00e8s un beau combat et devant de nombreux spectateurs, Quentin sort de l\u2019eau une belle carpe commune (estimation 7 \u00e0 8 kg). Les bras en compote, et le c\u0153ur \u00e0 200, Quentin reprend le sourire !<\/p>\n\n\n\n<p>Carpe commune, Montage Carpe classique, plomb 50g et bouillette \u00ab tigernuts \u00bb<\/p>\n\n\n\n<figure class=\"wp-block-gallery has-nested-images columns-default is-cropped wp-block-gallery-1 is-layout-flex wp-block-gallery-is-layout-flex\">\n<figure class=\"wp-block-image size-large\"><img loading=\"lazy\" decoding=\"async\" width=\"600\" height=\"480\" data-id=\"560\" src=\"https:\/\/fredt.eu\/notes\/wp-content\/uploads\/carpe1.jpg\" alt=\"\" class=\"wp-image-560\" srcset=\"https:\/\/fredt.eu\/notes\/wp-content\/uploads\/carpe1.jpg 600w, https:\/\/fredt.eu\/notes\/wp-content\/uploads\/carpe1-300x240.jpg 300w\" sizes=\"auto, (max-width: 600px) 100vw, 600px\" \/><\/figure>\n\n\n\n<figure class=\"wp-block-image size-large\"><img loading=\"lazy\" decoding=\"async\" width=\"480\" height=\"600\" data-id=\"561\" src=\"https:\/\/fredt.eu\/notes\/wp-content\/uploads\/carpe2.jpg\" alt=\"\" class=\"wp-image-561\" srcset=\"https:\/\/fredt.eu\/notes\/wp-content\/uploads\/carpe2.jpg 480w, https:\/\/fredt.eu\/notes\/wp-content\/uploads\/carpe2-240x300.jpg 240w\" sizes=\"auto, (max-width: 480px) 100vw, 480px\" \/><\/figure>\n<\/figure>\n\n\n\n<p>Carpe entre 9 et 10Kg \u00e0 Ruoms , Carpe commune, Montage method feeder , bas de ligne 23\/100eme et ma\u00efs doux<\/p>\n\n\n\n<p>De mon cot\u00e9, je p\u00eache un peu plus fin afin d\u2019essayer de prendre un barbeau. Durant la prise de Quentin, je d\u00e9croche un beau poisson, puis sur une touche violente, mon bas de ligne c\u00e8de, la poisse !!!<\/p>\n\n\n\n<p>Apres avoir remont\u00e9 ma canne, je relance et 30 minutes plus tard, nouvelle touche. Cette fois, je m\u2019applique, le poisson est tr\u00e8s puissant et utilise le courant. Ce n\u2019est pas un barbeau mais une belle carpe commune (estimation 9 \u00e0 10kg)<\/p>\n\n\n\n<p>Suite \u00e0 cette derni\u00e8re prise les touches ce sont arr\u00eat\u00e9es, mais nous sommes heureux et satisfait de notre p\u00eache.<\/p>\n\n\n\n<p>A bient\u00f4t les carpes ard\u00e9choises !<\/p>\n\n\n\n<figure class=\"wp-block-image aligncenter size-full\"><img loading=\"lazy\" decoding=\"async\" width=\"400\" height=\"333\" src=\"https:\/\/fredt.eu\/notes\/wp-content\/uploads\/barrage.jpg\" alt=\"\" class=\"wp-image-559\" srcset=\"https:\/\/fredt.eu\/notes\/wp-content\/uploads\/barrage.jpg 400w, https:\/\/fredt.eu\/notes\/wp-content\/uploads\/barrage-300x250.jpg 300w\" sizes=\"auto, (max-width: 400px) 100vw, 400px\" \/><\/figure>\n\n\n\n<p>P\u00eache au barrage de Ruoms en ard\u00e8che <br><a href=\"https:\/\/absolu-peche.fr\/coin\/liste\/geo\/7-ardeche\">Lieux de p\u00eache en Ard\u00e8che<\/a>, recens\u00e9s sur la communaut\u00e9 des p\u00eacheurs Absolu P\u00eache.<\/p>\n","protected":false},"excerpt":{"rendered":"<p>Publication originale restaur\u00e9e de aappma-ste-foy.fr, par Steph. Pour ce long week-end de l\u2019ascension, nous avons d\u00e9cid\u00e9 de partir en vacances quelques jours. Direction l\u2019Ard\u00e8che, entre Vallon Pont d\u2019Arc et Ruoms. Le camping est tr\u00e8s sympa et \u00e0 50 m de l\u2019Ard\u00e8che !Apres avoir pris nos cartes de p\u00eache (le d\u00e9partement de l\u2019Ard\u00e8che n\u2019est pas r\u00e9ciprocitaire), [&hellip;]<\/p>\n","protected":false},"author":1,"featured_media":559,"comment_status":"open","ping_status":"open","sticky":false,"template":"","format":"standard","meta":{"slim_seo":{"title":"Petit p\u00e9riple p\u00eache Ard\u00e9chois - FredT Notes","description":"Publication originale restaur\u00e9e de aappma-ste-foy.fr, par Steph. Pour ce long week-end de l\u2019ascension, nous avons d\u00e9cid\u00e9 de partir en vacances quelques jours. D"},"footnotes":""},"categories":[4,69],"tags":[55,99],"class_list":["post-558","post","type-post","status-publish","format-standard","has-post-thumbnail","hentry","category-peche","category-recit","tag-carpe","tag-perche"],"_links":{"self":[{"href":"https:\/\/fredt.eu\/notes\/wp-json\/wp\/v2\/posts\/558","targetHints":{"allow":["GET"]}}],"collection":[{"href":"https:\/\/fredt.eu\/notes\/wp-json\/wp\/v2\/posts"}],"about":[{"href":"https:\/\/fredt.eu\/notes\/wp-json\/wp\/v2\/types\/post"}],"author":[{"embeddable":true,"href":"https:\/\/fredt.eu\/notes\/wp-json\/wp\/v2\/users\/1"}],"replies":[{"embeddable":true,"href":"https:\/\/fredt.eu\/notes\/wp-json\/wp\/v2\/comments?post=558"}],"version-history":[{"count":1,"href":"https:\/\/fredt.eu\/notes\/wp-json\/wp\/v2\/posts\/558\/revisions"}],"predecessor-version":[{"id":564,"href":"https:\/\/fredt.eu\/notes\/wp-json\/wp\/v2\/posts\/558\/revisions\/564"}],"wp:featuredmedia":[{"embeddable":true,"href":"https:\/\/fredt.eu\/notes\/wp-json\/wp\/v2\/media\/559"}],"wp:attachment":[{"href":"https:\/\/fredt.eu\/notes\/wp-json\/wp\/v2\/media?parent=558"}],"wp:term":[{"taxonomy":"category","embeddable":true,"href":"https:\/\/fredt.eu\/notes\/wp-json\/wp\/v2\/categories?post=558"},{"taxonomy":"post_tag","embeddable":true,"href":"https:\/\/fredt.eu\/notes\/wp-json\/wp\/v2\/tags?post=558"}],"curies":[{"name":"wp","href":"https:\/\/api.w.org\/{rel}","templated":true}]}}