{"id":551,"date":"2012-08-27T10:46:00","date_gmt":"2012-08-27T08:46:00","guid":{"rendered":"https:\/\/fredt.eu\/notes\/?p=551"},"modified":"2025-07-15T19:42:35","modified_gmt":"2025-07-15T17:42:35","slug":"un-ete-peche-a-neuville-sur-saone","status":"publish","type":"post","link":"https:\/\/fredt.eu\/notes\/peche\/un-ete-peche-a-neuville-sur-saone\/","title":{"rendered":"Un \u00e9t\u00e9 p\u00eache \u00e0 Neuville sur Sa\u00f4ne"},"content":{"rendered":"\n<p>Publication originale restaur\u00e9e de aappma-ste-foy.fr.<\/p>\n\n\n\n<figure class=\"wp-block-gallery has-nested-images columns-default is-cropped wp-block-gallery-1 is-layout-flex wp-block-gallery-is-layout-flex\">\n<figure class=\"wp-block-image size-large\"><img loading=\"lazy\" decoding=\"async\" width=\"200\" height=\"150\" data-id=\"552\" src=\"https:\/\/fredt.eu\/notes\/wp-content\/uploads\/materiel-neuville-peche.jpg\" alt=\"\" class=\"wp-image-552\"\/><\/figure>\n\n\n\n<figure class=\"wp-block-image size-large\"><img loading=\"lazy\" decoding=\"async\" width=\"200\" height=\"151\" data-id=\"553\" src=\"https:\/\/fredt.eu\/notes\/wp-content\/uploads\/neuville-peche.jpg\" alt=\"\" class=\"wp-image-553\"\/><\/figure>\n<\/figure>\n\n\n\n<p>Magasin Neuville P\u00eache \u00e0 Genay, Mat\u00e9riel sp\u00e9cifique \u00e0 toute p\u00eache<\/p>\n\n\n\n<p>Cela faisait quelques temps que j&rsquo;entendais dire \u00ab\u00a0il y a du poisson \u00e0 Neuville!\u00a0\u00bb quand je me suis arr\u00eat\u00e9 sous le pont de Neuville sur Sa\u00f4ne la premi\u00e8re fois en mars 2011, \u00e0 environ une heure de route de Ste Foy. Je revenais du magasin Neuville p\u00eache, o\u00f9 Herv\u00e9 Neyrins vous donnera de tr\u00e8s bons conseils, route de Tr\u00e9voux \u00e0 Genay. J&rsquo;y ai choisi ma canne sp\u00e9cial carpe au coup de 11m50 \u00e0 cette occasion. C&rsquo;est un magasin tr\u00e8s bien achaland\u00e9, avec du mat\u00e9riel sp\u00e9cifique \u00e0 toute p\u00eache.<\/p>\n\n\n\n<p>En simple rep\u00e9rage cette premi\u00e8re fois, pourtant avec une fin d&rsquo;hiver tr\u00e8s douce, je n&rsquo;ai vu aucun p\u00eacheur sur le quai. En fait je dirais m\u00eame, malgr\u00e9 quelques rumeur que le coin \u00e9tait tr\u00e8s poissonneux, lue de part et d&rsquo;autre dans divers forum, l&rsquo;id\u00e9e de p\u00eacher cet endroit en plein centre ville ne m&rsquo;a gu\u00e8re inspir\u00e9e. Et finalement\u2026<\/p>\n\n\n\n<figure class=\"wp-block-image size-full\"><img loading=\"lazy\" decoding=\"async\" width=\"1024\" height=\"768\" src=\"https:\/\/fredt.eu\/notes\/wp-content\/uploads\/2012\/08\/neuville-spot-peche-101_6411.jpg\" alt=\"\" class=\"wp-image-967\" srcset=\"https:\/\/fredt.eu\/notes\/wp-content\/uploads\/2012\/08\/neuville-spot-peche-101_6411.jpg 1024w, https:\/\/fredt.eu\/notes\/wp-content\/uploads\/2012\/08\/neuville-spot-peche-101_6411-300x225.jpg 300w, https:\/\/fredt.eu\/notes\/wp-content\/uploads\/2012\/08\/neuville-spot-peche-101_6411-768x576.jpg 768w\" sizes=\"auto, (max-width: 1024px) 100vw, 1024px\" \/><\/figure>\n\n\n\n<p>Mars 2011, quai de Neuville sur sa\u00f4ne<\/p>\n\n\n\n<p>En juin de cette ann\u00e9e, j&rsquo;ai \u00e9t\u00e9 oblig\u00e9 de retourn\u00e9 \u00e0 Neuville p\u00eache pour retrouver un \u00e9l\u00e9ment de ma canne, qui avait \u00e9t\u00e9 transperc\u00e9 et fendue tr\u00e8s proprement par le triple d&rsquo;un leurre venu s&rsquo;y planter! Au passage mes remerciements \u00e0 l&rsquo;ami Nico qui m&rsquo;aura permis de retourner dans le coin, et aussi encore f\u00e9licitation au magasin Neuville P\u00eache sur qui on peut compter!<\/p>\n\n\n\n<figure class=\"wp-block-image size-full\"><img loading=\"lazy\" decoding=\"async\" width=\"800\" height=\"800\" src=\"https:\/\/fredt.eu\/notes\/wp-content\/uploads\/2025\/03\/bourrich-bremes-6.jpg\" alt=\"\" class=\"wp-image-988\" srcset=\"https:\/\/fredt.eu\/notes\/wp-content\/uploads\/2025\/03\/bourrich-bremes-6.jpg 800w, https:\/\/fredt.eu\/notes\/wp-content\/uploads\/2025\/03\/bourrich-bremes-6-300x300.jpg 300w, https:\/\/fredt.eu\/notes\/wp-content\/uploads\/2025\/03\/bourrich-bremes-6-150x150.jpg 150w, https:\/\/fredt.eu\/notes\/wp-content\/uploads\/2025\/03\/bourrich-bremes-6-768x768.jpg 768w\" sizes=\"auto, (max-width: 800px) 100vw, 800px\" \/><\/figure>\n\n\n\n<p><br>En allant chercher mon morceau de canne un vendredi soir en juin, sait-on jamais, j&rsquo;avais emmen\u00e9 une petite canne feeder, un restant d&rsquo;amorce congel\u00e9e et quelques asticots. Bien m&rsquo;en a pris, au retour la circulation sur la route \u00e9tait d\u00e9sesp\u00e9rante. Pour tester, j&rsquo;ai donc fait une petite halte en attendant que le gros des voitures passe. En \u00e0 peine 2 heures de p\u00eache au gros du soleil, tr\u00e8s limit\u00e9 en amorce et esches, je sors 4 belles br\u00e8mes et hybride et d\u00e9plore 2 casses. Je me promets d&rsquo;y revenir sous peu, m\u00eame si l&rsquo;abondance de cygnes, pigeons et canards nourris au pain par les promeneurs locaux est presque g\u00eanante!<\/p>\n\n\n\n<figure class=\"wp-block-image size-full\"><img loading=\"lazy\" decoding=\"async\" width=\"800\" height=\"800\" src=\"https:\/\/fredt.eu\/notes\/wp-content\/uploads\/2025\/03\/saone-grande-canne.jpg\" alt=\"\" class=\"wp-image-983\" srcset=\"https:\/\/fredt.eu\/notes\/wp-content\/uploads\/2025\/03\/saone-grande-canne.jpg 800w, https:\/\/fredt.eu\/notes\/wp-content\/uploads\/2025\/03\/saone-grande-canne-300x300.jpg 300w, https:\/\/fredt.eu\/notes\/wp-content\/uploads\/2025\/03\/saone-grande-canne-150x150.jpg 150w, https:\/\/fredt.eu\/notes\/wp-content\/uploads\/2025\/03\/saone-grande-canne-768x768.jpg 768w\" sizes=\"auto, (max-width: 800px) 100vw, 800px\" \/><\/figure>\n\n\n\n<p>Cygnes, pigeons, canards limite g\u00eanants pour la p\u00eache!<\/p>\n\n\n\n<figure class=\"wp-block-image size-full\"><img loading=\"lazy\" decoding=\"async\" width=\"800\" height=\"800\" src=\"https:\/\/fredt.eu\/notes\/wp-content\/uploads\/2012\/08\/bourrich-bremes-2.jpg\" alt=\"\" class=\"wp-image-968\" srcset=\"https:\/\/fredt.eu\/notes\/wp-content\/uploads\/2012\/08\/bourrich-bremes-2.jpg 800w, https:\/\/fredt.eu\/notes\/wp-content\/uploads\/2012\/08\/bourrich-bremes-2-300x300.jpg 300w, https:\/\/fredt.eu\/notes\/wp-content\/uploads\/2012\/08\/bourrich-bremes-2-150x150.jpg 150w, https:\/\/fredt.eu\/notes\/wp-content\/uploads\/2012\/08\/bourrich-bremes-2-768x768.jpg 768w\" sizes=\"auto, (max-width: 800px) 100vw, 800px\" \/><\/figure>\n\n\n\n<p>Bourriche de br\u00e8mes<\/p>\n\n\n\n<p>Fin juillet, profitant de la fin des vacances, j&rsquo;arrive de bonne heure un vendredi matin et commence ma journ\u00e9e au p\u00f4le feeder. Je p\u00eacherais \u00e0 10m et essayerai un compl\u00e9ment d&rsquo;amor\u00e7age avec une dizaine de joli boule, mais ce sera sans doute une erreur. Malgr\u00e9 les avoir bien aplatie et tass\u00e9e elles auront sans doute roul\u00e9e plus bas. Sous la canne \u00e0 10 m\u00e8tres, il y a 5 bons m\u00e8tres de fond et \u00e7a continu \u00e0 descendre tr\u00e8s vite pour finir \u00e0 environ 7 m\u00e8tres un peu plus loin. Il semble qu&rsquo;ensuite le fond descende un peu moins pour trouver environ 8 m\u00e8tres \u00e0 35-40 m\u00e8tres du bord.<\/p>\n\n\n\n<figure class=\"wp-block-image size-full\"><img loading=\"lazy\" decoding=\"async\" width=\"800\" height=\"800\" src=\"https:\/\/fredt.eu\/notes\/wp-content\/uploads\/2025\/03\/carpe-commune-saone-2.jpg\" alt=\"\" class=\"wp-image-976\" srcset=\"https:\/\/fredt.eu\/notes\/wp-content\/uploads\/2025\/03\/carpe-commune-saone-2.jpg 800w, https:\/\/fredt.eu\/notes\/wp-content\/uploads\/2025\/03\/carpe-commune-saone-2-300x300.jpg 300w, https:\/\/fredt.eu\/notes\/wp-content\/uploads\/2025\/03\/carpe-commune-saone-2-150x150.jpg 150w, https:\/\/fredt.eu\/notes\/wp-content\/uploads\/2025\/03\/carpe-commune-saone-2-768x768.jpg 768w\" sizes=\"auto, (max-width: 800px) 100vw, 800px\" \/><\/figure>\n\n\n\n<p>Le poisson \u00e0 donc eu du mal \u00e0 rentrer sur le coup, et devait \u00eatre rest\u00e9 un peu plus loin. Voulant absolument pers\u00e9v\u00e9rer \u00e0 la grande canne, j&rsquo;ai tout de m\u00eame eu un tr\u00e8s bon passage en fin de matin\u00e9e. Puis avec un vent du nord devenu trop violant, j&rsquo;ai fini par d\u00e9plier ma canne feeder pour p\u00eacher un peu plus classiquement dans un tel endroit.<\/p>\n\n\n\n<p>Premier petit silure<\/p>\n\n\n\n<figure class=\"wp-block-image size-full\"><img loading=\"lazy\" decoding=\"async\" width=\"800\" height=\"800\" src=\"https:\/\/fredt.eu\/notes\/wp-content\/uploads\/2012\/08\/bebe-silure.jpg\" alt=\"\" class=\"wp-image-969\" srcset=\"https:\/\/fredt.eu\/notes\/wp-content\/uploads\/2012\/08\/bebe-silure.jpg 800w, https:\/\/fredt.eu\/notes\/wp-content\/uploads\/2012\/08\/bebe-silure-300x300.jpg 300w, https:\/\/fredt.eu\/notes\/wp-content\/uploads\/2012\/08\/bebe-silure-150x150.jpg 150w, https:\/\/fredt.eu\/notes\/wp-content\/uploads\/2012\/08\/bebe-silure-768x768.jpg 768w\" sizes=\"auto, (max-width: 800px) 100vw, 800px\" \/><\/figure>\n\n\n\n<p>Et l\u00e0, vraiment petit vous me direz, mais il faut bien un d\u00e9but \u00e0 tout, je fais mon premier silure!<\/p>\n\n\n\n<p>Quelques br\u00e8mes plus tard, la canne plie franchement et le moulinet s&#8217;emballe. \u00c7a d\u00e9roule autant que \u00e7a peu. Apr\u00e8s un joli combat, je mets au sec une bien belle carpe commune de 5kg600.<\/p>\n\n\n\n<p>Belle commune de Sa\u00f4ne<\/p>\n\n\n\n<figure class=\"wp-block-image size-full\"><img loading=\"lazy\" decoding=\"async\" width=\"800\" height=\"800\" src=\"https:\/\/fredt.eu\/notes\/wp-content\/uploads\/2012\/08\/carpe-commune-saone.jpg\" alt=\"\" class=\"wp-image-970\" srcset=\"https:\/\/fredt.eu\/notes\/wp-content\/uploads\/2012\/08\/carpe-commune-saone.jpg 800w, https:\/\/fredt.eu\/notes\/wp-content\/uploads\/2012\/08\/carpe-commune-saone-300x300.jpg 300w, https:\/\/fredt.eu\/notes\/wp-content\/uploads\/2012\/08\/carpe-commune-saone-150x150.jpg 150w, https:\/\/fredt.eu\/notes\/wp-content\/uploads\/2012\/08\/carpe-commune-saone-768x768.jpg 768w\" sizes=\"auto, (max-width: 800px) 100vw, 800px\" \/><\/figure>\n\n\n\n<p>La Sa\u00f4ne m&rsquo;aura combl\u00e9e, et je finis avec une bourriche de 17kg de poissons blanc.<\/p>\n\n\n\n<figure class=\"wp-block-image size-full\"><img loading=\"lazy\" decoding=\"async\" width=\"800\" height=\"800\" src=\"https:\/\/fredt.eu\/notes\/wp-content\/uploads\/2025\/03\/carpe-remise-a-l-eau.jpg\" alt=\"\" class=\"wp-image-977\" srcset=\"https:\/\/fredt.eu\/notes\/wp-content\/uploads\/2025\/03\/carpe-remise-a-l-eau.jpg 800w, https:\/\/fredt.eu\/notes\/wp-content\/uploads\/2025\/03\/carpe-remise-a-l-eau-300x300.jpg 300w, https:\/\/fredt.eu\/notes\/wp-content\/uploads\/2025\/03\/carpe-remise-a-l-eau-150x150.jpg 150w, https:\/\/fredt.eu\/notes\/wp-content\/uploads\/2025\/03\/carpe-remise-a-l-eau-768x768.jpg 768w\" sizes=\"auto, (max-width: 800px) 100vw, 800px\" \/><\/figure>\n\n\n\n<p>Mais ne nous arr\u00eatons pas l\u00e0. Pour terminer les vacances, 2 jours plus tard le dimanche, je retourne sur le poste en compagnie de co\u00e9quipiers Lyonnais. Plac\u00e9 pourtant \u00e0 quelques m\u00e8tres de la fois pr\u00e9c\u00e9dente, j&rsquo;abandonne vite le p\u00f4le feeder car \u00e7a accroche beaucoup! Mais au feeder quelle que soit la distance, mes amis comme moi nous n&rsquo;avons pas le succ\u00e8s escompt\u00e9. Les touches sont rares et tr\u00e8s rapides. Les br\u00e8mes ne sont pas au rendez-vous. Mes potes Lyonnais commencent \u00e0 r\u00e2ler que mon fameux bon coin, n&rsquo;est pas tout \u00e0 fait ce que je leur ai dit.<\/p>\n\n\n\n<p>De bon matin en arrivant avant l&rsquo;aube, j&rsquo;avais d\u00e9pli\u00e9 le rod-pod et plac\u00e9 3 cannes \u00e0 carpes. Sur les 2 rives \u00e0 cet endroit, le secteur est en zone p\u00eache de nuit. Apr\u00e8s le repas de midi, \u00e0 moiti\u00e9 assoupis dans la chaise longue, et au moment o\u00f9 je m&rsquo;y attendais le moins, un d\u00e9tecteur se met \u00e0 hurler! Encore une jolie commune \u00e0 Neuville sur sa\u00f4ne, prise avec une bouillette maison \u00e9pic\u00e9e.<\/p>\n\n\n\n<p>Carpe prise sur bouillette maison<\/p>\n\n\n\n<figure class=\"wp-block-image size-full\"><img loading=\"lazy\" decoding=\"async\" width=\"800\" height=\"800\" src=\"https:\/\/fredt.eu\/notes\/wp-content\/uploads\/2025\/03\/rod-pod-quai-neuville.jpg\" alt=\"\" class=\"wp-image-982\" srcset=\"https:\/\/fredt.eu\/notes\/wp-content\/uploads\/2025\/03\/rod-pod-quai-neuville.jpg 800w, https:\/\/fredt.eu\/notes\/wp-content\/uploads\/2025\/03\/rod-pod-quai-neuville-300x300.jpg 300w, https:\/\/fredt.eu\/notes\/wp-content\/uploads\/2025\/03\/rod-pod-quai-neuville-150x150.jpg 150w, https:\/\/fredt.eu\/notes\/wp-content\/uploads\/2025\/03\/rod-pod-quai-neuville-768x768.jpg 768w\" sizes=\"auto, (max-width: 800px) 100vw, 800px\" \/><\/figure>\n\n\n\n<p>Pris de nouveau d&rsquo;engouement par le d\u00e9part de ce poisson, une id\u00e9e me trottait derri\u00e8re la t\u00eate depuis quelques heures. Je fais appel \u00e0 Vincent, et \u00e9change un de mes bas de ligne carpe par un montage assez grossier muni de 2 triples. Esch\u00e9 d&rsquo;une br\u00e8me de 500gr, je fais passer ma ligne \u00e0 Vincent mont\u00e9 sur le pont, qui me la d\u00e9pose au pied de la premi\u00e8re pile. A peine 5 minutes plus tard, un l\u00e9ger bip-bip retentit, puis plus rien. Au pied de la canne, encore quelques minutes et de nouveau une secousse rapide fait sonner le d\u00e9tecteur. Il semble que le vif amuse la galerie, mais pas de d\u00e9part. Puis d&rsquo;un coup le scion se plie et \u00e7a d\u00e9roule. Je ferre, c&rsquo;est lourd et \u00e7a garde le fond. Un combat tout en force s&rsquo;engage, et je suis le poisson jusqu&rsquo;\u00e0 sous le pont. Quand enfin il daigne remonter en surface, j&rsquo;admire mon deuxi\u00e8me silure du haut du quai. On le mesure \u00e0 1m10. Et pour cl\u00f4turer l&rsquo;apr\u00e8s midi, un deuxi\u00e8me d\u00e9part de carpe, me fera prendre \u00e0 nouveau une commune de 5kg.<\/p>\n\n\n\n<p>Deuxi\u00e8me silure, beau b\u00e9b\u00e9 de 1m10<\/p>\n\n\n\n<figure class=\"wp-block-image size-full\"><img loading=\"lazy\" decoding=\"async\" width=\"800\" height=\"800\" src=\"https:\/\/fredt.eu\/notes\/wp-content\/uploads\/2012\/08\/silure-saone.jpg\" alt=\"\" class=\"wp-image-972\" srcset=\"https:\/\/fredt.eu\/notes\/wp-content\/uploads\/2012\/08\/silure-saone.jpg 800w, https:\/\/fredt.eu\/notes\/wp-content\/uploads\/2012\/08\/silure-saone-300x300.jpg 300w, https:\/\/fredt.eu\/notes\/wp-content\/uploads\/2012\/08\/silure-saone-150x150.jpg 150w, https:\/\/fredt.eu\/notes\/wp-content\/uploads\/2012\/08\/silure-saone-768x768.jpg 768w\" sizes=\"auto, (max-width: 800px) 100vw, 800px\" \/><\/figure>\n\n\n\n<p>Le 11 ao\u00fbt suivant, pour pr\u00e9parer une p\u00eache de nuit avec mon ami Laurent, nous avons fait une petite p\u00eache plus en amont sur l&rsquo;autre rive. Faute de touche, m\u00eame au feeder, nous avons finis par plier pour rep\u00e9rer quelques coins sur le chemin de halage en contrebas du pont. Nous finirons sur le quai, avec casse-cro\u00fbte et de nouveau les cannes d\u00e9pli\u00e9es. Peut-\u00eatre avec la chaleur accablante les seules prises que nous ferons pour finir la soir\u00e9e, serons les prises de vues suivantes:<\/p>\n\n\n\n<p>Coucher du soleil \u00e0 Neuville Cygnes sur la Sa\u00f4ne<\/p>\n\n\n\n<p>Mon plus gros barbeau<\/p>\n\n\n\n<figure class=\"wp-block-image size-full\"><img loading=\"lazy\" decoding=\"async\" width=\"800\" height=\"800\" src=\"https:\/\/fredt.eu\/notes\/wp-content\/uploads\/2012\/08\/barbeau-saone.jpg\" alt=\"\" class=\"wp-image-973\" srcset=\"https:\/\/fredt.eu\/notes\/wp-content\/uploads\/2012\/08\/barbeau-saone.jpg 800w, https:\/\/fredt.eu\/notes\/wp-content\/uploads\/2012\/08\/barbeau-saone-300x300.jpg 300w, https:\/\/fredt.eu\/notes\/wp-content\/uploads\/2012\/08\/barbeau-saone-150x150.jpg 150w, https:\/\/fredt.eu\/notes\/wp-content\/uploads\/2012\/08\/barbeau-saone-768x768.jpg 768w\" sizes=\"auto, (max-width: 800px) 100vw, 800px\" \/><\/figure>\n\n\n\n<p>Mais ne restons pas sur un \u00e9chec! Samedi 25 ao\u00fbt, je remets \u00e0 nouveau les pieds sur le quai de Neuville. Fort de mes pr\u00e9c\u00e9dentes exp\u00e9riences, ce sera \u00e0 nouveau p\u00f4le feeder mais \u00e0 11m50. Munis d&rsquo;une nouvelle amorce que j&rsquo;essaie, distribu\u00e9e par Salmo01 sur le forum les amis de la p\u00eache, Neuville me r\u00e9serve encore des surprises\u2026 Apr\u00e8s la prise de quelques plaquettes mon \u00e9lastique en 1.8, se tend. Le poisson garde le fond, cherche le fond, essaie de s&rsquo;\u00e9loigner\u2026 Le combat dur, et impossible de d\u00e9coller le bestiau. J&rsquo;ai adopt\u00e9 de ne pas trop tendre l&rsquo;\u00e9lastique pour mieux percevoir les touches au p\u00f4le feeder. Ce n\u2019est donc pas \u00e9vident de faire remonter le poisson. Celui-ci commence vraiment \u00e0 me fatiguer les bras quand enfin il commence \u00e0 approcher de la surface. Le suspens dure encore un moment et je ne sais toujours pas ce que s&rsquo;est. Il ne me semble pas \u00eatre une carpe. Peut-\u00eatre un silure? Finalement apr\u00e8s une mise \u00e0 l&rsquo;\u00e9puisette laborieuse, je contemple mon plus beau barbeau: 3kg100!<\/p>\n\n\n\n<p>Je retire la bourriche<\/p>\n\n\n\n<figure class=\"wp-block-image size-full\"><img loading=\"lazy\" decoding=\"async\" width=\"800\" height=\"800\" src=\"https:\/\/fredt.eu\/notes\/wp-content\/uploads\/2025\/03\/bourrich-bremes-5.jpg\" alt=\"\" class=\"wp-image-987\" srcset=\"https:\/\/fredt.eu\/notes\/wp-content\/uploads\/2025\/03\/bourrich-bremes-5.jpg 800w, https:\/\/fredt.eu\/notes\/wp-content\/uploads\/2025\/03\/bourrich-bremes-5-300x300.jpg 300w, https:\/\/fredt.eu\/notes\/wp-content\/uploads\/2025\/03\/bourrich-bremes-5-150x150.jpg 150w, https:\/\/fredt.eu\/notes\/wp-content\/uploads\/2025\/03\/bourrich-bremes-5-768x768.jpg 768w\" sizes=\"auto, (max-width: 800px) 100vw, 800px\" \/><\/figure>\n\n\n\n<figure class=\"wp-block-image size-large\"><img decoding=\"async\" src=\"https:\/\/fredt.eu\/notes\/wp-content\/uploads\/2012\/08\/bourrich-bremes-5-1024x1024.jpg\" alt=\"Je retire la bourriche\" class=\"wp-image-974\"\/><\/figure>\n\n\n\n<figure class=\"wp-block-image size-full\"><img loading=\"lazy\" decoding=\"async\" width=\"800\" height=\"800\" src=\"https:\/\/fredt.eu\/notes\/wp-content\/uploads\/2025\/03\/bourrich-bremes-4.jpg\" alt=\"\" class=\"wp-image-986\" srcset=\"https:\/\/fredt.eu\/notes\/wp-content\/uploads\/2025\/03\/bourrich-bremes-4.jpg 800w, https:\/\/fredt.eu\/notes\/wp-content\/uploads\/2025\/03\/bourrich-bremes-4-300x300.jpg 300w, https:\/\/fredt.eu\/notes\/wp-content\/uploads\/2025\/03\/bourrich-bremes-4-150x150.jpg 150w, https:\/\/fredt.eu\/notes\/wp-content\/uploads\/2025\/03\/bourrich-bremes-4-768x768.jpg 768w\" sizes=\"auto, (max-width: 800px) 100vw, 800px\" \/><\/figure>\n\n\n\n<p>La p\u00eache \u00e0 Neuville n&rsquo;est pas au bout de mes surprises, plus tard dans la matin\u00e9e, et quelques br\u00e8mes de plus, j&rsquo;ai la visite d&rsquo;une jolie tanche d&rsquo;environ 1kg500. La taille des br\u00e8mes ne fait qu&rsquo;augmenter. Fin de matin\u00e9e, occup\u00e9 \u00e0 pr\u00e9parer un nouveau bas de ligne, je l\u00e8ve la t\u00eate et vois le scion de ma canne sous l&rsquo;eau. Tout aussi difficile \u00e0 sortir que le premier, un deuxi\u00e8me barbeau s&rsquo;est pendu! A quelque chose pr\u00eat, il est aussi gros que le premier!<\/p>\n\n\n\n<p>Je ne p\u00e8serais pas ma bourriche que je j&rsquo;estime \u00e0 un peu moins de 30kg. L&rsquo;eau encore tr\u00e8s chaude, malgr\u00e9 un rafra\u00eechissement du temps b\u00e9n\u00e9fique pour la p\u00eache \u00e0 assez fatigu\u00e9 les poissons que je rel\u00e2cherai assez rapidement apr\u00e8s avoir contempl\u00e9 le tableau. Il y a malheureusement eu de la perte \u2026<\/p>\n\n\n\n<p>Bourriche de Neuville<\/p>\n\n\n\n<figure class=\"wp-block-image size-full\"><img loading=\"lazy\" decoding=\"async\" width=\"800\" height=\"800\" src=\"https:\/\/fredt.eu\/notes\/wp-content\/uploads\/2025\/03\/bourrich-bremes-3.jpg\" alt=\"\" class=\"wp-image-985\" srcset=\"https:\/\/fredt.eu\/notes\/wp-content\/uploads\/2025\/03\/bourrich-bremes-3.jpg 800w, https:\/\/fredt.eu\/notes\/wp-content\/uploads\/2025\/03\/bourrich-bremes-3-300x300.jpg 300w, https:\/\/fredt.eu\/notes\/wp-content\/uploads\/2025\/03\/bourrich-bremes-3-150x150.jpg 150w, https:\/\/fredt.eu\/notes\/wp-content\/uploads\/2025\/03\/bourrich-bremes-3-768x768.jpg 768w\" sizes=\"auto, (max-width: 800px) 100vw, 800px\" \/><\/figure>\n\n\n\n<p>Plus de d\u00e9tail sur le lieu du r\u00e9cit p\u00eache, plans d&rsquo;acc\u00e8s et autres photos: <a href=\"https:\/\/absolu-peche.fr\/coin\/470-pont-neuville-sur-saone\">Fiche Absolu p\u00eache Pont de Neuville<\/a><\/p>\n\n\n\n<figure class=\"wp-block-image size-full\"><img loading=\"lazy\" decoding=\"async\" width=\"1024\" height=\"576\" src=\"https:\/\/fredt.eu\/notes\/wp-content\/uploads\/2025\/03\/coucher-soleil-saone.jpg\" alt=\"\" class=\"wp-image-978\" srcset=\"https:\/\/fredt.eu\/notes\/wp-content\/uploads\/2025\/03\/coucher-soleil-saone.jpg 1024w, https:\/\/fredt.eu\/notes\/wp-content\/uploads\/2025\/03\/coucher-soleil-saone-300x169.jpg 300w, https:\/\/fredt.eu\/notes\/wp-content\/uploads\/2025\/03\/coucher-soleil-saone-768x432.jpg 768w\" sizes=\"auto, (max-width: 1024px) 100vw, 1024px\" \/><\/figure>\n","protected":false},"excerpt":{"rendered":"<p>Publication originale restaur\u00e9e de aappma-ste-foy.fr. Magasin Neuville P\u00eache \u00e0 Genay, Mat\u00e9riel sp\u00e9cifique \u00e0 toute p\u00eache Cela faisait quelques temps que j&rsquo;entendais dire \u00ab\u00a0il y a du poisson \u00e0 Neuville!\u00a0\u00bb quand je me suis arr\u00eat\u00e9 sous le pont de Neuville sur Sa\u00f4ne la premi\u00e8re fois en mars 2011, \u00e0 environ une heure de route de Ste [&hellip;]<\/p>\n","protected":false},"author":1,"featured_media":986,"comment_status":"open","ping_status":"open","sticky":false,"template":"","format":"standard","meta":{"slim_seo":{"title":"Un \u00e9t\u00e9 p\u00eache \u00e0 Neuville sur Sa\u00f4ne - FredT Notes","description":"Publication originale restaur\u00e9e de aappma-ste-foy.fr. Magasin Neuville P\u00eache \u00e0 Genay, Mat\u00e9riel sp\u00e9cifique \u00e0 toute p\u00eache Cela faisait quelques temps que j'entend"},"footnotes":""},"categories":[4,69],"tags":[116,73,55,70,71,61,98,57,105],"class_list":["post-551","post","type-post","status-publish","format-standard","has-post-thumbnail","hentry","category-peche","category-recit","tag-barbeau","tag-breme","tag-carpe","tag-feeder","tag-fleuve","tag-grande-canne","tag-saone","tag-silure","tag-tanche"],"_links":{"self":[{"href":"https:\/\/fredt.eu\/notes\/wp-json\/wp\/v2\/posts\/551","targetHints":{"allow":["GET"]}}],"collection":[{"href":"https:\/\/fredt.eu\/notes\/wp-json\/wp\/v2\/posts"}],"about":[{"href":"https:\/\/fredt.eu\/notes\/wp-json\/wp\/v2\/types\/post"}],"author":[{"embeddable":true,"href":"https:\/\/fredt.eu\/notes\/wp-json\/wp\/v2\/users\/1"}],"replies":[{"embeddable":true,"href":"https:\/\/fredt.eu\/notes\/wp-json\/wp\/v2\/comments?post=551"}],"version-history":[{"count":8,"href":"https:\/\/fredt.eu\/notes\/wp-json\/wp\/v2\/posts\/551\/revisions"}],"predecessor-version":[{"id":999,"href":"https:\/\/fredt.eu\/notes\/wp-json\/wp\/v2\/posts\/551\/revisions\/999"}],"wp:featuredmedia":[{"embeddable":true,"href":"https:\/\/fredt.eu\/notes\/wp-json\/wp\/v2\/media\/986"}],"wp:attachment":[{"href":"https:\/\/fredt.eu\/notes\/wp-json\/wp\/v2\/media?parent=551"}],"wp:term":[{"taxonomy":"category","embeddable":true,"href":"https:\/\/fredt.eu\/notes\/wp-json\/wp\/v2\/categories?post=551"},{"taxonomy":"post_tag","embeddable":true,"href":"https:\/\/fredt.eu\/notes\/wp-json\/wp\/v2\/tags?post=551"}],"curies":[{"name":"wp","href":"https:\/\/api.w.org\/{rel}","templated":true}]}}