{"id":536,"date":"2012-04-09T21:04:00","date_gmt":"2012-04-09T19:04:00","guid":{"rendered":"https:\/\/fredt.eu\/notes\/?p=536"},"modified":"2025-07-15T19:47:15","modified_gmt":"2025-07-15T17:47:15","slug":"retour-a-balbigny-en-loire","status":"publish","type":"post","link":"https:\/\/fredt.eu\/notes\/peche\/retour-a-balbigny-en-loire\/","title":{"rendered":"Retour \u00e0 Balbigny, en Loire"},"content":{"rendered":"\n<p>Publication originale restaur\u00e9e de aappma-ste-foy.fr.<\/p>\n\n\n\n<div class=\"wp-block-columns is-layout-flex wp-container-core-columns-is-layout-28f84493 wp-block-columns-is-layout-flex\">\n<div class=\"wp-block-column is-layout-flow wp-block-column-is-layout-flow\">\n<p>Lundi 09 avril, 15 jours apr\u00e8s une belle p\u00eache de d\u00e9but de saison , m\u00eame poste, m\u00eame technique, avec un peu plus de strat\u00e9gie.<\/p>\n<\/div>\n\n\n\n<div class=\"wp-block-column is-layout-flow wp-block-column-is-layout-flow\">\n<figure class=\"wp-block-image size-full\"><img loading=\"lazy\" decoding=\"async\" width=\"280\" height=\"376\" src=\"https:\/\/fredt.eu\/notes\/wp-content\/uploads\/2012-04-09-retour-a-balbigny-1.jpg\" alt=\"\" class=\"wp-image-549\" srcset=\"https:\/\/fredt.eu\/notes\/wp-content\/uploads\/2012-04-09-retour-a-balbigny-1.jpg 280w, https:\/\/fredt.eu\/notes\/wp-content\/uploads\/2012-04-09-retour-a-balbigny-1-223x300.jpg 223w\" sizes=\"auto, (max-width: 280px) 100vw, 280px\" \/><\/figure>\n<\/div>\n<\/div>\n\n\n\n<p>Cette fois, mieux pr\u00e9par\u00e9 que la derni\u00e8re, l&rsquo;objectif est d&rsquo;affiner ma technique au Quiver, et en particulier, je d\u00e9sire d\u00e9jouer la puissance des carpes. Pour cela, je retrouve un vieux moulin garni de 30\u00b0\/\u00b0\u00b0 que je monterai sur la premi\u00e8re canne avec un bas de ligne en 25\u00b0\/\u00b0\u00b0. Je me contenterai d&rsquo;une seule deuxi\u00e8me canne \u00e9quip\u00e9e comme la fois pr\u00e9c\u00e9dente. Par contre le bas de ligne sera en 20\u00b0\/\u00b0\u00b0 avec un fil que je n&rsquo;appr\u00e9cie gu\u00e8re, car tr\u00e8s souple et source d&#8217;emm\u00ealages. Si le bas de ligne reste plus ou moins pris avec la cage-feeder, le contact avec le poisson n&rsquo;est plus directe et les touches restent sans suites.<\/p>\n\n\n\n<p>En parall\u00e8le, j&rsquo;ai pr\u00e9vu 2 cannes carpes, si jamais je constate les m\u00eames sauts que le 25 mars. Je n&rsquo;en verrai pas et le rod-pod restera au fourreau. De toute mani\u00e8re, sur une session p\u00eache comme celle-ci, on p\u00eache beaucoup mieux en se contentant d&rsquo;une seule technique.<\/p>\n\n\n\n<figure class=\"wp-block-image size-full\"><img loading=\"lazy\" decoding=\"async\" width=\"640\" height=\"481\" src=\"https:\/\/fredt.eu\/notes\/wp-content\/uploads\/2012-04-09-retour-a-balbigny-2.jpg\" alt=\"\" class=\"wp-image-547\" srcset=\"https:\/\/fredt.eu\/notes\/wp-content\/uploads\/2012-04-09-retour-a-balbigny-2.jpg 640w, https:\/\/fredt.eu\/notes\/wp-content\/uploads\/2012-04-09-retour-a-balbigny-2-300x225.jpg 300w\" sizes=\"auto, (max-width: 640px) 100vw, 640px\" \/><\/figure>\n\n\n\n<p>Pour l&rsquo;amorce, je terminerai mon restant carpes et gros poissons de 2011, qui convient tr\u00e8s bien pour le feeder. Ayant perdu de son attractivit\u00e9, je lui ajoute un ar\u00f4me vanille trouv\u00e9 \u00e0 la cuisine. Je compl\u00e8te avec du ch\u00e8nevis cuit, des pellets de 8, un restant de pellet moux qui ont s\u00e9ch\u00e9s, des bouillettes maisons broill\u00e9es devenues trop dures. N&rsquo;ayant pas assez de bloches pour en incorporer, je d\u00e9cide de charger en ma\u00efs doux avec presque 2 boites de 300gr, jus compris. Les carpes seront peut-\u00eatre encore plus tent\u00e9es. Menu du jour:<\/p>\n\n\n\n<figure class=\"wp-block-image size-full\"><img loading=\"lazy\" decoding=\"async\" width=\"640\" height=\"338\" src=\"https:\/\/fredt.eu\/notes\/wp-content\/uploads\/2012-04-09-retour-a-balbigny-3.jpg\" alt=\"\" class=\"wp-image-548\" srcset=\"https:\/\/fredt.eu\/notes\/wp-content\/uploads\/2012-04-09-retour-a-balbigny-3.jpg 640w, https:\/\/fredt.eu\/notes\/wp-content\/uploads\/2012-04-09-retour-a-balbigny-3-300x158.jpg 300w\" sizes=\"auto, (max-width: 640px) 100vw, 640px\" \/><\/figure>\n\n\n\n<p>Je d\u00e9bute ma session \u00e0 7h, avec un peu de retard sur l&rsquo;heure l\u00e9gale. Il fait 3\u00b0C, le temps est couvert, niveau de l&rsquo;eau et d\u00e9bit tr\u00e8s bas. Voici un aper\u00e7u des courbes Vigicrues sur la journ\u00e9e: Hauteur d&rsquo;eau D\u00e9bit<\/p>\n\n\n\n<figure class=\"wp-block-gallery has-nested-images columns-default is-cropped wp-block-gallery-1 is-layout-flex wp-block-gallery-is-layout-flex\">\n<figure class=\"wp-block-image size-large\"><img loading=\"lazy\" decoding=\"async\" width=\"350\" height=\"261\" data-id=\"546\" src=\"https:\/\/fredt.eu\/notes\/wp-content\/uploads\/haut3grph.png\" alt=\"\" class=\"wp-image-546\" srcset=\"https:\/\/fredt.eu\/notes\/wp-content\/uploads\/haut3grph.png 350w, https:\/\/fredt.eu\/notes\/wp-content\/uploads\/haut3grph-300x224.png 300w\" sizes=\"auto, (max-width: 350px) 100vw, 350px\" \/><\/figure>\n\n\n\n<figure class=\"wp-block-image size-large\"><img loading=\"lazy\" decoding=\"async\" width=\"246\" height=\"261\" data-id=\"545\" src=\"https:\/\/fredt.eu\/notes\/wp-content\/uploads\/niv3grph.png\" alt=\"\" class=\"wp-image-545\"\/><\/figure>\n<\/figure>\n\n\n\n<p>Pour gagner du temps, contrairement aux r\u00e8gles, plut\u00f4t que d&rsquo;envoyer pr\u00e9cis\u00e9ment quelques cages d&rsquo;amorce au d\u00e9part, je fronde 5 boules. Question pr\u00e9cision, pour cette p\u00eache avec mes moulinets v\u00e9tustes et mes petites cannes de 2m70 et 2m30, ce sera suffisant. A 7h20 premi\u00e8re secousse franche dans le scion. Un carassin de presque 2 kg ouvre le bal. Et \u00e0 peine 10 minutes plus tard c&rsquo;est une carpe de 4kg qui rejoint le tapis. Mission r\u00e9ussie!<\/p>\n\n\n\n<figure class=\"wp-block-gallery has-nested-images columns-default is-cropped wp-block-gallery-2 is-layout-flex wp-block-gallery-is-layout-flex\">\n<figure class=\"wp-block-image size-large\"><img loading=\"lazy\" decoding=\"async\" width=\"640\" height=\"290\" data-id=\"542\" src=\"https:\/\/fredt.eu\/notes\/wp-content\/uploads\/2012-04-09-retour-a-balbigny-6.jpg\" alt=\"\" class=\"wp-image-542\" srcset=\"https:\/\/fredt.eu\/notes\/wp-content\/uploads\/2012-04-09-retour-a-balbigny-6.jpg 640w, https:\/\/fredt.eu\/notes\/wp-content\/uploads\/2012-04-09-retour-a-balbigny-6-300x136.jpg 300w\" sizes=\"auto, (max-width: 640px) 100vw, 640px\" \/><\/figure>\n\n\n\n<figure class=\"wp-block-image size-large\"><img loading=\"lazy\" decoding=\"async\" width=\"640\" height=\"295\" data-id=\"543\" src=\"https:\/\/fredt.eu\/notes\/wp-content\/uploads\/2012-04-09-retour-a-balbigny-7.jpg\" alt=\"\" class=\"wp-image-543\" srcset=\"https:\/\/fredt.eu\/notes\/wp-content\/uploads\/2012-04-09-retour-a-balbigny-7.jpg 640w, https:\/\/fredt.eu\/notes\/wp-content\/uploads\/2012-04-09-retour-a-balbigny-7-300x138.jpg 300w\" sizes=\"auto, (max-width: 640px) 100vw, 640px\" \/><\/figure>\n<\/figure>\n\n\n\n<p>Carassin Carpe<\/p>\n\n\n\n<div class=\"wp-block-columns is-layout-flex wp-container-core-columns-is-layout-28f84493 wp-block-columns-is-layout-flex\">\n<div class=\"wp-block-column is-layout-flow wp-block-column-is-layout-flow\">\n<figure class=\"wp-block-image size-full\"><img loading=\"lazy\" decoding=\"async\" width=\"200\" height=\"270\" src=\"https:\/\/fredt.eu\/notes\/wp-content\/uploads\/2012-04-09-retour-a-balbigny-9.jpg\" alt=\"\" class=\"wp-image-544\"\/><\/figure>\n<\/div>\n\n\n\n<div class=\"wp-block-column is-layout-flow wp-block-column-is-layout-flow\">\n<p>Br\u00e8me et ses boutons de fraie<\/p>\n<\/div>\n<\/div>\n\n\n\n<p>A 8h00 il ne fait plus que 2\u00b0C, il bruine un peu, mais le froid n&#8217;emp\u00eache pas les touches de s&rsquo;encha\u00eener. Sur ma canne plus l\u00e9g\u00e8re, je teste diff\u00e9rents app\u00e2ts \u00e0 disposition. Je panache \u00e9galement le menu. Le constat est clair, c&rsquo;est ma\u00efs sinon rien , avec de pr\u00e9f\u00e9rence deux grains sans asticots! Mon amorce plus que charg\u00e9e avec cet app\u00e2t en est sans doute la cause.<\/p>\n\n\n\n<p>Quelques br\u00e8mes ont d\u00e9j\u00e0 les boutons qui annoncent la fraie. Certaines sont d&rsquo;une taille qui commence \u00e0 \u00eatre int\u00e9ressante pour une grosse bourriche.<\/p>\n\n\n\n<p>A partir de 9h30, un grand nombre de touches plus rapide et br\u00e8ves, s\u00fbrement du poisson plus petit. A 10h une bonne averse acc\u00e9l\u00e8re encore ces petites touches, il ne fait toujours que 4\u00b0C. Un peu avant la fin de la pluie vers 11h, les poissons ce calment petit \u00e0 petit, et je n&rsquo;en ferai plus jusqu&rsquo;\u00e0 12h, m\u00eame en essayant un bas de ligne en 16\u00b0\/\u00b0\u00b0 avec hame\u00e7on de 18.<\/p>\n\n\n\n<p>Je me d\u00e9cide finalement \u00e0 r\u00e9essayer les vers de terreau qui n&rsquo;avaient rien donn\u00e9 plus t\u00f4t. Comme par enchantement moins de 2 minutes apr\u00e8s, je suis pendu \u00e0 une br\u00e8me d&rsquo;un poid assez \u00e9lev\u00e9 pour la moyenne du coin.<\/p>\n\n\n\n<figure class=\"wp-block-image size-full\"><img loading=\"lazy\" decoding=\"async\" width=\"640\" height=\"292\" src=\"https:\/\/fredt.eu\/notes\/wp-content\/uploads\/2012-04-09-retour-a-balbigny-5.jpg\" alt=\"\" class=\"wp-image-541\" srcset=\"https:\/\/fredt.eu\/notes\/wp-content\/uploads\/2012-04-09-retour-a-balbigny-5.jpg 640w, https:\/\/fredt.eu\/notes\/wp-content\/uploads\/2012-04-09-retour-a-balbigny-5-300x137.jpg 300w\" sizes=\"auto, (max-width: 640px) 100vw, 640px\" \/><\/figure>\n\n\n\n<p>Belle br\u00e8me<\/p>\n\n\n\n<p>Le casse-croute et une petite sieste plus tard, je m&rsquo;y remet. Le ma\u00efs si preneur le matin, ne donne plus rien. Quoique si, mais je ne ressorts de l&rsquo;eau que des moiti\u00e9s ou seulement la peau: impossible de faire un poisson avec. L&rsquo;apr\u00e8s midi avec 20\u00b0C et de belles \u00e9claircies, seul le ver de terreau met en app\u00e9tit br\u00e8mes et carassins . Le gros avantage de p\u00eacher \u00e0 deux cannes au feeder est de pouvoir tester sur la deuxi\u00e8me. La bouch\u00e9e du moment \u00e9tait un menu bien fr\u00e9tillant avec 2, voir 3 terreaux sur l&rsquo;hame\u00e7on. Malheureusement la r\u00e9colte de la veille n&rsquo;a pas \u00e9t\u00e9 tr\u00e8s fructueuse. Je tombe rapidement en rupture! D\u00e8s lors les touches seront rares. A la grappe d&rsquo;asticots je sortirai par la suite quelques gardons et hybrides.<\/p>\n\n\n\n<figure class=\"wp-block-image aligncenter size-full\"><img loading=\"lazy\" decoding=\"async\" width=\"350\" height=\"348\" src=\"https:\/\/fredt.eu\/notes\/wp-content\/uploads\/2012-04-09-retour-a-balbigny-4.jpg\" alt=\"\" class=\"wp-image-540\" srcset=\"https:\/\/fredt.eu\/notes\/wp-content\/uploads\/2012-04-09-retour-a-balbigny-4.jpg 350w, https:\/\/fredt.eu\/notes\/wp-content\/uploads\/2012-04-09-retour-a-balbigny-4-300x298.jpg 300w, https:\/\/fredt.eu\/notes\/wp-content\/uploads\/2012-04-09-retour-a-balbigny-4-150x150.jpg 150w\" sizes=\"auto, (max-width: 350px) 100vw, 350px\" \/><\/figure>\n\n\n\n<p>R\u00e9sultat<\/p>\n\n\n\n<p>Apr\u00e8s 10h15 de p\u00eache effective, je termine cette journ\u00e9e avec 29Kg500 de poissons: une carpe de 4Kg, 4 gardons pour 1Kg, 4 carassins pour 5Kg, 21 br\u00e8mes et hybrides.<\/p>\n\n\n\n<p>Plus de d\u00e9tail sur le lieu du r\u00e9cit p\u00eache, plans d&rsquo;acc\u00e8s et autres photos: <a href=\"https:\/\/absolu-peche.fr\/coin\/480-loire-balbigny\">Fiche Absolu p\u00eache de la Loire \u00e0 Balbigny<\/a><\/p>\n\n\n\n<figure class=\"wp-block-image size-full\"><img loading=\"lazy\" decoding=\"async\" width=\"640\" height=\"481\" src=\"https:\/\/fredt.eu\/notes\/wp-content\/uploads\/2012-04-09-retour-a-balbigny-8.jpg\" alt=\"\" class=\"wp-image-538\" srcset=\"https:\/\/fredt.eu\/notes\/wp-content\/uploads\/2012-04-09-retour-a-balbigny-8.jpg 640w, https:\/\/fredt.eu\/notes\/wp-content\/uploads\/2012-04-09-retour-a-balbigny-8-300x225.jpg 300w\" sizes=\"auto, (max-width: 640px) 100vw, 640px\" \/><\/figure>\n\n\n\n<p>Remise \u00e0 l&rsquo;eau<\/p>\n","protected":false},"excerpt":{"rendered":"<p>Publication originale restaur\u00e9e de aappma-ste-foy.fr. Lundi 09 avril, 15 jours apr\u00e8s une belle p\u00eache de d\u00e9but de saison , m\u00eame poste, m\u00eame technique, avec un peu plus de strat\u00e9gie. Cette fois, mieux pr\u00e9par\u00e9 que la derni\u00e8re, l&rsquo;objectif est d&rsquo;affiner ma technique au Quiver, et en particulier, je d\u00e9sire d\u00e9jouer la puissance des carpes. Pour cela, [&hellip;]<\/p>\n","protected":false},"author":1,"featured_media":549,"comment_status":"open","ping_status":"open","sticky":false,"template":"","format":"standard","meta":{"slim_seo":{"title":"Retour \u00e0 Balbigny, en Loire - FredT Notes","description":"Publication originale restaur\u00e9e de aappma-ste-foy.fr. Lundi 09 avril, 15 jours apr\u00e8s une belle p\u00eache de d\u00e9but de saison , m\u00eame poste, m\u00eame technique, avec un pe"},"footnotes":""},"categories":[4,69],"tags":[73,70,71,12,19],"class_list":["post-536","post","type-post","status-publish","format-standard","has-post-thumbnail","hentry","category-peche","category-recit","tag-breme","tag-feeder","tag-fleuve","tag-gardon","tag-loire"],"_links":{"self":[{"href":"https:\/\/fredt.eu\/notes\/wp-json\/wp\/v2\/posts\/536","targetHints":{"allow":["GET"]}}],"collection":[{"href":"https:\/\/fredt.eu\/notes\/wp-json\/wp\/v2\/posts"}],"about":[{"href":"https:\/\/fredt.eu\/notes\/wp-json\/wp\/v2\/types\/post"}],"author":[{"embeddable":true,"href":"https:\/\/fredt.eu\/notes\/wp-json\/wp\/v2\/users\/1"}],"replies":[{"embeddable":true,"href":"https:\/\/fredt.eu\/notes\/wp-json\/wp\/v2\/comments?post=536"}],"version-history":[{"count":2,"href":"https:\/\/fredt.eu\/notes\/wp-json\/wp\/v2\/posts\/536\/revisions"}],"predecessor-version":[{"id":550,"href":"https:\/\/fredt.eu\/notes\/wp-json\/wp\/v2\/posts\/536\/revisions\/550"}],"wp:featuredmedia":[{"embeddable":true,"href":"https:\/\/fredt.eu\/notes\/wp-json\/wp\/v2\/media\/549"}],"wp:attachment":[{"href":"https:\/\/fredt.eu\/notes\/wp-json\/wp\/v2\/media?parent=536"}],"wp:term":[{"taxonomy":"category","embeddable":true,"href":"https:\/\/fredt.eu\/notes\/wp-json\/wp\/v2\/categories?post=536"},{"taxonomy":"post_tag","embeddable":true,"href":"https:\/\/fredt.eu\/notes\/wp-json\/wp\/v2\/tags?post=536"}],"curies":[{"name":"wp","href":"https:\/\/api.w.org\/{rel}","templated":true}]}}