{"id":519,"date":"2012-03-25T09:41:00","date_gmt":"2012-03-25T07:41:00","guid":{"rendered":"https:\/\/fredt.eu\/notes\/?p=519"},"modified":"2025-07-15T19:48:18","modified_gmt":"2025-07-15T17:48:18","slug":"une-belle-peche-de-debut-de-saison-en-loire","status":"publish","type":"post","link":"https:\/\/fredt.eu\/notes\/peche\/une-belle-peche-de-debut-de-saison-en-loire\/","title":{"rendered":"Une belle p\u00eache de d\u00e9but de saison en Loire"},"content":{"rendered":"\n<p>Publication originale restaur\u00e9e de aappma-ste-foy.fr.<\/p>\n\n\n\n<figure class=\"wp-block-image aligncenter size-full\"><img loading=\"lazy\" decoding=\"async\" width=\"400\" height=\"301\" src=\"https:\/\/fredt.eu\/notes\/wp-content\/uploads\/belle-peche-de-debut-de-saison-en-loire-1.jpg\" alt=\"\" class=\"wp-image-520\" srcset=\"https:\/\/fredt.eu\/notes\/wp-content\/uploads\/belle-peche-de-debut-de-saison-en-loire-1.jpg 400w, https:\/\/fredt.eu\/notes\/wp-content\/uploads\/belle-peche-de-debut-de-saison-en-loire-1-300x226.jpg 300w\" sizes=\"auto, (max-width: 400px) 100vw, 400px\" \/><\/figure>\n\n\n\n<p>La Loire et brume du matin<br>Dimanche 25 mars 2012 , l\u00e8ve-t\u00f4t de nature, sans r\u00e9veil, j&rsquo;ai ouvert les yeux vers 5h30, nouvelle heure. La nuit a \u00e9t\u00e9 courte apr\u00e8s une soir\u00e9e bien remplie, et d&rsquo;autant plus raccourcie par le changement d&rsquo;heure. Peut-\u00eatre est-ce des r\u00eaves de poissons qui m&rsquo;auront fait me lever \u00e0 temps pour pr\u00e9parer le mat\u00e9riel.<\/p>\n\n\n\n<p>Rien de pr\u00eat, j&rsquo;ai d&rsquo;abord h\u00e9sit\u00e9 \u00e0 rester sur un plan d&rsquo;eau local. Mais comme pr\u00e9vu, j&rsquo;irais sur un bon spot \u00e0 <a href=\"https:\/\/absolu-peche.fr\/coin\/480-loire-balbigny\">Balbigny (Loire 42)<\/a> o\u00f9 je garde de bon souvenir de ma saison 2011. A environ 40 minutes de Ste Foy, tempi je raterai la p\u00eache du lever du jour.<\/p>\n\n\n\n<figure class=\"wp-block-gallery has-nested-images columns-default is-cropped wp-block-gallery-1 is-layout-flex wp-block-gallery-is-layout-flex\">\n<figure class=\"wp-block-image size-large\"><img loading=\"lazy\" decoding=\"async\" width=\"300\" height=\"225\" data-id=\"521\" src=\"https:\/\/fredt.eu\/notes\/wp-content\/uploads\/belle-peche-de-debut-de-saison-en-loire-2.jpg\" alt=\"\" class=\"wp-image-521\"\/><\/figure>\n\n\n\n<figure class=\"wp-block-image size-full\"><img loading=\"lazy\" decoding=\"async\" width=\"450\" height=\"258\" data-id=\"527\" src=\"https:\/\/fredt.eu\/notes\/wp-content\/uploads\/belle-peche-de-debut-de-saison-en-loire-8.jpg\" alt=\"\" class=\"wp-image-527\" srcset=\"https:\/\/fredt.eu\/notes\/wp-content\/uploads\/belle-peche-de-debut-de-saison-en-loire-8.jpg 450w, https:\/\/fredt.eu\/notes\/wp-content\/uploads\/belle-peche-de-debut-de-saison-en-loire-8-300x172.jpg 300w\" sizes=\"auto, (max-width: 450px) 100vw, 450px\" \/><\/figure>\n\n\n\n<figure class=\"wp-block-image size-large\"><img loading=\"lazy\" decoding=\"async\" width=\"250\" height=\"158\" data-id=\"523\" src=\"https:\/\/fredt.eu\/notes\/wp-content\/uploads\/belle-peche-de-debut-de-saison-en-loire-3.jpg\" alt=\"\" class=\"wp-image-523\"\/><\/figure>\n\n\n\n<figure class=\"wp-block-image size-large\"><img loading=\"lazy\" decoding=\"async\" width=\"300\" height=\"297\" data-id=\"526\" src=\"https:\/\/fredt.eu\/notes\/wp-content\/uploads\/belle-peche-de-debut-de-saison-en-loire-6.jpg\" alt=\"\" class=\"wp-image-526\" srcset=\"https:\/\/fredt.eu\/notes\/wp-content\/uploads\/belle-peche-de-debut-de-saison-en-loire-6.jpg 300w, https:\/\/fredt.eu\/notes\/wp-content\/uploads\/belle-peche-de-debut-de-saison-en-loire-6-150x150.jpg 150w\" sizes=\"auto, (max-width: 300px) 100vw, 300px\" \/><\/figure>\n\n\n\n<figure class=\"wp-block-image size-large\"><img loading=\"lazy\" decoding=\"async\" width=\"400\" height=\"301\" data-id=\"525\" src=\"https:\/\/fredt.eu\/notes\/wp-content\/uploads\/belle-peche-de-debut-de-saison-en-loire-5.jpg\" alt=\"\" class=\"wp-image-525\" srcset=\"https:\/\/fredt.eu\/notes\/wp-content\/uploads\/belle-peche-de-debut-de-saison-en-loire-5.jpg 400w, https:\/\/fredt.eu\/notes\/wp-content\/uploads\/belle-peche-de-debut-de-saison-en-loire-5-300x226.jpg 300w\" sizes=\"auto, (max-width: 400px) 100vw, 400px\" \/><\/figure>\n\n\n\n<figure class=\"wp-block-image size-large\"><img loading=\"lazy\" decoding=\"async\" width=\"400\" height=\"328\" data-id=\"524\" src=\"https:\/\/fredt.eu\/notes\/wp-content\/uploads\/belle-peche-de-debut-de-saison-en-loire-4.jpg\" alt=\"\" class=\"wp-image-524\" srcset=\"https:\/\/fredt.eu\/notes\/wp-content\/uploads\/belle-peche-de-debut-de-saison-en-loire-4.jpg 400w, https:\/\/fredt.eu\/notes\/wp-content\/uploads\/belle-peche-de-debut-de-saison-en-loire-4-300x246.jpg 300w\" sizes=\"auto, (max-width: 400px) 100vw, 400px\" \/><\/figure>\n<\/figure>\n\n\n\n<p>Deux cannes en place, p\u00eachent la Loire \u00e0 Balbigny<\/p>\n\n\n\n<p>Menu du jour Les bords de Loire encore brumeux, \u00e0 8h30, deux cannes quiver sont pr\u00eates, les cages- feeder remplies. Avant m\u00eame d&rsquo;avoir fini de m&rsquo;installer, l&rsquo;une p\u00eache esch\u00e9e d&rsquo;un panach\u00e9 de 2 asticots rouge et blanc sur un n\u00b018 et l&rsquo;autre plac\u00e9e \u00e0 quelques m\u00e8tres d&rsquo;\u00e9cart avec un ma\u00efs doux et 3 asticots sur un n\u00b010, les 2 avec bas de ligne en 18\u00b0\/\u00b0\u00b0. J&rsquo;ai tendance \u00e0 tra\u00eener beaucoup de mat\u00e9riel. Le frein des moulins par pr\u00e9caution desserr\u00e9s, je finis d&rsquo;agencer mon poste et de tout mettre en place pour que ce soit \u00e0 disposition autour de ma station de p\u00eache.<\/p>\n\n\n\n<p>Magnifique gardon A 8h45, mon installation termin\u00e9e, je retire les lignes. Les asticots sont vid\u00e9s et transform\u00e9s en chaussettes! D\u00e9j\u00e0\u2026 c&rsquo;est bon signe\u2026 La journ\u00e9e qui s&rsquo;annonce promet d&rsquo;\u00eatre meilleure qu&rsquo;une bredouille fait 15 jours apr\u00e8s les fortes gel\u00e9es du d\u00e9but d&rsquo;ann\u00e9e, sur le m\u00eame poste. Je fais quelques lancers, la cage remplie, pour amorcer le coup comme il se doit. J&rsquo;utilise un restant d&rsquo;amorce congel\u00e9 que j&rsquo;ai truff\u00e9 g\u00e9n\u00e9reusement d&rsquo;esche. 200 m\u00e8tres \u00e0 ma droite des sauts de carpes me font penser \u00e0 fronder quelques pellets. Un soleil matinal commence \u00e0 r\u00e9chauffer l&rsquo;atmosph\u00e8re, des poissons mouchent en surface, \u00e7a sent bon le printemps!<\/p>\n\n\n\n<p>Les touches s\u2019encha\u00eenent Peu de temps apr\u00e8s, de petites touches commencent \u00e0 faire vibrer le scion. La journ\u00e9e commence avec un superbe gardon, puis d&rsquo;autres. Les touches ressenties dans le scion changent un peu. Cela devient bien plus brutal, et \u00e7a plie franchement. C&rsquo;est au tour des carassins de visiter le coin. Apr\u00e8s une s\u00e9rie de ceux ci, l&rsquo;aspect des touches change encore, c&rsquo;est plus m\u00e9fiant, des titillement, le fil se d\u00e9tend et le scion se redresse, ou bien encore des tir\u00e9es timides et lentes. Les br\u00e8mes sont l\u00e0. Jusqu&rsquo;\u00e0 environ 11h30, je ferais la plus grosse partie de ma p\u00eache.<\/p>\n\n\n\n<p>Les br\u00e8mes sont l\u00e0 Carassin<\/p>\n\n\n\n<p>Ajout d&rsquo;une troisi\u00e8me canne Je profite que le poisson soit au rendez vous pour tester diff\u00e9rents montages et varier le menu. J&rsquo;utilise ainsi une canne suppl\u00e9mentaire avec un scion plus rigide. Comme je me suis mis \u00e0 cette technique que depuis l&rsquo;ann\u00e9e derni\u00e8re, je m&rsquo;aper\u00e7ois que la qualit\u00e9 des cannes et les diff\u00e9rents scions ont vraiment un r\u00f4le important.<\/p>\n\n\n\n<p>En milieu de matin\u00e9e je passerai toute mes lignes avec un montage en d\u00e9rivation, qui s&rsquo;est r\u00e9v\u00e9l\u00e9 source de bien moins de salade. Je resterai avec des tailles d&rsquo;hame\u00e7on diff\u00e9rentes pour pouvoir continuer \u00e0 tester diff\u00e9rents menus.<\/p>\n\n\n\n<p>Les touches se sont ensuite faites un peu plus rare.<\/p>\n\n\n\n<p>A court d&rsquo;amorce, vers 11h je pr\u00e9pare une nouvellefourn\u00e9e. Il s\u2019agit d&rsquo;une amorce carpe premier choix tr\u00e8s basique. L&rsquo;important est surtout les esches \u00e0 y inclure.<\/p>\n\n\n\n<p>Amorce basique truff\u00e9es d&rsquo;esches<\/p>\n\n\n\n<p>Peu avant midi, une ligne reste coinc\u00e9e. Il faut tout de m\u00eame savoir que le fond de la Loire est tr\u00e8s in\u00e9gal. Les obstacles et en particulier les cailloux sont nombreux.<\/p>\n\n\n\n<figure class=\"wp-block-gallery has-nested-images columns-default is-cropped wp-block-gallery-2 is-layout-flex wp-block-gallery-is-layout-flex\">\n<figure class=\"wp-block-image size-large\"><img loading=\"lazy\" decoding=\"async\" width=\"300\" height=\"232\" data-id=\"528\" src=\"https:\/\/fredt.eu\/notes\/wp-content\/uploads\/belle-peche-de-debut-de-saison-en-loire-9.jpg\" alt=\"\" class=\"wp-image-528\"\/><\/figure>\n\n\n\n<figure class=\"wp-block-image size-large\"><img loading=\"lazy\" decoding=\"async\" width=\"300\" height=\"229\" data-id=\"529\" src=\"https:\/\/fredt.eu\/notes\/wp-content\/uploads\/belle-peche-de-debut-de-saison-en-loire-10.jpg\" alt=\"\" class=\"wp-image-529\"\/><\/figure>\n\n\n\n<figure class=\"wp-block-image size-large\"><img loading=\"lazy\" decoding=\"async\" width=\"400\" height=\"301\" data-id=\"530\" src=\"https:\/\/fredt.eu\/notes\/wp-content\/uploads\/belle-peche-de-debut-de-saison-en-loire-11.jpg\" alt=\"\" class=\"wp-image-530\" srcset=\"https:\/\/fredt.eu\/notes\/wp-content\/uploads\/belle-peche-de-debut-de-saison-en-loire-11.jpg 400w, https:\/\/fredt.eu\/notes\/wp-content\/uploads\/belle-peche-de-debut-de-saison-en-loire-11-300x226.jpg 300w\" sizes=\"auto, (max-width: 400px) 100vw, 400px\" \/><\/figure>\n<\/figure>\n\n\n\n<p>Je perdrais une premi\u00e8re cage, car dans la pr\u00e9cipitation une touche assez lente, mais la canne qui plie franchement, me fais penser \u00e0 une grosse branche prise dans l&rsquo;autre ligne.<\/p>\n\n\n\n<p>Mais en prenant la canne en main, s&rsquo;est un d\u00e9part tout en force qui commence \u00e0 vider le moulin. Ne m&rsquo;y attendant pas du tout, et de toute mani\u00e8re encore en 18\u00b0\/\u00b0\u00b0, le plaisir \u00e0 pas dur\u00e9 longtemps. Je casse sur une carpe . Il n&rsquo;est pas rare d&rsquo;en toucher au feeder, mais les sortir n&rsquo;est pas une mince affaire.<\/p>\n\n\n\n<p>Canne quiver en action Fin d&rsquo;apr\u00e8s midi<\/p>\n\n\n\n<p>Le niveau d&rsquo;eau est rest\u00e9 constant pendant la matin\u00e9e \u00e0 -1.83m, avec un d\u00e9bit de 12m3\/s . A partir de 12h00, la hauteur d&rsquo;eau s&rsquo;est mis \u00e0 baisser r\u00e9guli\u00e8rement jusqu&rsquo;au soir pour perdre environ 25cm, et tomber \u00e0 -2.07m. En parall\u00e8le le courant s&rsquo;est aussi att\u00e9nu\u00e9, pour \u00eatre presque nul en soir\u00e9e. (Source Vigicrues )<\/p>\n\n\n\n<figure class=\"wp-block-gallery has-nested-images columns-default is-cropped wp-block-gallery-3 is-layout-flex wp-block-gallery-is-layout-flex\">\n<figure class=\"wp-block-image size-large\"><img loading=\"lazy\" decoding=\"async\" width=\"649\" height=\"400\" data-id=\"534\" src=\"https:\/\/fredt.eu\/notes\/wp-content\/uploads\/niv-grph.png\" alt=\"\" class=\"wp-image-534\" srcset=\"https:\/\/fredt.eu\/notes\/wp-content\/uploads\/niv-grph.png 649w, https:\/\/fredt.eu\/notes\/wp-content\/uploads\/niv-grph-300x185.png 300w\" sizes=\"auto, (max-width: 649px) 100vw, 649px\" \/><\/figure>\n\n\n\n<figure class=\"wp-block-image size-large\"><img loading=\"lazy\" decoding=\"async\" width=\"649\" height=\"400\" data-id=\"533\" src=\"https:\/\/fredt.eu\/notes\/wp-content\/uploads\/graph.png\" alt=\"\" class=\"wp-image-533\" srcset=\"https:\/\/fredt.eu\/notes\/wp-content\/uploads\/graph.png 649w, https:\/\/fredt.eu\/notes\/wp-content\/uploads\/graph-300x185.png 300w\" sizes=\"auto, (max-width: 649px) 100vw, 649px\" \/><\/figure>\n<\/figure>\n\n\n\n<p>C\u00f4t\u00e9 temps entre 8\u00b0C et 25 au soleil. Apr\u00e8s midi assez calme au niveau des poissons, le vent du Nord s&rsquo;est lev\u00e9.<\/p>\n\n\n\n<p>19h30, je rel\u00e8ve la bourriche et passe aux comptes avant de rendre leur libert\u00e9 aux poissons. Ma p\u00eache est en No-kill.<\/p>\n\n\n\n<p>Je termine cette journ\u00e9e d&rsquo;environ 9h30 de p\u00eache effective avec un total de 16kg500.<br>Dans le d\u00e9tail 5 gardons, 4 carassins et 12 br\u00e8mes, 10kg500, uniquement pour les br\u00e8mes.<\/p>\n\n\n\n<figure class=\"wp-block-gallery has-nested-images columns-default is-cropped wp-block-gallery-4 is-layout-flex wp-block-gallery-is-layout-flex\">\n<figure class=\"wp-block-image size-large\"><img loading=\"lazy\" decoding=\"async\" width=\"350\" height=\"334\" data-id=\"532\" src=\"https:\/\/fredt.eu\/notes\/wp-content\/uploads\/belle-peche-de-debut-de-saison-en-loire-13.jpg\" alt=\"\" class=\"wp-image-532\" srcset=\"https:\/\/fredt.eu\/notes\/wp-content\/uploads\/belle-peche-de-debut-de-saison-en-loire-13.jpg 350w, https:\/\/fredt.eu\/notes\/wp-content\/uploads\/belle-peche-de-debut-de-saison-en-loire-13-300x286.jpg 300w\" sizes=\"auto, (max-width: 350px) 100vw, 350px\" \/><\/figure>\n\n\n\n<figure class=\"wp-block-image size-large\"><img loading=\"lazy\" decoding=\"async\" width=\"500\" height=\"318\" data-id=\"531\" src=\"https:\/\/fredt.eu\/notes\/wp-content\/uploads\/belle-peche-de-debut-de-saison-en-loire-12.jpg\" alt=\"\" class=\"wp-image-531\" srcset=\"https:\/\/fredt.eu\/notes\/wp-content\/uploads\/belle-peche-de-debut-de-saison-en-loire-12.jpg 500w, https:\/\/fredt.eu\/notes\/wp-content\/uploads\/belle-peche-de-debut-de-saison-en-loire-12-300x191.jpg 300w\" sizes=\"auto, (max-width: 500px) 100vw, 500px\" \/><\/figure>\n<\/figure>\n\n\n\n<p>Tableau final, Seulement les br\u00e8mes<\/p>\n\n\n\n<p>Plus de d\u00e9tail sur le lieu du r\u00e9cit p\u00eache, plans d&rsquo;acc\u00e8s et autres photos: <a href=\"https:\/\/absolu-peche.fr\/coin\/480-loire-balbigny\">Fiche Absolu p\u00eache de la Loire \u00e0 Balbigny<\/a><\/p>\n\n\n\n<p><\/p>\n","protected":false},"excerpt":{"rendered":"<p>Publication originale restaur\u00e9e de aappma-ste-foy.fr. La Loire et brume du matinDimanche 25 mars 2012 , l\u00e8ve-t\u00f4t de nature, sans r\u00e9veil, j&rsquo;ai ouvert les yeux vers 5h30, nouvelle heure. La nuit a \u00e9t\u00e9 courte apr\u00e8s une soir\u00e9e bien remplie, et d&rsquo;autant plus raccourcie par le changement d&rsquo;heure. Peut-\u00eatre est-ce des r\u00eaves de poissons qui m&rsquo;auront fait [&hellip;]<\/p>\n","protected":false},"author":1,"featured_media":520,"comment_status":"open","ping_status":"open","sticky":false,"template":"","format":"standard","meta":{"slim_seo":{"title":"Une belle p\u00eache de d\u00e9but de saison en Loire - FredT Notes","description":"Publication originale restaur\u00e9e de aappma-ste-foy.fr. La Loire et brume du matin Dimanche 25 mars 2012 , l\u00e8ve-t\u00f4t de nature, sans r\u00e9veil, j'ai ouvert les yeux v"},"footnotes":""},"categories":[4,69],"tags":[73,70,71,12,19],"class_list":["post-519","post","type-post","status-publish","format-standard","has-post-thumbnail","hentry","category-peche","category-recit","tag-breme","tag-feeder","tag-fleuve","tag-gardon","tag-loire"],"_links":{"self":[{"href":"https:\/\/fredt.eu\/notes\/wp-json\/wp\/v2\/posts\/519","targetHints":{"allow":["GET"]}}],"collection":[{"href":"https:\/\/fredt.eu\/notes\/wp-json\/wp\/v2\/posts"}],"about":[{"href":"https:\/\/fredt.eu\/notes\/wp-json\/wp\/v2\/types\/post"}],"author":[{"embeddable":true,"href":"https:\/\/fredt.eu\/notes\/wp-json\/wp\/v2\/users\/1"}],"replies":[{"embeddable":true,"href":"https:\/\/fredt.eu\/notes\/wp-json\/wp\/v2\/comments?post=519"}],"version-history":[{"count":2,"href":"https:\/\/fredt.eu\/notes\/wp-json\/wp\/v2\/posts\/519\/revisions"}],"predecessor-version":[{"id":617,"href":"https:\/\/fredt.eu\/notes\/wp-json\/wp\/v2\/posts\/519\/revisions\/617"}],"wp:featuredmedia":[{"embeddable":true,"href":"https:\/\/fredt.eu\/notes\/wp-json\/wp\/v2\/media\/520"}],"wp:attachment":[{"href":"https:\/\/fredt.eu\/notes\/wp-json\/wp\/v2\/media?parent=519"}],"wp:term":[{"taxonomy":"category","embeddable":true,"href":"https:\/\/fredt.eu\/notes\/wp-json\/wp\/v2\/categories?post=519"},{"taxonomy":"post_tag","embeddable":true,"href":"https:\/\/fredt.eu\/notes\/wp-json\/wp\/v2\/tags?post=519"}],"curies":[{"name":"wp","href":"https:\/\/api.w.org\/{rel}","templated":true}]}}