{"id":442,"date":"2007-03-26T16:19:00","date_gmt":"2007-03-26T14:19:00","guid":{"rendered":"https:\/\/fredt.eu\/notes\/?p=442"},"modified":"2025-07-15T20:10:54","modified_gmt":"2025-07-15T18:10:54","slug":"travaux-2007-frayeres-artificielles-a-letang-varagnat","status":"publish","type":"post","link":"https:\/\/fredt.eu\/notes\/peche\/travaux-2007-frayeres-artificielles-a-letang-varagnat\/","title":{"rendered":"Travaux 2007, Fray\u00e8res artificielles \u00e0 l&rsquo;\u00e9tang Varagnat"},"content":{"rendered":"\n<p>Apr\u00e8s les travaux \u00e0 l&rsquo;\u00e9tang Varagnat en 2004, la mise en eau d\u00e9but 2005, le l\u00e2cher de reproducteurs fin f\u00e9vrier et comme l&rsquo;\u00e9tang manque de v\u00e9g\u00e9tation, un essai de fray\u00e8res artificielles a \u00e9t\u00e9 d\u00e9cid\u00e9. Voici quelques photos de ces r\u00e9alisations. Mise en place de fray\u00e8res:<\/p>\n\n\n\n<p>D&rsquo;abord, amener le bateau\u2026 Heu ! On le pose o\u00f9 ? Arr\u00eate l\u00e0, juste avant la glaise. Allez ! Ho ! Hisse ! Et bien, c&rsquo;est \u00e0 l&rsquo;eau ! Direction la queue de l&rsquo;\u00e9tang.<\/p>\n\n\n\n<figure class=\"wp-block-gallery has-nested-images columns-default is-cropped wp-block-gallery-1 is-layout-flex wp-block-gallery-is-layout-flex\">\n<figure class=\"wp-block-image size-large\"><img loading=\"lazy\" decoding=\"async\" width=\"200\" height=\"150\" data-id=\"443\" src=\"https:\/\/fredt.eu\/notes\/wp-content\/uploads\/frayeres-artificielles-varagnat-1.jpg\" alt=\"\" class=\"wp-image-443\"\/><\/figure>\n\n\n\n<figure class=\"wp-block-image size-large\"><img loading=\"lazy\" decoding=\"async\" width=\"200\" height=\"267\" data-id=\"444\" src=\"https:\/\/fredt.eu\/notes\/wp-content\/uploads\/frayeres-artificielles-varagnat-2.jpg\" alt=\"\" class=\"wp-image-444\"\/><\/figure>\n\n\n\n<figure class=\"wp-block-image size-large\"><img loading=\"lazy\" decoding=\"async\" width=\"351\" height=\"263\" data-id=\"445\" src=\"https:\/\/fredt.eu\/notes\/wp-content\/uploads\/frayeres-artificielles-varagnat-3.jpg\" alt=\"\" class=\"wp-image-445\" srcset=\"https:\/\/fredt.eu\/notes\/wp-content\/uploads\/frayeres-artificielles-varagnat-3.jpg 351w, https:\/\/fredt.eu\/notes\/wp-content\/uploads\/frayeres-artificielles-varagnat-3-300x225.jpg 300w\" sizes=\"auto, (max-width: 351px) 100vw, 351px\" \/><\/figure>\n\n\n\n<figure class=\"wp-block-image size-large\"><img loading=\"lazy\" decoding=\"async\" width=\"351\" height=\"263\" data-id=\"446\" src=\"https:\/\/fredt.eu\/notes\/wp-content\/uploads\/frayeres-artificielles-varagnat-4.jpg\" alt=\"\" class=\"wp-image-446\" srcset=\"https:\/\/fredt.eu\/notes\/wp-content\/uploads\/frayeres-artificielles-varagnat-4.jpg 351w, https:\/\/fredt.eu\/notes\/wp-content\/uploads\/frayeres-artificielles-varagnat-4-300x225.jpg 300w\" sizes=\"auto, (max-width: 351px) 100vw, 351px\" \/><\/figure>\n\n\n\n<figure class=\"wp-block-image size-large\"><img loading=\"lazy\" decoding=\"async\" width=\"351\" height=\"263\" data-id=\"447\" src=\"https:\/\/fredt.eu\/notes\/wp-content\/uploads\/frayeres-artificielles-varagnat-5.jpg\" alt=\"\" class=\"wp-image-447\" srcset=\"https:\/\/fredt.eu\/notes\/wp-content\/uploads\/frayeres-artificielles-varagnat-5.jpg 351w, https:\/\/fredt.eu\/notes\/wp-content\/uploads\/frayeres-artificielles-varagnat-5-300x225.jpg 300w\" sizes=\"auto, (max-width: 351px) 100vw, 351px\" \/><\/figure>\n\n\n\n<figure class=\"wp-block-image size-large\"><img loading=\"lazy\" decoding=\"async\" width=\"351\" height=\"281\" data-id=\"448\" src=\"https:\/\/fredt.eu\/notes\/wp-content\/uploads\/frayeres-artificielles-varagnat-6.jpg\" alt=\"\" class=\"wp-image-448\" srcset=\"https:\/\/fredt.eu\/notes\/wp-content\/uploads\/frayeres-artificielles-varagnat-6.jpg 351w, https:\/\/fredt.eu\/notes\/wp-content\/uploads\/frayeres-artificielles-varagnat-6-300x240.jpg 300w\" sizes=\"auto, (max-width: 351px) 100vw, 351px\" \/><\/figure>\n<\/figure>\n\n\n\n<p>Bon, les piquets sont bien plant\u00e9s ! Tiens ! Attrape un plateau d&rsquo;osier ! On le fixe l\u00e0 ? Non, les deux sur le m\u00eame piquet. Voil\u00e0, bien en place. Syst\u00e8me genets et paillasson. Envoyez les genets ! On les pose o\u00f9 ? 1 m\u00e8tre d&rsquo;eau, \u00e7a va ? On les leste et on les coule. Essai syst\u00e8me paillasson. Pareil, on leste et on coule.<\/p>\n\n\n\n<figure class=\"wp-block-gallery has-nested-images columns-default is-cropped wp-block-gallery-2 is-layout-flex wp-block-gallery-is-layout-flex\">\n<figure class=\"wp-block-image size-large\"><img loading=\"lazy\" decoding=\"async\" width=\"351\" height=\"263\" data-id=\"449\" src=\"https:\/\/fredt.eu\/notes\/wp-content\/uploads\/frayeres-artificielles-varagnat-7.jpg\" alt=\"\" class=\"wp-image-449\" srcset=\"https:\/\/fredt.eu\/notes\/wp-content\/uploads\/frayeres-artificielles-varagnat-7.jpg 351w, https:\/\/fredt.eu\/notes\/wp-content\/uploads\/frayeres-artificielles-varagnat-7-300x225.jpg 300w\" sizes=\"auto, (max-width: 351px) 100vw, 351px\" \/><\/figure>\n\n\n\n<figure class=\"wp-block-image size-large\"><img loading=\"lazy\" decoding=\"async\" width=\"351\" height=\"275\" data-id=\"450\" src=\"https:\/\/fredt.eu\/notes\/wp-content\/uploads\/frayeres-artificielles-varagnat-8.jpg\" alt=\"\" class=\"wp-image-450\" srcset=\"https:\/\/fredt.eu\/notes\/wp-content\/uploads\/frayeres-artificielles-varagnat-8.jpg 351w, https:\/\/fredt.eu\/notes\/wp-content\/uploads\/frayeres-artificielles-varagnat-8-300x235.jpg 300w\" sizes=\"auto, (max-width: 351px) 100vw, 351px\" \/><\/figure>\n\n\n\n<figure class=\"wp-block-image size-large\"><img loading=\"lazy\" decoding=\"async\" width=\"351\" height=\"267\" data-id=\"451\" src=\"https:\/\/fredt.eu\/notes\/wp-content\/uploads\/frayeres-artificielles-varagnat-9.jpg\" alt=\"\" class=\"wp-image-451\" srcset=\"https:\/\/fredt.eu\/notes\/wp-content\/uploads\/frayeres-artificielles-varagnat-9.jpg 351w, https:\/\/fredt.eu\/notes\/wp-content\/uploads\/frayeres-artificielles-varagnat-9-300x228.jpg 300w\" sizes=\"auto, (max-width: 351px) 100vw, 351px\" \/><\/figure>\n\n\n\n<figure class=\"wp-block-image size-large\"><img loading=\"lazy\" decoding=\"async\" width=\"350\" height=\"263\" data-id=\"452\" src=\"https:\/\/fredt.eu\/notes\/wp-content\/uploads\/frayeres-artificielles-varagnat-10.jpg\" alt=\"\" class=\"wp-image-452\" srcset=\"https:\/\/fredt.eu\/notes\/wp-content\/uploads\/frayeres-artificielles-varagnat-10.jpg 350w, https:\/\/fredt.eu\/notes\/wp-content\/uploads\/frayeres-artificielles-varagnat-10-300x225.jpg 300w\" sizes=\"auto, (max-width: 350px) 100vw, 350px\" \/><\/figure>\n\n\n\n<figure class=\"wp-block-image size-large\"><img loading=\"lazy\" decoding=\"async\" width=\"351\" height=\"263\" data-id=\"453\" src=\"https:\/\/fredt.eu\/notes\/wp-content\/uploads\/frayeres-artificielles-varagnat-11.jpg\" alt=\"\" class=\"wp-image-453\" srcset=\"https:\/\/fredt.eu\/notes\/wp-content\/uploads\/frayeres-artificielles-varagnat-11.jpg 351w, https:\/\/fredt.eu\/notes\/wp-content\/uploads\/frayeres-artificielles-varagnat-11-300x225.jpg 300w\" sizes=\"auto, (max-width: 351px) 100vw, 351px\" \/><\/figure>\n\n\n\n<figure class=\"wp-block-image size-large\"><img loading=\"lazy\" decoding=\"async\" width=\"351\" height=\"263\" data-id=\"454\" src=\"https:\/\/fredt.eu\/notes\/wp-content\/uploads\/frayeres-artificielles-varagnat-13.jpg\" alt=\"\" class=\"wp-image-454\" srcset=\"https:\/\/fredt.eu\/notes\/wp-content\/uploads\/frayeres-artificielles-varagnat-13.jpg 351w, https:\/\/fredt.eu\/notes\/wp-content\/uploads\/frayeres-artificielles-varagnat-13-300x225.jpg 300w\" sizes=\"auto, (max-width: 351px) 100vw, 351px\" \/><\/figure>\n<\/figure>\n\n\n\n<p>Il ne reste plus qu&rsquo;\u00e0 souhaiter \u00e0 nos poissons de belles amours printani\u00e8res et estivales. Les fray\u00e8res artificielles ont \u00e9t\u00e9 mises en places en 2006, 2007. Elles le seront aussi en 2008. Les r\u00e9sultats semblent satisfaisants<\/p>\n\n\n\n<p>Un genre de fray\u00e8re artificielle : fagot de branches de bambous. Ces fagots sont coul\u00e9s juste sous la surface, lest\u00e9s par un poids mort. Ils r\u00e9sistent tr\u00e8s longtemps dans l&rsquo;eau. Les gardons et les carpes les utilisent beaucoup. Les tanches y sont moins visibles.<\/p>\n\n\n\n<figure class=\"wp-block-gallery has-nested-images columns-default is-cropped wp-block-gallery-3 is-layout-flex wp-block-gallery-is-layout-flex\">\n<figure class=\"wp-block-image size-large\"><img loading=\"lazy\" decoding=\"async\" width=\"640\" height=\"478\" data-id=\"944\" src=\"https:\/\/fredt.eu\/notes\/wp-content\/uploads\/alevibox.jpg\" alt=\"alevibox\" class=\"wp-image-944\" srcset=\"https:\/\/fredt.eu\/notes\/wp-content\/uploads\/alevibox.jpg 640w, https:\/\/fredt.eu\/notes\/wp-content\/uploads\/alevibox-300x224.jpg 300w\" sizes=\"auto, (max-width: 640px) 100vw, 640px\" \/><\/figure>\n\n\n\n<figure class=\"wp-block-image size-large\"><img loading=\"lazy\" decoding=\"async\" width=\"200\" height=\"136\" data-id=\"942\" src=\"https:\/\/fredt.eu\/notes\/wp-content\/uploads\/artificielle.jpg\" alt=\"\" class=\"wp-image-942\"\/><\/figure>\n\n\n\n<figure class=\"wp-block-image size-large\"><img loading=\"lazy\" decoding=\"async\" width=\"200\" height=\"150\" data-id=\"943\" src=\"https:\/\/fredt.eu\/notes\/wp-content\/uploads\/naturelle.jpg\" alt=\"\" class=\"wp-image-943\"\/><\/figure>\n<\/figure>\n\n\n\n<p class=\"has-text-align-center\">Alevibox, Fray\u00e8re artificielle, naturelle<\/p>\n","protected":false},"excerpt":{"rendered":"<p>Apr\u00e8s les travaux \u00e0 l&rsquo;\u00e9tang Varagnat en 2004, la mise en eau d\u00e9but 2005, le l\u00e2cher de reproducteurs fin f\u00e9vrier et comme l&rsquo;\u00e9tang manque de v\u00e9g\u00e9tation, un essai de fray\u00e8res artificielles a \u00e9t\u00e9 d\u00e9cid\u00e9. Voici quelques photos de ces r\u00e9alisations. Mise en place de fray\u00e8res: D&rsquo;abord, amener le bateau\u2026 Heu ! On le pose o\u00f9 [&hellip;]<\/p>\n","protected":false},"author":1,"featured_media":444,"comment_status":"open","ping_status":"open","sticky":false,"template":"","format":"standard","meta":{"slim_seo":{"title":"Travaux 2007, Fray\u00e8res artificielles \u00e0 l'\u00e9tang Varagnat - FredT Notes","description":"Apr\u00e8s les travaux \u00e0 l'\u00e9tang Varagnat en 2004, la mise en eau d\u00e9but 2005, le l\u00e2cher de reproducteurs fin f\u00e9vrier et comme l'\u00e9tang manque de v\u00e9g\u00e9tation, un essai"},"footnotes":""},"categories":[84,4],"tags":[15,88],"class_list":["post-442","post","type-post","status-publish","format-standard","has-post-thumbnail","hentry","category-aappma-ste-foy","category-peche","tag-aappma","tag-frayere"],"_links":{"self":[{"href":"https:\/\/fredt.eu\/notes\/wp-json\/wp\/v2\/posts\/442","targetHints":{"allow":["GET"]}}],"collection":[{"href":"https:\/\/fredt.eu\/notes\/wp-json\/wp\/v2\/posts"}],"about":[{"href":"https:\/\/fredt.eu\/notes\/wp-json\/wp\/v2\/types\/post"}],"author":[{"embeddable":true,"href":"https:\/\/fredt.eu\/notes\/wp-json\/wp\/v2\/users\/1"}],"replies":[{"embeddable":true,"href":"https:\/\/fredt.eu\/notes\/wp-json\/wp\/v2\/comments?post=442"}],"version-history":[{"count":3,"href":"https:\/\/fredt.eu\/notes\/wp-json\/wp\/v2\/posts\/442\/revisions"}],"predecessor-version":[{"id":946,"href":"https:\/\/fredt.eu\/notes\/wp-json\/wp\/v2\/posts\/442\/revisions\/946"}],"wp:featuredmedia":[{"embeddable":true,"href":"https:\/\/fredt.eu\/notes\/wp-json\/wp\/v2\/media\/444"}],"wp:attachment":[{"href":"https:\/\/fredt.eu\/notes\/wp-json\/wp\/v2\/media?parent=442"}],"wp:term":[{"taxonomy":"category","embeddable":true,"href":"https:\/\/fredt.eu\/notes\/wp-json\/wp\/v2\/categories?post=442"},{"taxonomy":"post_tag","embeddable":true,"href":"https:\/\/fredt.eu\/notes\/wp-json\/wp\/v2\/tags?post=442"}],"curies":[{"name":"wp","href":"https:\/\/api.w.org\/{rel}","templated":true}]}}