{"id":396,"date":"2004-11-22T15:43:00","date_gmt":"2004-11-22T14:43:00","guid":{"rendered":"https:\/\/fredt.eu\/notes\/?p=396"},"modified":"2025-07-15T20:11:31","modified_gmt":"2025-07-15T18:11:31","slug":"travaux-de-laappma-en-2004-et-2005","status":"publish","type":"post","link":"https:\/\/fredt.eu\/notes\/peche\/travaux-de-laappma-en-2004-et-2005\/","title":{"rendered":"Travaux de l&rsquo;AAPPMA en 2004 et 2005"},"content":{"rendered":"\n<p>Activit\u00e9s et travaux 2004 et 2005 au Varagnat Suite \u00e0 une alt\u00e9ration tr\u00e8s importante des berges l&rsquo;AAPPMA de Ste Foy l&rsquo;Argenti\u00e8re a\u00a0proc\u00e9d\u00e9 \u00e0 la vidange de l&rsquo;\u00e9tang Varagnat et aux r\u00e9parations\u00a0n\u00e9cessaires.\u00a0<\/p>\n\n\n\n<p>Voil\u00e0, l&rsquo;\u00e9tang presque \u00e0 sec , Mais ? O\u00f9 sont donc ces poissons ?<\/p>\n\n\n\n<figure class=\"wp-block-gallery has-nested-images columns-default is-cropped wp-block-gallery-1 is-layout-flex wp-block-gallery-is-layout-flex\">\n<figure class=\"wp-block-image size-large\"><img loading=\"lazy\" decoding=\"async\" width=\"300\" height=\"225\" data-id=\"397\" src=\"https:\/\/fredt.eu\/notes\/wp-content\/uploads\/2004-travaux-varagnat-1.jpg\" alt=\"\" class=\"wp-image-397\"\/><\/figure>\n\n\n\n<figure class=\"wp-block-image size-large\"><img loading=\"lazy\" decoding=\"async\" width=\"300\" height=\"225\" data-id=\"398\" src=\"https:\/\/fredt.eu\/notes\/wp-content\/uploads\/2004-travaux-varagnat-2.jpg\" alt=\"\" class=\"wp-image-398\"\/><\/figure>\n\n\n\n<figure class=\"wp-block-image size-large\"><img loading=\"lazy\" decoding=\"async\" width=\"300\" height=\"225\" data-id=\"399\" src=\"https:\/\/fredt.eu\/notes\/wp-content\/uploads\/2004-travaux-varagnat-3.jpg\" alt=\"\" class=\"wp-image-399\"\/><\/figure>\n<\/figure>\n\n\n\n<p>Ca y est ! J&rsquo;en ai une \u00ab\u00a0\u00e9nhaurme\u00a0\u00bb! Et \u00e9norm\u00e9ment de petits \u00e0 trier<\/p>\n\n\n\n<figure class=\"wp-block-gallery has-nested-images columns-default is-cropped wp-block-gallery-2 is-layout-flex wp-block-gallery-is-layout-flex\">\n<figure class=\"wp-block-image size-large\"><img loading=\"lazy\" decoding=\"async\" width=\"300\" height=\"225\" data-id=\"400\" src=\"https:\/\/fredt.eu\/notes\/wp-content\/uploads\/2004-travaux-varagnat-4.jpg\" alt=\"\" class=\"wp-image-400\"\/><\/figure>\n\n\n\n<figure class=\"wp-block-image size-large\"><img loading=\"lazy\" decoding=\"async\" width=\"300\" height=\"225\" data-id=\"401\" src=\"https:\/\/fredt.eu\/notes\/wp-content\/uploads\/2004-travaux-varagnat-5.jpg\" alt=\"\" class=\"wp-image-401\"\/><\/figure>\n\n\n\n<figure class=\"wp-block-image size-large\"><img loading=\"lazy\" decoding=\"async\" width=\"300\" height=\"225\" data-id=\"402\" src=\"https:\/\/fredt.eu\/notes\/wp-content\/uploads\/2004-travaux-varagnat-6.jpg\" alt=\"\" class=\"wp-image-402\"\/><\/figure>\n<\/figure>\n\n\n\n<p>Une belle carpe : direction les bacs de transport. Pr\u00eats pour un voyage vers le Jomard et le Noyer<\/p>\n\n\n\n<figure class=\"wp-block-gallery has-nested-images columns-default is-cropped wp-block-gallery-3 is-layout-flex wp-block-gallery-is-layout-flex\">\n<figure class=\"wp-block-image size-large\"><img loading=\"lazy\" decoding=\"async\" width=\"300\" height=\"225\" data-id=\"403\" src=\"https:\/\/fredt.eu\/notes\/wp-content\/uploads\/2004-travaux-varagnat-16.jpg\" alt=\"\" class=\"wp-image-403\"\/><\/figure>\n\n\n\n<figure class=\"wp-block-image size-large\"><img loading=\"lazy\" decoding=\"async\" width=\"300\" height=\"225\" data-id=\"404\" src=\"https:\/\/fredt.eu\/notes\/wp-content\/uploads\/2004-travaux-varagnat-17.jpg\" alt=\"\" class=\"wp-image-404\"\/><\/figure>\n\n\n\n<figure class=\"wp-block-image size-large\"><img loading=\"lazy\" decoding=\"async\" width=\"300\" height=\"225\" data-id=\"405\" src=\"https:\/\/fredt.eu\/notes\/wp-content\/uploads\/2004-travaux-varagnat-18.jpg\" alt=\"\" class=\"wp-image-405\"\/><\/figure>\n<\/figure>\n\n\n\n<p>Inesp\u00e9r\u00e9 ! Plus de 40 carpes, au moins 300 kg de gardons, une dizaine de brochets, mais seulement 11 tanches.<\/p>\n\n\n\n<p>Alignement c\u00f4t\u00e9 sud sud ouest et renforcement de la berge, M\u00eame travail c\u00f4t\u00e9 nord nord est , Puis nettoyage de la queue d&rsquo;\u00e9tang<\/p>\n\n\n\n<figure class=\"wp-block-gallery has-nested-images columns-default is-cropped wp-block-gallery-4 is-layout-flex wp-block-gallery-is-layout-flex\">\n<figure class=\"wp-block-image size-large\"><img loading=\"lazy\" decoding=\"async\" width=\"300\" height=\"203\" data-id=\"406\" src=\"https:\/\/fredt.eu\/notes\/wp-content\/uploads\/2004-travaux-varagnat-12.jpg\" alt=\"\" class=\"wp-image-406\"\/><\/figure>\n\n\n\n<figure class=\"wp-block-image size-large\"><img loading=\"lazy\" decoding=\"async\" width=\"300\" height=\"213\" data-id=\"407\" src=\"https:\/\/fredt.eu\/notes\/wp-content\/uploads\/2004-travaux-varagnat-13.jpg\" alt=\"\" class=\"wp-image-407\"\/><\/figure>\n\n\n\n<figure class=\"wp-block-image size-large\"><img loading=\"lazy\" decoding=\"async\" width=\"300\" height=\"201\" data-id=\"408\" src=\"https:\/\/fredt.eu\/notes\/wp-content\/uploads\/2004-travaux-varagnat-14.jpg\" alt=\"\" class=\"wp-image-408\"\/><\/figure>\n<\/figure>\n\n\n\n<p>Le Varagnat presque \u00e0 neuf. Mise en place des piquets<\/p>\n\n\n\n<p>Merci au tracteur et aux 2 Guy&rsquo;s. Op\u00e9ration barbel\u00e9s et crampillons<\/p>\n\n\n\n<p>Agrafage du grillage. Remise en eau Le \u00ab\u00a0d\u00e9gueuloir\u00a0\u00bb fonctionne \u00e0 nouveau!<\/p>\n\n\n\n<figure class=\"wp-block-gallery has-nested-images columns-default is-cropped wp-block-gallery-5 is-layout-flex wp-block-gallery-is-layout-flex\">\n<figure class=\"wp-block-image size-large\"><img loading=\"lazy\" decoding=\"async\" width=\"300\" height=\"225\" data-id=\"409\" src=\"https:\/\/fredt.eu\/notes\/wp-content\/uploads\/2004-travaux-varagnat-10.jpg\" alt=\"\" class=\"wp-image-409\"\/><\/figure>\n\n\n\n<figure class=\"wp-block-image size-large\"><img loading=\"lazy\" decoding=\"async\" width=\"300\" height=\"225\" data-id=\"410\" src=\"https:\/\/fredt.eu\/notes\/wp-content\/uploads\/2004-travaux-varagnat-11.jpg\" alt=\"\" class=\"wp-image-410\"\/><\/figure>\n\n\n\n<figure class=\"wp-block-image size-large\"><img loading=\"lazy\" decoding=\"async\" width=\"300\" height=\"211\" data-id=\"411\" src=\"https:\/\/fredt.eu\/notes\/wp-content\/uploads\/2004-travaux-varagnat-15.jpg\" alt=\"\" class=\"wp-image-411\"\/><\/figure>\n<\/figure>\n\n\n\n<p>R\u00e9 empoissonnement avec des g\u00e9niteurs\u2026 Des adultes qui ne demandent qu&rsquo;\u00e0 se reproduire.<\/p>\n\n\n\n<figure class=\"wp-block-gallery has-nested-images columns-default is-cropped wp-block-gallery-6 is-layout-flex wp-block-gallery-is-layout-flex\">\n<figure class=\"wp-block-image size-large\"><img loading=\"lazy\" decoding=\"async\" width=\"300\" height=\"225\" data-id=\"412\" src=\"https:\/\/fredt.eu\/notes\/wp-content\/uploads\/2004-travaux-varagnat-7.jpg\" alt=\"\" class=\"wp-image-412\"\/><\/figure>\n\n\n\n<figure class=\"wp-block-image size-large\"><img loading=\"lazy\" decoding=\"async\" width=\"300\" height=\"225\" data-id=\"413\" src=\"https:\/\/fredt.eu\/notes\/wp-content\/uploads\/2004-travaux-varagnat-8.jpg\" alt=\"\" class=\"wp-image-413\"\/><\/figure>\n\n\n\n<figure class=\"wp-block-image size-large\"><img loading=\"lazy\" decoding=\"async\" width=\"300\" height=\"225\" data-id=\"414\" src=\"https:\/\/fredt.eu\/notes\/wp-content\/uploads\/2004-travaux-varagnat-9.jpg\" alt=\"\" class=\"wp-image-414\"\/><\/figure>\n<\/figure>\n\n\n\n<p>On vous attend de nageoires fermes !<\/p>\n\n\n\n<p><\/p>\n","protected":false},"excerpt":{"rendered":"<p>Activit\u00e9s et travaux 2004 et 2005 au Varagnat Suite \u00e0 une alt\u00e9ration tr\u00e8s importante des berges l&rsquo;AAPPMA de Ste Foy l&rsquo;Argenti\u00e8re a\u00a0proc\u00e9d\u00e9 \u00e0 la vidange de l&rsquo;\u00e9tang Varagnat et aux r\u00e9parations\u00a0n\u00e9cessaires.\u00a0 Voil\u00e0, l&rsquo;\u00e9tang presque \u00e0 sec , Mais ? O\u00f9 sont donc ces poissons ? Ca y est ! J&rsquo;en ai une \u00ab\u00a0\u00e9nhaurme\u00a0\u00bb! Et \u00e9norm\u00e9ment [&hellip;]<\/p>\n","protected":false},"author":1,"featured_media":406,"comment_status":"open","ping_status":"open","sticky":false,"template":"","format":"standard","meta":{"slim_seo":{"title":"Travaux de l'AAPPMA en 2004 et 2005 - FredT Notes","description":"Activit\u00e9s et travaux 2004 et 2005 au Varagnat Suite \u00e0 une alt\u00e9ration tr\u00e8s importante des berges l'AAPPMA de Ste Foy l'Argenti\u00e8re a\u00a0proc\u00e9d\u00e9 \u00e0 la vidange de l'\u00e9ta"},"footnotes":""},"categories":[84,4],"tags":[15,85,86],"class_list":["post-396","post","type-post","status-publish","format-standard","has-post-thumbnail","hentry","category-aappma-ste-foy","category-peche","tag-aappma","tag-travaux","tag-vidange"],"_links":{"self":[{"href":"https:\/\/fredt.eu\/notes\/wp-json\/wp\/v2\/posts\/396","targetHints":{"allow":["GET"]}}],"collection":[{"href":"https:\/\/fredt.eu\/notes\/wp-json\/wp\/v2\/posts"}],"about":[{"href":"https:\/\/fredt.eu\/notes\/wp-json\/wp\/v2\/types\/post"}],"author":[{"embeddable":true,"href":"https:\/\/fredt.eu\/notes\/wp-json\/wp\/v2\/users\/1"}],"replies":[{"embeddable":true,"href":"https:\/\/fredt.eu\/notes\/wp-json\/wp\/v2\/comments?post=396"}],"version-history":[{"count":1,"href":"https:\/\/fredt.eu\/notes\/wp-json\/wp\/v2\/posts\/396\/revisions"}],"predecessor-version":[{"id":415,"href":"https:\/\/fredt.eu\/notes\/wp-json\/wp\/v2\/posts\/396\/revisions\/415"}],"wp:featuredmedia":[{"embeddable":true,"href":"https:\/\/fredt.eu\/notes\/wp-json\/wp\/v2\/media\/406"}],"wp:attachment":[{"href":"https:\/\/fredt.eu\/notes\/wp-json\/wp\/v2\/media?parent=396"}],"wp:term":[{"taxonomy":"category","embeddable":true,"href":"https:\/\/fredt.eu\/notes\/wp-json\/wp\/v2\/categories?post=396"},{"taxonomy":"post_tag","embeddable":true,"href":"https:\/\/fredt.eu\/notes\/wp-json\/wp\/v2\/tags?post=396"}],"curies":[{"name":"wp","href":"https:\/\/api.w.org\/{rel}","templated":true}]}}