{"id":366,"date":"2017-07-31T10:04:00","date_gmt":"2017-07-31T08:04:00","guid":{"rendered":"https:\/\/fredt.eu\/notes\/?p=366"},"modified":"2025-07-15T19:07:09","modified_gmt":"2025-07-15T17:07:09","slug":"110kg-de-carpes-peches-par-2-enfants","status":"publish","type":"post","link":"https:\/\/fredt.eu\/notes\/peche\/110kg-de-carpes-peches-par-2-enfants\/","title":{"rendered":"110kg de carpes p\u00each\u00e9s par 2 enfants"},"content":{"rendered":"\n<p>Le 31\/07\/2017, nous avons pris deux cartes de p\u00eache enfant et une carte adulte \u00e0 l&rsquo;\u00e9picerie du village de Saint Martin Lestrat. Le plan d&rsquo;eau priv\u00e9 \u00e9tant sur-fr\u00e9quent\u00e9 le week-end, je profite des vacances pour y emmener les enfants un jour de semaine.<\/p>\n\n\n\n<figure class=\"wp-block-image size-full\"><img loading=\"lazy\" decoding=\"async\" width=\"1024\" height=\"578\" src=\"https:\/\/fredt.eu\/notes\/wp-content\/uploads\/2017\/07\/poste-sous-la-pluie.jpg\" alt=\"\" class=\"wp-image-1136\" srcset=\"https:\/\/fredt.eu\/notes\/wp-content\/uploads\/2017\/07\/poste-sous-la-pluie.jpg 1024w, https:\/\/fredt.eu\/notes\/wp-content\/uploads\/2017\/07\/poste-sous-la-pluie-300x169.jpg 300w, https:\/\/fredt.eu\/notes\/wp-content\/uploads\/2017\/07\/poste-sous-la-pluie-768x434.jpg 768w, https:\/\/fredt.eu\/notes\/wp-content\/uploads\/2017\/07\/poste-sous-la-pluie-60x34.jpg 60w\" sizes=\"auto, (max-width: 1024px) 100vw, 1024px\" \/><\/figure>\n\n\n\n<p>Nous nous sommes install\u00e9s sur la berge oppos\u00e9e, \u00e0 une vingtaine de m\u00e8tres de la digue. La profondeur \u00e0 cet endroit est l\u00e9g\u00e8rement plus importante que sur la plupart des autres postes.<\/p>\n\n\n\n<p>Dans la semaine, j&rsquo;avais mis \u00e0 tremper des graines : ma\u00efs, ch\u00e8nevis, bl\u00e9. La cuisson, effectu\u00e9e la veille, a \u00e9t\u00e9 volontairement excessive, jusqu&rsquo;\u00e0 ce que les graines \u00e9clatent et soient surcuites, afin de les rendre tr\u00e8s digestes.<\/p>\n\n\n\n<p>Nous sommes arriv\u00e9s au bord de l&rsquo;\u00e9tang vers 9h. Quelques frondes et pelles d\u2019amor\u00e7age, un premier rod-pod est d\u00e9pli\u00e9 et trois cannes sont en place. Nous avons droit \u00e0 deux cannes par carte de p\u00eache. Toute la journ\u00e9e, nous n\u2019avons utilis\u00e9 que quatre cannes au maximum, inutile d\u2019en mettre plus.<\/p>\n\n\n\n<figure class=\"wp-block-gallery has-nested-images columns-default is-cropped wp-block-gallery-1 is-layout-flex wp-block-gallery-is-layout-flex\">\n<figure class=\"wp-block-image size-large\"><img loading=\"lazy\" decoding=\"async\" width=\"1024\" height=\"1024\" data-id=\"1137\" src=\"https:\/\/fredt.eu\/notes\/wp-content\/uploads\/2017\/07\/wp-20170731-17-39-27-pro.jpg\" alt=\"\" class=\"wp-image-1137\" srcset=\"https:\/\/fredt.eu\/notes\/wp-content\/uploads\/2017\/07\/wp-20170731-17-39-27-pro.jpg 1024w, https:\/\/fredt.eu\/notes\/wp-content\/uploads\/2017\/07\/wp-20170731-17-39-27-pro-300x300.jpg 300w, https:\/\/fredt.eu\/notes\/wp-content\/uploads\/2017\/07\/wp-20170731-17-39-27-pro-150x150.jpg 150w, https:\/\/fredt.eu\/notes\/wp-content\/uploads\/2017\/07\/wp-20170731-17-39-27-pro-768x768.jpg 768w, https:\/\/fredt.eu\/notes\/wp-content\/uploads\/2017\/07\/wp-20170731-17-39-27-pro-60x60.jpg 60w\" sizes=\"auto, (max-width: 1024px) 100vw, 1024px\" \/><\/figure>\n\n\n\n<figure class=\"wp-block-image size-large\"><img loading=\"lazy\" decoding=\"async\" width=\"1024\" height=\"1024\" data-id=\"1138\" src=\"https:\/\/fredt.eu\/notes\/wp-content\/uploads\/2017\/07\/wp-20170731-17-39-48-pro.jpg\" alt=\"\" class=\"wp-image-1138\" srcset=\"https:\/\/fredt.eu\/notes\/wp-content\/uploads\/2017\/07\/wp-20170731-17-39-48-pro.jpg 1024w, https:\/\/fredt.eu\/notes\/wp-content\/uploads\/2017\/07\/wp-20170731-17-39-48-pro-300x300.jpg 300w, https:\/\/fredt.eu\/notes\/wp-content\/uploads\/2017\/07\/wp-20170731-17-39-48-pro-150x150.jpg 150w, https:\/\/fredt.eu\/notes\/wp-content\/uploads\/2017\/07\/wp-20170731-17-39-48-pro-768x768.jpg 768w, https:\/\/fredt.eu\/notes\/wp-content\/uploads\/2017\/07\/wp-20170731-17-39-48-pro-60x60.jpg 60w\" sizes=\"auto, (max-width: 1024px) 100vw, 1024px\" \/><\/figure>\n<\/figure>\n\n\n\n<p>Il est 9h30 et d\u00e9j\u00e0 un premier d\u00e9part ! Le temps de peser le poisson, faire une s\u00e9ance photo, remettre la canne en place et r\u00e9amorcer quelques frondes, un second d\u00e9part s\u2019encha\u00eene.<\/p>\n\n\n\n<figure class=\"wp-block-gallery has-nested-images columns-default is-cropped wp-block-gallery-2 is-layout-flex wp-block-gallery-is-layout-flex\">\n<figure class=\"wp-block-image size-large\"><img loading=\"lazy\" decoding=\"async\" width=\"1024\" height=\"1024\" data-id=\"1139\" src=\"https:\/\/fredt.eu\/notes\/wp-content\/uploads\/2017\/07\/pierre-et-lea-6.jpg\" alt=\"\" class=\"wp-image-1139\" srcset=\"https:\/\/fredt.eu\/notes\/wp-content\/uploads\/2017\/07\/pierre-et-lea-6.jpg 1024w, https:\/\/fredt.eu\/notes\/wp-content\/uploads\/2017\/07\/pierre-et-lea-6-300x300.jpg 300w, https:\/\/fredt.eu\/notes\/wp-content\/uploads\/2017\/07\/pierre-et-lea-6-150x150.jpg 150w, https:\/\/fredt.eu\/notes\/wp-content\/uploads\/2017\/07\/pierre-et-lea-6-768x768.jpg 768w, https:\/\/fredt.eu\/notes\/wp-content\/uploads\/2017\/07\/pierre-et-lea-6-60x60.jpg 60w\" sizes=\"auto, (max-width: 1024px) 100vw, 1024px\" \/><\/figure>\n\n\n\n<figure class=\"wp-block-image size-large\"><img loading=\"lazy\" decoding=\"async\" width=\"1024\" height=\"1024\" data-id=\"1140\" src=\"https:\/\/fredt.eu\/notes\/wp-content\/uploads\/2017\/07\/pierre-papa-1.jpg\" alt=\"\" class=\"wp-image-1140\" srcset=\"https:\/\/fredt.eu\/notes\/wp-content\/uploads\/2017\/07\/pierre-papa-1.jpg 1024w, https:\/\/fredt.eu\/notes\/wp-content\/uploads\/2017\/07\/pierre-papa-1-300x300.jpg 300w, https:\/\/fredt.eu\/notes\/wp-content\/uploads\/2017\/07\/pierre-papa-1-150x150.jpg 150w, https:\/\/fredt.eu\/notes\/wp-content\/uploads\/2017\/07\/pierre-papa-1-768x768.jpg 768w, https:\/\/fredt.eu\/notes\/wp-content\/uploads\/2017\/07\/pierre-papa-1-60x60.jpg 60w\" sizes=\"auto, (max-width: 1024px) 100vw, 1024px\" \/><\/figure>\n<\/figure>\n\n\n\n<p>La matin\u00e9e est marqu\u00e9e par de grosses averses orageuses, tandis que l\u2019apr\u00e8s-midi est ensoleill\u00e9 et chaud, avec des touches plus espac\u00e9es.<br><\/p>\n\n\n\n<figure class=\"wp-block-embed is-type-video is-provider-youtube wp-block-embed-youtube wp-embed-aspect-16-9 wp-has-aspect-ratio\"><div class=\"wp-block-embed__wrapper\">\n<iframe loading=\"lazy\" title=\"31 juillet 2017 st Martin 110k de carpes\" width=\"500\" height=\"281\" src=\"https:\/\/www.youtube.com\/embed\/dnU9VtrRSzc?feature=oembed\" frameborder=\"0\" allow=\"accelerometer; autoplay; clipboard-write; encrypted-media; gyroscope; picture-in-picture; web-share\" referrerpolicy=\"strict-origin-when-cross-origin\" allowfullscreen><\/iframe>\n<\/div><\/figure>\n\n\n\n<figure class=\"wp-block-image size-full\"><img loading=\"lazy\" decoding=\"async\" width=\"1024\" height=\"1024\" src=\"https:\/\/fredt.eu\/notes\/wp-content\/uploads\/2017\/07\/pierre-papa-3.jpg\" alt=\"\" class=\"wp-image-1141\" srcset=\"https:\/\/fredt.eu\/notes\/wp-content\/uploads\/2017\/07\/pierre-papa-3.jpg 1024w, https:\/\/fredt.eu\/notes\/wp-content\/uploads\/2017\/07\/pierre-papa-3-300x300.jpg 300w, https:\/\/fredt.eu\/notes\/wp-content\/uploads\/2017\/07\/pierre-papa-3-150x150.jpg 150w, https:\/\/fredt.eu\/notes\/wp-content\/uploads\/2017\/07\/pierre-papa-3-768x768.jpg 768w, https:\/\/fredt.eu\/notes\/wp-content\/uploads\/2017\/07\/pierre-papa-3-60x60.jpg 60w\" sizes=\"auto, (max-width: 1024px) 100vw, 1024px\" \/><\/figure>\n\n\n\n<p>En fin de journ\u00e9e, j\u2019ai demand\u00e9 \u00e0 mes enfants d\u2019ouvrir Excel. Les trois pages du carnet de p\u00eache de la journ\u00e9e ont \u00e9t\u00e9 recopi\u00e9es, une occasion de leur donner un petit cours d\u2019informatique au passage : activation des filtres, calcul des totaux&#8230; Le verdict tombe : <strong>110 kg de carpes en une journ\u00e9e !<\/strong><\/p>\n\n\n\n<figure class=\"wp-block-image size-medium\"><img loading=\"lazy\" decoding=\"async\" width=\"254\" height=\"300\" src=\"https:\/\/fredt.eu\/notes\/wp-content\/uploads\/carnet-des-prises-254x300.jpg\" alt=\"\" class=\"wp-image-367\" srcset=\"https:\/\/fredt.eu\/notes\/wp-content\/uploads\/carnet-des-prises-254x300.jpg 254w, https:\/\/fredt.eu\/notes\/wp-content\/uploads\/carnet-des-prises-866x1024.jpg 866w, https:\/\/fredt.eu\/notes\/wp-content\/uploads\/carnet-des-prises-768x908.jpg 768w, https:\/\/fredt.eu\/notes\/wp-content\/uploads\/carnet-des-prises-1299x1536.jpg 1299w, https:\/\/fredt.eu\/notes\/wp-content\/uploads\/carnet-des-prises.jpg 1456w\" sizes=\"auto, (max-width: 254px) 100vw, 254px\" \/><\/figure>\n\n\n\n<p><strong>Bilan de la journ\u00e9e :<\/strong><\/p>\n\n\n\n<ul class=\"wp-block-list\">\n<li><strong>20 carpes<\/strong><\/li>\n\n\n\n<li><strong>2 d\u00e9croch\u00e9es<\/strong><\/li>\n\n\n\n<li><strong>2 tanches<\/strong><\/li>\n<\/ul>\n\n\n\n<figure class=\"wp-block-image size-full\"><img loading=\"lazy\" decoding=\"async\" width=\"1024\" height=\"1024\" src=\"https:\/\/fredt.eu\/notes\/wp-content\/uploads\/2017\/07\/pierre-et-lea-3.jpg\" alt=\"\" class=\"wp-image-1142\" srcset=\"https:\/\/fredt.eu\/notes\/wp-content\/uploads\/2017\/07\/pierre-et-lea-3.jpg 1024w, https:\/\/fredt.eu\/notes\/wp-content\/uploads\/2017\/07\/pierre-et-lea-3-300x300.jpg 300w, https:\/\/fredt.eu\/notes\/wp-content\/uploads\/2017\/07\/pierre-et-lea-3-150x150.jpg 150w, https:\/\/fredt.eu\/notes\/wp-content\/uploads\/2017\/07\/pierre-et-lea-3-768x768.jpg 768w, https:\/\/fredt.eu\/notes\/wp-content\/uploads\/2017\/07\/pierre-et-lea-3-60x60.jpg 60w\" sizes=\"auto, (max-width: 1024px) 100vw, 1024px\" \/><\/figure>\n\n\n\n<p>L\u2019amor\u00e7age massif devant a port\u00e9 ses fruits. Les r\u00e9sultats ont \u00e9t\u00e9 excellents avec <strong>2 lupins<\/strong>. Pas vraiment de diff\u00e9rence constat\u00e9e entre les diff\u00e9rents montage, inline coulissant, method-feeder, plomb fixe.<\/p>\n\n\n\n<p><\/p>\n","protected":false},"excerpt":{"rendered":"<p>Le 31\/07\/2017, nous avons pris deux cartes de p\u00eache enfant et une carte adulte \u00e0 l&rsquo;\u00e9picerie du village de Saint Martin Lestrat. Le plan d&rsquo;eau priv\u00e9 \u00e9tant sur-fr\u00e9quent\u00e9 le week-end, je profite des vacances pour y emmener les enfants un jour de semaine. Nous nous sommes install\u00e9s sur la berge oppos\u00e9e, \u00e0 une vingtaine de [&hellip;]<\/p>\n","protected":false},"author":1,"featured_media":1137,"comment_status":"open","ping_status":"open","sticky":false,"template":"","format":"standard","meta":{"slim_seo":{"title":"110kg de carpes p\u00each\u00e9s par 2 enfants - FredT Notes","description":"Le 31\/07\/2017, nous avons pris deux cartes de p\u00eache enfant et une carte adulte \u00e0 l'\u00e9picerie du village de Saint Martin Lestrat. Le plan d'eau priv\u00e9 \u00e9tant sur-fr"},"footnotes":""},"categories":[4,69],"tags":[107,55,74,9,13,14,105],"class_list":["post-366","post","type-post","status-publish","format-standard","has-post-thumbnail","hentry","category-peche","category-recit","tag-animation","tag-carpe","tag-carpodrome","tag-enfant","tag-etang","tag-initiation","tag-tanche"],"_links":{"self":[{"href":"https:\/\/fredt.eu\/notes\/wp-json\/wp\/v2\/posts\/366","targetHints":{"allow":["GET"]}}],"collection":[{"href":"https:\/\/fredt.eu\/notes\/wp-json\/wp\/v2\/posts"}],"about":[{"href":"https:\/\/fredt.eu\/notes\/wp-json\/wp\/v2\/types\/post"}],"author":[{"embeddable":true,"href":"https:\/\/fredt.eu\/notes\/wp-json\/wp\/v2\/users\/1"}],"replies":[{"embeddable":true,"href":"https:\/\/fredt.eu\/notes\/wp-json\/wp\/v2\/comments?post=366"}],"version-history":[{"count":10,"href":"https:\/\/fredt.eu\/notes\/wp-json\/wp\/v2\/posts\/366\/revisions"}],"predecessor-version":[{"id":1143,"href":"https:\/\/fredt.eu\/notes\/wp-json\/wp\/v2\/posts\/366\/revisions\/1143"}],"wp:featuredmedia":[{"embeddable":true,"href":"https:\/\/fredt.eu\/notes\/wp-json\/wp\/v2\/media\/1137"}],"wp:attachment":[{"href":"https:\/\/fredt.eu\/notes\/wp-json\/wp\/v2\/media?parent=366"}],"wp:term":[{"taxonomy":"category","embeddable":true,"href":"https:\/\/fredt.eu\/notes\/wp-json\/wp\/v2\/categories?post=366"},{"taxonomy":"post_tag","embeddable":true,"href":"https:\/\/fredt.eu\/notes\/wp-json\/wp\/v2\/tags?post=366"}],"curies":[{"name":"wp","href":"https:\/\/api.w.org\/{rel}","templated":true}]}}