{"id":280,"date":"2011-08-22T18:00:08","date_gmt":"2011-08-22T16:00:08","guid":{"rendered":"https:\/\/fredt.eu\/notes\/?p=280"},"modified":"2025-07-15T19:50:26","modified_gmt":"2025-07-15T17:50:26","slug":"en-limite-de-la-legalite-au-barrage-du-verut","status":"publish","type":"post","link":"https:\/\/fredt.eu\/notes\/peche\/en-limite-de-la-legalite-au-barrage-du-verut\/","title":{"rendered":"En limite de la l\u00e9galit\u00e9 au Barrage du V\u00e9rut\u2026"},"content":{"rendered":"\n<p>Publication originale sur <a href=\"https:\/\/kpovahallo.forumperso.com\/t6938-en-limite-de-la-legalite-au-barrage-du-verut\">kpovahallo.forumperso.com<\/a> (Les Amis De La P\u00eache, Sorties \/ Lives, Partagez Votre Journ\u00e9e de p\u00eache)<\/p>\n\n\n\n<p>2011-08-22, 09:35<\/p>\n\n\n\n<p>Entre Chazelles sur Lyon et Saint Galmier le&nbsp;<a href=\"http:\/\/www.absolu.peche.fredt.eu\/lieux\/lieu\/index\/idlieu\/105\" target=\"_blank\" rel=\"noreferrer noopener\">barrage du V\u00e9rut<\/a>&nbsp;est en 1ere cat\u00e9gorie, r\u00e9ciproctaire dans la Loire (42). Donc peupl\u00e9 de truite, avec plusieurs l\u00e2ch\u00e9s dans l&rsquo;ann\u00e9e. Mais il y a aussi aussi des carpes d&rsquo;un poids moyen peu \u00e9lev\u00e9, tanches, gardons, une forte population de carrassins d&rsquo;environ 1kg, black-bass, brochets. Et &#8230; poissons-chats malheureusement!<\/p>\n\n\n\n<figure class=\"wp-block-image size-full\"><img loading=\"lazy\" decoding=\"async\" width=\"640\" height=\"480\" src=\"https:\/\/fredt.eu\/notes\/wp-content\/uploads\/barrage-verut.jpg\" alt=\"\" class=\"wp-image-331\" srcset=\"https:\/\/fredt.eu\/notes\/wp-content\/uploads\/barrage-verut.jpg 640w, https:\/\/fredt.eu\/notes\/wp-content\/uploads\/barrage-verut-300x225.jpg 300w\" sizes=\"auto, (max-width: 640px) 100vw, 640px\" \/><\/figure>\n\n\n\n<p>Pour la saison 2011, plusieurs contacts m&rsquo;ont signal\u00e9 qu&rsquo;il \u00e9tait possible d&rsquo;amorcer, de p\u00eacher avec des asticots, et d&rsquo;utiliser 2 cannes &#8230; pour ce plan d&rsquo;eau de 1ere cat\u00e9gorie, sans quoi je n&rsquo;y aurait jamais mis les pieds. On m&rsquo;a \u00e9galement dit que c&rsquo;\u00e9tait affich\u00e9 sur place. Hors sur les panneaux d&rsquo;affichages, je n&rsquo;ai rien vu l&rsquo;indiquant.<\/p>\n\n\n\n<p>Un p\u00eacheur m&rsquo;a pr\u00e9cis\u00e9 qu&rsquo;en fait, ces interdictions classiques de 1er cat\u00e9gorie \u00e9taient clairement affich\u00e9es l&rsquo;ann\u00e9e derni\u00e8re et ont simplement \u00e9t\u00e9 supprim\u00e9es de la liste du r\u00e8glement sur place. Je me pose tout de m\u00eame la question, si un garde ne connaissant pas forc\u00e9ment ce r\u00e8glement interne passe, rien ne l&#8217;emp\u00eache de verbaliser?<\/p>\n\n\n\n<p>Par la canicule de ces jours, je cherchait plut\u00f4t un coin ombrag\u00e9s pour ce dimanche. J&rsquo;y suis all\u00e9 hier et j&rsquo;ai plut\u00f4t bien appr\u00e9ci\u00e9 l&rsquo;endroit malgr\u00e9 \u00e0 ma grande surprise un nombre consid\u00e9rable de chats!!! D\u00e9cid\u00e9ment les coins n&rsquo;en ayant pas ne sont vraiment pas l\u00e9gion!<\/p>\n\n\n\n<p>Arriv\u00e9 vers 7h00, le temps de m&rsquo;installer, puis faire connaissance avec 2 autres p\u00eacheurs pour glaner quelques infos suppl\u00e9mentaires, je commence ma p\u00eache vers 8h00. Le poste:<\/p>\n\n\n\n<figure class=\"wp-block-image size-full\"><img loading=\"lazy\" decoding=\"async\" width=\"640\" height=\"480\" src=\"https:\/\/fredt.eu\/notes\/wp-content\/uploads\/barrage-verut-6.jpg\" alt=\"\" class=\"wp-image-332\" srcset=\"https:\/\/fredt.eu\/notes\/wp-content\/uploads\/barrage-verut-6.jpg 640w, https:\/\/fredt.eu\/notes\/wp-content\/uploads\/barrage-verut-6-300x225.jpg 300w\" sizes=\"auto, (max-width: 640px) 100vw, 640px\" \/><\/figure>\n\n\n\n<p>Install\u00e9 le long de la r\u00e9serve, \u00e0 11m du bord entre 2m et 2m50 de fond, plut\u00f4t sableux avec pr\u00e9sence de souches.<\/p>\n\n\n\n<p>De 8h00 \u00e0 12h00, la matin\u00e9e a \u00e9t\u00e9 assez moyenne avec quelques gardons et \u00e9norm\u00e9ment de chats, par rapport aux infos donn\u00e9es, je suis rest\u00e9 tr\u00e8s r\u00e9serv\u00e9 sur l&rsquo;amor\u00e7age, juste 5 boules de d\u00e9part et 3 ou 4 pour rappel dans la matin\u00e9e. Les p\u00eacheurs sur place m&rsquo;ont dit de ne pas inclure d&rsquo;esches dans l&rsquo;amorce. Bon&#8230; j&rsquo;avoue, quelques frondes de mon tit m\u00e9lange habituel ma\u00efs, bl\u00e9, ch\u00e8nevis cuit maison de la veille. Mais cherchant plus le gros rien de concluant.<\/p>\n\n\n\n<figure class=\"wp-block-image size-full\"><img loading=\"lazy\" decoding=\"async\" width=\"480\" height=\"640\" src=\"https:\/\/fredt.eu\/notes\/wp-content\/uploads\/barrage-verut-1.jpg\" alt=\"\" class=\"wp-image-333\" srcset=\"https:\/\/fredt.eu\/notes\/wp-content\/uploads\/barrage-verut-1.jpg 480w, https:\/\/fredt.eu\/notes\/wp-content\/uploads\/barrage-verut-1-225x300.jpg 225w\" sizes=\"auto, (max-width: 480px) 100vw, 480px\" \/><\/figure>\n\n\n\n<p>Le temps d&rsquo;un bon casse-croute, la tite sieste pour la digestion, je remets la ligne \u00e0 l&rsquo;eau \u00e0 14h.<\/p>\n\n\n\n<p>Et&#8230; zut, all\u00e9 hop! Grosse boule d&rsquo;amorce bien tass\u00e9, et surtout bien truff\u00e9e de c&rsquo;qui faut&#8230; Je prends la fronde et en avant pour faire un bon tapis de graine autour!<\/p>\n\n\n\n<figure class=\"wp-block-image size-full\"><img loading=\"lazy\" decoding=\"async\" width=\"480\" height=\"640\" src=\"https:\/\/fredt.eu\/notes\/wp-content\/uploads\/barrage-verut-2.jpg\" alt=\"\" class=\"wp-image-334\" srcset=\"https:\/\/fredt.eu\/notes\/wp-content\/uploads\/barrage-verut-2.jpg 480w, https:\/\/fredt.eu\/notes\/wp-content\/uploads\/barrage-verut-2-225x300.jpg 225w\" sizes=\"auto, (max-width: 480px) 100vw, 480px\" \/><\/figure>\n\n\n\n<p>M\u00eame pas 10 minutes plus tard, pendu&#8230; hhaaaa \u00e7a fait plaisir, pas tr\u00e8s gros, mais bien vif!<\/p>\n\n\n\n<figure class=\"wp-block-image size-full\"><img loading=\"lazy\" decoding=\"async\" width=\"480\" height=\"640\" src=\"https:\/\/fredt.eu\/notes\/wp-content\/uploads\/barrage-verut-3.jpg\" alt=\"\" class=\"wp-image-335\" srcset=\"https:\/\/fredt.eu\/notes\/wp-content\/uploads\/barrage-verut-3.jpg 480w, https:\/\/fredt.eu\/notes\/wp-content\/uploads\/barrage-verut-3-225x300.jpg 225w\" sizes=\"auto, (max-width: 480px) 100vw, 480px\" \/><\/figure>\n\n\n\n<p>Par la suite, je continue un agrainage r\u00e9gulier et intensif. Je ne ferais pas d&rsquo;autres carpeaux. Par jusqu&rsquo;\u00e0 16-17h c&rsquo;est carassin sur carassin qui rejoignent la bourriche.<\/p>\n\n\n\n<figure class=\"wp-block-image size-full\"><img loading=\"lazy\" decoding=\"async\" width=\"480\" height=\"640\" src=\"https:\/\/fredt.eu\/notes\/wp-content\/uploads\/barrage-verut-4.jpg\" alt=\"\" class=\"wp-image-336\" srcset=\"https:\/\/fredt.eu\/notes\/wp-content\/uploads\/barrage-verut-4.jpg 480w, https:\/\/fredt.eu\/notes\/wp-content\/uploads\/barrage-verut-4-225x300.jpg 225w\" sizes=\"auto, (max-width: 480px) 100vw, 480px\" \/><\/figure>\n\n\n\n<p>En fin de p\u00eache je r\u00e9-essai les plus petits, faute de touches. Le chat est bien moins pr\u00e9sent que le matin, et bien plus de gardons r\u00e9pondent \u00e0 l&rsquo;asticot. J&rsquo;arr\u00eate un peu avant 18h00<\/p>\n\n\n\n<figure class=\"wp-block-image size-full\"><img loading=\"lazy\" decoding=\"async\" width=\"480\" height=\"640\" src=\"https:\/\/fredt.eu\/notes\/wp-content\/uploads\/barrage-verut-5.jpg\" alt=\"\" class=\"wp-image-337\" srcset=\"https:\/\/fredt.eu\/notes\/wp-content\/uploads\/barrage-verut-5.jpg 480w, https:\/\/fredt.eu\/notes\/wp-content\/uploads\/barrage-verut-5-225x300.jpg 225w\" sizes=\"auto, (max-width: 480px) 100vw, 480px\" \/><\/figure>\n\n\n\n<p>17h30, J&rsquo;arr\u00eate et p\u00e8se une bourriche de 14kg sans compter les chats.<\/p>\n\n\n\n<figure class=\"wp-block-image size-full\"><img loading=\"lazy\" decoding=\"async\" width=\"480\" height=\"640\" src=\"https:\/\/fredt.eu\/notes\/wp-content\/uploads\/barrage-verut-8.jpg\" alt=\"\" class=\"wp-image-339\" srcset=\"https:\/\/fredt.eu\/notes\/wp-content\/uploads\/barrage-verut-8.jpg 480w, https:\/\/fredt.eu\/notes\/wp-content\/uploads\/barrage-verut-8-225x300.jpg 225w\" sizes=\"auto, (max-width: 480px) 100vw, 480px\" \/><\/figure>\n\n\n\n<p>Merci de m&rsquo;avoir lu<br>Pour plus d&rsquo;infos sur le barrage du V\u00e9rut:&nbsp;<a href=\"http:\/\/www.absolu.peche.fredt.eu\/lieux\/lieu\/index\/idlieu\/105\" target=\"_blank\" rel=\"noreferrer noopener\">ma fiche.<\/a><\/p>\n\n\n\n<figure class=\"wp-block-image size-full\"><img loading=\"lazy\" decoding=\"async\" width=\"480\" height=\"512\" src=\"https:\/\/fredt.eu\/notes\/wp-content\/uploads\/barrage-verut-9.jpg\" alt=\"\" class=\"wp-image-338\" srcset=\"https:\/\/fredt.eu\/notes\/wp-content\/uploads\/barrage-verut-9.jpg 480w, https:\/\/fredt.eu\/notes\/wp-content\/uploads\/barrage-verut-9-281x300.jpg 281w\" sizes=\"auto, (max-width: 480px) 100vw, 480px\" \/><\/figure>\n","protected":false},"excerpt":{"rendered":"<p>Publication originale sur kpovahallo.forumperso.com (Les Amis De La P\u00eache, Sorties \/ Lives, Partagez Votre Journ\u00e9e de p\u00eache) 2011-08-22, 09:35 Entre Chazelles sur Lyon et Saint Galmier le&nbsp;barrage du V\u00e9rut&nbsp;est en 1ere cat\u00e9gorie, r\u00e9ciproctaire dans la Loire (42). Donc peupl\u00e9 de truite, avec plusieurs l\u00e2ch\u00e9s dans l&rsquo;ann\u00e9e. Mais il y a aussi aussi des carpes d&rsquo;un [&hellip;]<\/p>\n","protected":false},"author":1,"featured_media":338,"comment_status":"open","ping_status":"open","sticky":false,"template":"","format":"standard","meta":{"slim_seo":{"title":"En limite de la l\u00e9galit\u00e9 au Barrage du V\u00e9rut\u2026 - FredT Notes","description":"Publication originale sur kpovahallo.forumperso.com (Les Amis De La P\u00eache, Sorties \/ Lives, Partagez Votre Journ\u00e9e de p\u00eache) 2011-08-22, 09:35 Entre Chazelles s"},"footnotes":""},"categories":[4,69],"tags":[18,72,76],"class_list":["post-280","post","type-post","status-publish","format-standard","has-post-thumbnail","hentry","category-peche","category-recit","tag-barrage","tag-carassin","tag-poisson-chat"],"_links":{"self":[{"href":"https:\/\/fredt.eu\/notes\/wp-json\/wp\/v2\/posts\/280","targetHints":{"allow":["GET"]}}],"collection":[{"href":"https:\/\/fredt.eu\/notes\/wp-json\/wp\/v2\/posts"}],"about":[{"href":"https:\/\/fredt.eu\/notes\/wp-json\/wp\/v2\/types\/post"}],"author":[{"embeddable":true,"href":"https:\/\/fredt.eu\/notes\/wp-json\/wp\/v2\/users\/1"}],"replies":[{"embeddable":true,"href":"https:\/\/fredt.eu\/notes\/wp-json\/wp\/v2\/comments?post=280"}],"version-history":[{"count":3,"href":"https:\/\/fredt.eu\/notes\/wp-json\/wp\/v2\/posts\/280\/revisions"}],"predecessor-version":[{"id":340,"href":"https:\/\/fredt.eu\/notes\/wp-json\/wp\/v2\/posts\/280\/revisions\/340"}],"wp:featuredmedia":[{"embeddable":true,"href":"https:\/\/fredt.eu\/notes\/wp-json\/wp\/v2\/media\/338"}],"wp:attachment":[{"href":"https:\/\/fredt.eu\/notes\/wp-json\/wp\/v2\/media?parent=280"}],"wp:term":[{"taxonomy":"category","embeddable":true,"href":"https:\/\/fredt.eu\/notes\/wp-json\/wp\/v2\/categories?post=280"},{"taxonomy":"post_tag","embeddable":true,"href":"https:\/\/fredt.eu\/notes\/wp-json\/wp\/v2\/tags?post=280"}],"curies":[{"name":"wp","href":"https:\/\/api.w.org\/{rel}","templated":true}]}}