{"id":224,"date":"2011-05-17T21:51:57","date_gmt":"2011-05-17T19:51:57","guid":{"rendered":"https:\/\/fredt.eu\/notes\/?p=224"},"modified":"2025-07-15T20:09:36","modified_gmt":"2025-07-15T18:09:36","slug":"mon-debut-de-saison-au-varagnat","status":"publish","type":"post","link":"https:\/\/fredt.eu\/notes\/peche\/mon-debut-de-saison-au-varagnat\/","title":{"rendered":"Mon d\u00e9but de saison au Varagnat \u2026"},"content":{"rendered":"\n<p>Publication originale sur <a href=\"https:\/\/kpovahallo.forumperso.com\/t6524-mon-debut-de-saison-au-varagnat\">kpovahallo.forumperso.com<\/a> (Les Amis De La P\u00eache, Sorties \/ Lives, Partagez Votre Journ\u00e9e de p\u00eache) 2011-05-17, 09:39<\/p>\n\n\n\n<p>Bonjour \u00e0 tous,<br>Comme je ne prends pas assez de temps pour \u00e9crire des petits live sur le forum, je vous en propose un gros qui reprend mon d\u00e9but de saison 2011. J&rsquo;en profite par la m\u00eame occasion pour vous pr\u00e9senter l&rsquo;\u00e9tang Varagnat, eau close r\u00e9ciprocitaire du Rh\u00f4ne, proche de Meys (<a href=\"http:\/\/absolu.peche.fredt.eu\/lieux\/lieu\/index\/idlieu\/9\" target=\"_blank\" rel=\"noreferrer noopener\">Infos compl\u00e9mentaires ici&#8230;<\/a>).<br>L&rsquo;\u00e9tang est tr\u00e8s riche en carpeaux miroir et communes, d&rsquo;un poids moyen de 800 gr, et de 5 \u00e0 6 kg pour les plus grosses. Les gardons y sont tr\u00e8s abondants, quelques tanches, brochets et malheureusement un retour notoire du chat malgr\u00e9 une vidange en 2004-2005.<\/p>\n\n\n\n<p>Bien tr\u00eave de bavardage&#8230; la suite en photos, avec quelques vues des lieux et de mon installation pour commencer:<\/p>\n\n\n\n<p>A gauche, une moiti\u00e9 de la berge tr\u00e8s d\u00e9t\u00e9rior\u00e9e par les rats est interdite \u00e0 la p\u00eache.<\/p>\n\n\n\n<figure class=\"wp-block-gallery has-nested-images columns-default is-cropped wp-block-gallery-1 is-layout-flex wp-block-gallery-is-layout-flex\">\n<figure class=\"wp-block-image size-full\"><img loading=\"lazy\" decoding=\"async\" width=\"384\" height=\"512\" data-id=\"236\" src=\"https:\/\/fredt.eu\/notes\/wp-content\/uploads\/meys-varagnat-11.jpg\" alt=\"\" class=\"wp-image-236\" srcset=\"https:\/\/fredt.eu\/notes\/wp-content\/uploads\/meys-varagnat-11.jpg 384w, https:\/\/fredt.eu\/notes\/wp-content\/uploads\/meys-varagnat-11-225x300.jpg 225w\" sizes=\"auto, (max-width: 384px) 100vw, 384px\" \/><\/figure>\n<\/figure>\n\n\n\n<p>A l&rsquo;ouverture mes p&rsquo;tits boud&rsquo;chou, tr\u00e8s motiv\u00e9s pour m&rsquo;accompagner n&rsquo;ont pas \u00e9t\u00e9 d\u00e9\u00e7us. A cet age ils sont loin d&rsquo;\u00eatre patient! Les voici en action avec p&rsquo;tits dondon au coup:<\/p>\n\n\n\n<figure class=\"wp-block-gallery has-nested-images columns-default is-cropped wp-block-gallery-2 is-layout-flex wp-block-gallery-is-layout-flex\">\n<figure class=\"wp-block-image size-large\"><img loading=\"lazy\" decoding=\"async\" width=\"384\" height=\"512\" data-id=\"227\" src=\"https:\/\/fredt.eu\/notes\/wp-content\/uploads\/meys-varagnat-2.jpg\" alt=\"\" class=\"wp-image-227\" srcset=\"https:\/\/fredt.eu\/notes\/wp-content\/uploads\/meys-varagnat-2.jpg 384w, https:\/\/fredt.eu\/notes\/wp-content\/uploads\/meys-varagnat-2-225x300.jpg 225w\" sizes=\"auto, (max-width: 384px) 100vw, 384px\" \/><\/figure>\n\n\n\n<figure class=\"wp-block-image size-large\"><img loading=\"lazy\" decoding=\"async\" width=\"576\" height=\"432\" data-id=\"233\" src=\"https:\/\/fredt.eu\/notes\/wp-content\/uploads\/meys-varagnat-8.jpg\" alt=\"\" class=\"wp-image-233\" srcset=\"https:\/\/fredt.eu\/notes\/wp-content\/uploads\/meys-varagnat-8.jpg 576w, https:\/\/fredt.eu\/notes\/wp-content\/uploads\/meys-varagnat-8-300x225.jpg 300w\" sizes=\"auto, (max-width: 576px) 100vw, 576px\" \/><\/figure>\n<\/figure>\n\n\n\n<p>Et bien s\u00fbre, carpeaux au feeder :<\/p>\n\n\n\n<figure class=\"wp-block-gallery has-nested-images columns-default is-cropped wp-block-gallery-3 is-layout-flex wp-block-gallery-is-layout-flex\">\n<figure class=\"wp-block-image size-large\"><img loading=\"lazy\" decoding=\"async\" width=\"384\" height=\"512\" data-id=\"234\" src=\"https:\/\/fredt.eu\/notes\/wp-content\/uploads\/meys-varagnat-9.jpg\" alt=\"\" class=\"wp-image-234\" srcset=\"https:\/\/fredt.eu\/notes\/wp-content\/uploads\/meys-varagnat-9.jpg 384w, https:\/\/fredt.eu\/notes\/wp-content\/uploads\/meys-varagnat-9-225x300.jpg 225w\" sizes=\"auto, (max-width: 384px) 100vw, 384px\" \/><\/figure>\n\n\n\n<figure class=\"wp-block-image size-large\"><img loading=\"lazy\" decoding=\"async\" width=\"384\" height=\"512\" data-id=\"235\" src=\"https:\/\/fredt.eu\/notes\/wp-content\/uploads\/meys-varagnat-10.jpg\" alt=\"\" class=\"wp-image-235\" srcset=\"https:\/\/fredt.eu\/notes\/wp-content\/uploads\/meys-varagnat-10.jpg 384w, https:\/\/fredt.eu\/notes\/wp-content\/uploads\/meys-varagnat-10-225x300.jpg 225w\" sizes=\"auto, (max-width: 384px) 100vw, 384px\" \/><\/figure>\n<\/figure>\n\n\n\n<figure class=\"wp-block-image size-full\"><img loading=\"lazy\" decoding=\"async\" width=\"576\" height=\"432\" src=\"https:\/\/fredt.eu\/notes\/wp-content\/uploads\/meys-varagnat-6.jpg\" alt=\"\" class=\"wp-image-231\" srcset=\"https:\/\/fredt.eu\/notes\/wp-content\/uploads\/meys-varagnat-6.jpg 576w, https:\/\/fredt.eu\/notes\/wp-content\/uploads\/meys-varagnat-6-300x225.jpg 300w\" sizes=\"auto, (max-width: 576px) 100vw, 576px\" \/><\/figure>\n\n\n\n<p>Avec les conseils de papa, la friture n&rsquo;a qu&rsquo;\u00e0 bien se tenir:<\/p>\n\n\n\n<figure class=\"wp-block-gallery has-nested-images columns-default is-cropped wp-block-gallery-4 is-layout-flex wp-block-gallery-is-layout-flex\">\n<figure class=\"wp-block-image size-full\" style=\"margin-top:var(--wp--preset--spacing--50);margin-right:0;margin-bottom:var(--wp--preset--spacing--50);margin-left:0\"><img loading=\"lazy\" decoding=\"async\" width=\"576\" height=\"432\" data-id=\"229\" src=\"https:\/\/fredt.eu\/notes\/wp-content\/uploads\/meys-varagnat-4.jpg\" alt=\"\" class=\"wp-image-229\" srcset=\"https:\/\/fredt.eu\/notes\/wp-content\/uploads\/meys-varagnat-4.jpg 576w, https:\/\/fredt.eu\/notes\/wp-content\/uploads\/meys-varagnat-4-300x225.jpg 300w\" sizes=\"auto, (max-width: 576px) 100vw, 576px\" \/><\/figure>\n\n\n\n<figure class=\"wp-block-image size-large\" style=\"margin-top:0;margin-right:0;margin-bottom:0;margin-left:0\"><img loading=\"lazy\" decoding=\"async\" width=\"384\" height=\"512\" data-id=\"239\" src=\"https:\/\/fredt.eu\/notes\/wp-content\/uploads\/meys-varagnat-14.jpg\" alt=\"\" class=\"wp-image-239\" srcset=\"https:\/\/fredt.eu\/notes\/wp-content\/uploads\/meys-varagnat-14.jpg 384w, https:\/\/fredt.eu\/notes\/wp-content\/uploads\/meys-varagnat-14-225x300.jpg 225w\" sizes=\"auto, (max-width: 384px) 100vw, 384px\" \/><\/figure>\n<\/figure>\n\n\n\n<p>Enfin pour moi, c&rsquo;est ici mon coin pr\u00e9f\u00e9r\u00e9, et pour l&rsquo;instant c&rsquo;est \u00e0 la grande canne que je me fait plaisir:<\/p>\n\n\n\n<figure class=\"wp-block-gallery has-nested-images columns-default is-cropped wp-block-gallery-5 is-layout-flex wp-block-gallery-is-layout-flex\">\n<figure class=\"wp-block-image size-large\"><img loading=\"lazy\" decoding=\"async\" width=\"576\" height=\"432\" data-id=\"240\" src=\"https:\/\/fredt.eu\/notes\/wp-content\/uploads\/meys-varagnat-15.jpg\" alt=\"\" class=\"wp-image-240\" srcset=\"https:\/\/fredt.eu\/notes\/wp-content\/uploads\/meys-varagnat-15.jpg 576w, https:\/\/fredt.eu\/notes\/wp-content\/uploads\/meys-varagnat-15-300x225.jpg 300w\" sizes=\"auto, (max-width: 576px) 100vw, 576px\" \/><\/figure>\n\n\n\n<figure class=\"wp-block-image size-large\"><img loading=\"lazy\" decoding=\"async\" width=\"576\" height=\"432\" data-id=\"232\" src=\"https:\/\/fredt.eu\/notes\/wp-content\/uploads\/meys-varagnat-7.jpg\" alt=\"\" class=\"wp-image-232\" srcset=\"https:\/\/fredt.eu\/notes\/wp-content\/uploads\/meys-varagnat-7.jpg 576w, https:\/\/fredt.eu\/notes\/wp-content\/uploads\/meys-varagnat-7-300x225.jpg 300w\" sizes=\"auto, (max-width: 576px) 100vw, 576px\" \/><\/figure>\n<\/figure>\n\n\n\n<figure class=\"wp-block-gallery has-nested-images columns-default is-cropped wp-block-gallery-6 is-layout-flex wp-block-gallery-is-layout-flex\">\n<figure class=\"wp-block-image size-large\"><img loading=\"lazy\" decoding=\"async\" width=\"576\" height=\"432\" data-id=\"241\" src=\"https:\/\/fredt.eu\/notes\/wp-content\/uploads\/meys-varagnat-16.jpg\" alt=\"\" class=\"wp-image-241\" srcset=\"https:\/\/fredt.eu\/notes\/wp-content\/uploads\/meys-varagnat-16.jpg 576w, https:\/\/fredt.eu\/notes\/wp-content\/uploads\/meys-varagnat-16-300x225.jpg 300w\" sizes=\"auto, (max-width: 576px) 100vw, 576px\" \/><\/figure>\n\n\n\n<figure class=\"wp-block-image size-large\"><img loading=\"lazy\" decoding=\"async\" width=\"384\" height=\"512\" data-id=\"230\" src=\"https:\/\/fredt.eu\/notes\/wp-content\/uploads\/meys-varagnat-5.jpg\" alt=\"\" class=\"wp-image-230\" srcset=\"https:\/\/fredt.eu\/notes\/wp-content\/uploads\/meys-varagnat-5.jpg 384w, https:\/\/fredt.eu\/notes\/wp-content\/uploads\/meys-varagnat-5-225x300.jpg 225w\" sizes=\"auto, (max-width: 384px) 100vw, 384px\" \/><\/figure>\n\n\n\n<figure class=\"wp-block-image size-large\"><img loading=\"lazy\" decoding=\"async\" width=\"384\" height=\"512\" data-id=\"242\" src=\"https:\/\/fredt.eu\/notes\/wp-content\/uploads\/meys-varagnat-17.jpg\" alt=\"\" class=\"wp-image-242\" srcset=\"https:\/\/fredt.eu\/notes\/wp-content\/uploads\/meys-varagnat-17.jpg 384w, https:\/\/fredt.eu\/notes\/wp-content\/uploads\/meys-varagnat-17-225x300.jpg 225w\" sizes=\"auto, (max-width: 384px) 100vw, 384px\" \/><\/figure>\n<\/figure>\n\n\n\n<figure class=\"wp-block-image size-full\"><img loading=\"lazy\" decoding=\"async\" width=\"576\" height=\"432\" src=\"https:\/\/fredt.eu\/notes\/wp-content\/uploads\/meys-varagnat-20.jpg\" alt=\"\" class=\"wp-image-245\" srcset=\"https:\/\/fredt.eu\/notes\/wp-content\/uploads\/meys-varagnat-20.jpg 576w, https:\/\/fredt.eu\/notes\/wp-content\/uploads\/meys-varagnat-20-300x225.jpg 300w\" sizes=\"auto, (max-width: 576px) 100vw, 576px\" \/><\/figure>\n\n\n\n<p>Les seuls ind\u00e9sirables de l&rsquo;endroit sont les matoux &#8230;<\/p>\n\n\n\n<figure class=\"wp-block-image size-full\"><img loading=\"lazy\" decoding=\"async\" width=\"576\" height=\"432\" src=\"https:\/\/fredt.eu\/notes\/wp-content\/uploads\/meys-varagnat-3.jpg\" alt=\"\" class=\"wp-image-228\" srcset=\"https:\/\/fredt.eu\/notes\/wp-content\/uploads\/meys-varagnat-3.jpg 576w, https:\/\/fredt.eu\/notes\/wp-content\/uploads\/meys-varagnat-3-300x225.jpg 300w\" sizes=\"auto, (max-width: 576px) 100vw, 576px\" \/><\/figure>\n\n\n\n<p>Mais quand sous le scion une jolie activit\u00e9 commence &#8230; avec des remont\u00e9e de bulles \u00e0 n&rsquo;en plus finir, l&rsquo;eau semble bouillonner !<\/p>\n\n\n\n<figure class=\"wp-block-image size-full\"><img loading=\"lazy\" decoding=\"async\" width=\"576\" height=\"432\" src=\"https:\/\/fredt.eu\/notes\/wp-content\/uploads\/meys-varagnat-19.jpg\" alt=\"\" class=\"wp-image-244\" srcset=\"https:\/\/fredt.eu\/notes\/wp-content\/uploads\/meys-varagnat-19.jpg 576w, https:\/\/fredt.eu\/notes\/wp-content\/uploads\/meys-varagnat-19-300x225.jpg 300w\" sizes=\"auto, (max-width: 576px) 100vw, 576px\" \/><\/figure>\n\n\n\n<p>Il est temps de passer au menu qui permet de r\u00e9aliser de belles bourriches.<\/p>\n\n\n\n<figure class=\"wp-block-image size-full\"><img loading=\"lazy\" decoding=\"async\" width=\"576\" height=\"432\" src=\"https:\/\/fredt.eu\/notes\/wp-content\/uploads\/meys-varagnat-21.jpg\" alt=\"\" class=\"wp-image-246\" srcset=\"https:\/\/fredt.eu\/notes\/wp-content\/uploads\/meys-varagnat-21.jpg 576w, https:\/\/fredt.eu\/notes\/wp-content\/uploads\/meys-varagnat-21-300x225.jpg 300w\" sizes=\"auto, (max-width: 576px) 100vw, 576px\" \/><\/figure>\n\n\n\n<p>Et en principe la canne ne tra\u00eene pas pour plier.<\/p>\n\n\n\n<figure class=\"wp-block-image size-full\"><img loading=\"lazy\" decoding=\"async\" width=\"576\" height=\"432\" src=\"https:\/\/fredt.eu\/notes\/wp-content\/uploads\/meys-varagnat-20.jpg\" alt=\"\" class=\"wp-image-245\" srcset=\"https:\/\/fredt.eu\/notes\/wp-content\/uploads\/meys-varagnat-20.jpg 576w, https:\/\/fredt.eu\/notes\/wp-content\/uploads\/meys-varagnat-20-300x225.jpg 300w\" sizes=\"auto, (max-width: 576px) 100vw, 576px\" \/><\/figure>\n\n\n\n<p>Avec \u00e0 la cl\u00e9 des p&rsquo;tites bourriches entre 10 et 20 kg, comme ici fin mars o\u00f9 pendant cette journ\u00e9e le fish \u00e9tait plut\u00f4t tatillon.<\/p>\n\n\n\n<figure class=\"wp-block-image size-full\"><img loading=\"lazy\" decoding=\"async\" width=\"384\" height=\"512\" src=\"https:\/\/fredt.eu\/notes\/wp-content\/uploads\/meys-varagnat-12.jpg\" alt=\"\" class=\"wp-image-237\" srcset=\"https:\/\/fredt.eu\/notes\/wp-content\/uploads\/meys-varagnat-12.jpg 384w, https:\/\/fredt.eu\/notes\/wp-content\/uploads\/meys-varagnat-12-225x300.jpg 225w\" sizes=\"auto, (max-width: 384px) 100vw, 384px\" \/><\/figure>\n\n\n\n<p>Mais aussi les jours plus propices, comme ce samedi dernier avec une pluie tr\u00e8s b\u00e9n\u00e9fique, des bourriches bien plus importantes, proches des 40kg.<\/p>\n\n\n\n<figure class=\"wp-block-image size-full\"><img loading=\"lazy\" decoding=\"async\" width=\"576\" height=\"432\" src=\"https:\/\/fredt.eu\/notes\/wp-content\/uploads\/meys-varagnat-22.jpg\" alt=\"\" class=\"wp-image-247\" srcset=\"https:\/\/fredt.eu\/notes\/wp-content\/uploads\/meys-varagnat-22.jpg 576w, https:\/\/fredt.eu\/notes\/wp-content\/uploads\/meys-varagnat-22-300x225.jpg 300w\" sizes=\"auto, (max-width: 576px) 100vw, 576px\" \/><\/figure>\n\n\n\n<p>Et si le lieu vous pla\u00eet et vous a donn\u00e9 envie, le meilleur moment est de voir repartir tous ces poissons qui nous donne tant de plaisir&nbsp;<\/p>\n\n\n\n<figure class=\"wp-block-image size-full\"><img loading=\"lazy\" decoding=\"async\" width=\"576\" height=\"432\" src=\"https:\/\/fredt.eu\/notes\/wp-content\/uploads\/meys-varagnat-13.jpg\" alt=\"\" class=\"wp-image-238\" srcset=\"https:\/\/fredt.eu\/notes\/wp-content\/uploads\/meys-varagnat-13.jpg 576w, https:\/\/fredt.eu\/notes\/wp-content\/uploads\/meys-varagnat-13-300x225.jpg 300w\" sizes=\"auto, (max-width: 576px) 100vw, 576px\" \/><\/figure>\n\n\n\n<figure class=\"wp-block-image\"><img decoding=\"async\" src=\"https:\/\/kpovahallo.forumperso.com\/users\/1413\/95\/02\/49\/smiles\/847233.gif\" alt=\"Salut1\"\/><\/figure>\n\n\n\n<p>Ce plan d&rsquo;eau \u00e9tait aussi interdit \u00e0 la p\u00eache du brochet ces derni\u00e8res ann\u00e9es. Plut\u00f4t novice en mati\u00e8re de p\u00eache du carnassier, mais connaissant la pr\u00e9sence de beaux sp\u00e9cimens, j&rsquo;ai ce week end profit\u00e9 de l&rsquo;ouverture pour m&rsquo;y essayer. J&rsquo;ai alors eu la grande joie d&rsquo;en piquer un fort joli qui m&rsquo;a impressionn\u00e9 par un superbe combat en m&rsquo;offrant des sauts hors de l&rsquo;eau magnifique.<\/p>\n\n\n\n<figure class=\"wp-block-gallery has-nested-images columns-default is-cropped wp-block-gallery-7 is-layout-flex wp-block-gallery-is-layout-flex\">\n<figure class=\"wp-block-image size-large\"><img loading=\"lazy\" decoding=\"async\" width=\"576\" height=\"432\" data-id=\"248\" src=\"https:\/\/fredt.eu\/notes\/wp-content\/uploads\/meys-varagnat-23.jpg\" alt=\"\" class=\"wp-image-248\" srcset=\"https:\/\/fredt.eu\/notes\/wp-content\/uploads\/meys-varagnat-23.jpg 576w, https:\/\/fredt.eu\/notes\/wp-content\/uploads\/meys-varagnat-23-300x225.jpg 300w\" sizes=\"auto, (max-width: 576px) 100vw, 576px\" \/><\/figure>\n\n\n\n<figure class=\"wp-block-image size-large\"><img loading=\"lazy\" decoding=\"async\" width=\"384\" height=\"512\" data-id=\"226\" src=\"https:\/\/fredt.eu\/notes\/wp-content\/uploads\/meys-varagnat-1.jpg\" alt=\"\" class=\"wp-image-226\" srcset=\"https:\/\/fredt.eu\/notes\/wp-content\/uploads\/meys-varagnat-1.jpg 384w, https:\/\/fredt.eu\/notes\/wp-content\/uploads\/meys-varagnat-1-225x300.jpg 225w\" sizes=\"auto, (max-width: 384px) 100vw, 384px\" \/><\/figure>\n<\/figure>\n\n\n\n<p>A bient\u00f4t, FredT, en esp\u00e9rant rencontrer certains d&rsquo;entre vous dans mon tit coin pr\u00e9f\u00e9r\u00e9.<\/p>\n","protected":false},"excerpt":{"rendered":"<p>Publication originale sur kpovahallo.forumperso.com (Les Amis De La P\u00eache, Sorties \/ Lives, Partagez Votre Journ\u00e9e de p\u00eache) 2011-05-17, 09:39 Bonjour \u00e0 tous,Comme je ne prends pas assez de temps pour \u00e9crire des petits live sur le forum, je vous en propose un gros qui reprend mon d\u00e9but de saison 2011. J&rsquo;en profite par la m\u00eame [&hellip;]<\/p>\n","protected":false},"author":1,"featured_media":239,"comment_status":"open","ping_status":"open","sticky":false,"template":"","format":"standard","meta":{"slim_seo":{"title":"Mon d\u00e9but de saison au Varagnat \u2026 - FredT Notes","description":"Publication originale sur kpovahallo.forumperso.com (Les Amis De La P\u00eache, Sorties \/ Lives, Partagez Votre Journ\u00e9e de p\u00eache) 2011-05-17, 09:39 Bonjour \u00e0 tous, C"},"footnotes":""},"categories":[4,69],"tags":[55,9,61,68],"class_list":["post-224","post","type-post","status-publish","format-standard","has-post-thumbnail","hentry","category-peche","category-recit","tag-carpe","tag-enfant","tag-grande-canne","tag-recit"],"_links":{"self":[{"href":"https:\/\/fredt.eu\/notes\/wp-json\/wp\/v2\/posts\/224","targetHints":{"allow":["GET"]}}],"collection":[{"href":"https:\/\/fredt.eu\/notes\/wp-json\/wp\/v2\/posts"}],"about":[{"href":"https:\/\/fredt.eu\/notes\/wp-json\/wp\/v2\/types\/post"}],"author":[{"embeddable":true,"href":"https:\/\/fredt.eu\/notes\/wp-json\/wp\/v2\/users\/1"}],"replies":[{"embeddable":true,"href":"https:\/\/fredt.eu\/notes\/wp-json\/wp\/v2\/comments?post=224"}],"version-history":[{"count":6,"href":"https:\/\/fredt.eu\/notes\/wp-json\/wp\/v2\/posts\/224\/revisions"}],"predecessor-version":[{"id":963,"href":"https:\/\/fredt.eu\/notes\/wp-json\/wp\/v2\/posts\/224\/revisions\/963"}],"wp:featuredmedia":[{"embeddable":true,"href":"https:\/\/fredt.eu\/notes\/wp-json\/wp\/v2\/media\/239"}],"wp:attachment":[{"href":"https:\/\/fredt.eu\/notes\/wp-json\/wp\/v2\/media?parent=224"}],"wp:term":[{"taxonomy":"category","embeddable":true,"href":"https:\/\/fredt.eu\/notes\/wp-json\/wp\/v2\/categories?post=224"},{"taxonomy":"post_tag","embeddable":true,"href":"https:\/\/fredt.eu\/notes\/wp-json\/wp\/v2\/tags?post=224"}],"curies":[{"name":"wp","href":"https:\/\/api.w.org\/{rel}","templated":true}]}}