{"id":1240,"date":"2009-02-19T13:13:43","date_gmt":"2009-02-19T12:13:43","guid":{"rendered":"https:\/\/fredt.eu\/notes\/?p=1240"},"modified":"2025-03-20T18:34:18","modified_gmt":"2025-03-20T17:34:18","slug":"chainage-renforce-pour-soutenir-la-balustrade-solidite-et-precision","status":"publish","type":"post","link":"https:\/\/fredt.eu\/notes\/conception\/chainage-renforce-pour-soutenir-la-balustrade-solidite-et-precision\/","title":{"rendered":"Cha\u00eenage Renforc\u00e9 pour Soutenir la Balustrade : Solidit\u00e9 et Pr\u00e9cision"},"content":{"rendered":"\n<figure class=\"wp-block-image size-full\"><img loading=\"lazy\" decoding=\"async\" width=\"800\" height=\"300\" src=\"https:\/\/fredt.eu\/notes\/wp-content\/uploads\/2009\/02\/2008-11-decoffrage-chainage-parpaing-3.jpg\" alt=\"\" class=\"wp-image-1303\" srcset=\"https:\/\/fredt.eu\/notes\/wp-content\/uploads\/2009\/02\/2008-11-decoffrage-chainage-parpaing-3.jpg 800w, https:\/\/fredt.eu\/notes\/wp-content\/uploads\/2009\/02\/2008-11-decoffrage-chainage-parpaing-3-300x113.jpg 300w, https:\/\/fredt.eu\/notes\/wp-content\/uploads\/2009\/02\/2008-11-decoffrage-chainage-parpaing-3-768x288.jpg 768w, https:\/\/fredt.eu\/notes\/wp-content\/uploads\/2009\/02\/2008-11-decoffrage-chainage-parpaing-3-60x23.jpg 60w\" sizes=\"auto, (max-width: 800px) 100vw, 800px\" \/><\/figure>\n\n\n\n<p>Avant de commencer la r\u00e9alisation de la balustrade, il \u00e9tait essentiel de consolider et de r\u00e9nover le mur de sout\u00e8nement en pierre. Parall\u00e8lement, la pr\u00e9paration et un stock de balustres devait \u00eatre fait.<\/p>\n\n\n\n<figure class=\"wp-block-gallery has-nested-images columns-default is-cropped wp-block-gallery-1 is-layout-flex wp-block-gallery-is-layout-flex\">\n<figure class=\"wp-block-image size-large\"><img loading=\"lazy\" decoding=\"async\" width=\"800\" height=\"800\" data-id=\"1292\" src=\"https:\/\/fredt.eu\/notes\/wp-content\/uploads\/2009\/02\/2008-04-preparation-coffrage-couvertine-5-1.jpg\" alt=\"\" class=\"wp-image-1292\" srcset=\"https:\/\/fredt.eu\/notes\/wp-content\/uploads\/2009\/02\/2008-04-preparation-coffrage-couvertine-5-1.jpg 800w, https:\/\/fredt.eu\/notes\/wp-content\/uploads\/2009\/02\/2008-04-preparation-coffrage-couvertine-5-1-300x300.jpg 300w, https:\/\/fredt.eu\/notes\/wp-content\/uploads\/2009\/02\/2008-04-preparation-coffrage-couvertine-5-1-150x150.jpg 150w, https:\/\/fredt.eu\/notes\/wp-content\/uploads\/2009\/02\/2008-04-preparation-coffrage-couvertine-5-1-768x768.jpg 768w, https:\/\/fredt.eu\/notes\/wp-content\/uploads\/2009\/02\/2008-04-preparation-coffrage-couvertine-5-1-60x60.jpg 60w\" sizes=\"auto, (max-width: 800px) 100vw, 800px\" \/><\/figure>\n\n\n\n<figure class=\"wp-block-image size-large\"><img loading=\"lazy\" decoding=\"async\" width=\"657\" height=\"800\" data-id=\"1294\" src=\"https:\/\/fredt.eu\/notes\/wp-content\/uploads\/2009\/02\/2008-06-decoffrage-couvertine.jpg\" alt=\"\" class=\"wp-image-1294\" srcset=\"https:\/\/fredt.eu\/notes\/wp-content\/uploads\/2009\/02\/2008-06-decoffrage-couvertine.jpg 657w, https:\/\/fredt.eu\/notes\/wp-content\/uploads\/2009\/02\/2008-06-decoffrage-couvertine-246x300.jpg 246w, https:\/\/fredt.eu\/notes\/wp-content\/uploads\/2009\/02\/2008-06-decoffrage-couvertine-49x60.jpg 49w\" sizes=\"auto, (max-width: 657px) 100vw, 657px\" \/><\/figure>\n\n\n\n<figure class=\"wp-block-image size-large\"><img loading=\"lazy\" decoding=\"async\" width=\"731\" height=\"800\" data-id=\"1295\" src=\"https:\/\/fredt.eu\/notes\/wp-content\/uploads\/2009\/02\/2008-09-coffrage-chainage-tube-pvc-1.jpg\" alt=\"\" class=\"wp-image-1295\" srcset=\"https:\/\/fredt.eu\/notes\/wp-content\/uploads\/2009\/02\/2008-09-coffrage-chainage-tube-pvc-1.jpg 731w, https:\/\/fredt.eu\/notes\/wp-content\/uploads\/2009\/02\/2008-09-coffrage-chainage-tube-pvc-1-274x300.jpg 274w, https:\/\/fredt.eu\/notes\/wp-content\/uploads\/2009\/02\/2008-09-coffrage-chainage-tube-pvc-1-55x60.jpg 55w\" sizes=\"auto, (max-width: 731px) 100vw, 731px\" \/><\/figure>\n<\/figure>\n\n\n\n<p>Pour renforcer le sommet du mur effrit\u00e9, j&rsquo;ai coul\u00e9 sur place une sorte de couvertine. <\/p>\n\n\n\n<figure class=\"wp-block-gallery has-nested-images columns-default is-cropped wp-block-gallery-2 is-layout-flex wp-block-gallery-is-layout-flex\">\n<figure class=\"wp-block-image size-large\"><img loading=\"lazy\" decoding=\"async\" width=\"800\" height=\"800\" data-id=\"1297\" src=\"https:\/\/fredt.eu\/notes\/wp-content\/uploads\/2009\/02\/2008-04-preparation-coffrage-couvertine-1.jpg\" alt=\"\" class=\"wp-image-1297\" srcset=\"https:\/\/fredt.eu\/notes\/wp-content\/uploads\/2009\/02\/2008-04-preparation-coffrage-couvertine-1.jpg 800w, https:\/\/fredt.eu\/notes\/wp-content\/uploads\/2009\/02\/2008-04-preparation-coffrage-couvertine-1-300x300.jpg 300w, https:\/\/fredt.eu\/notes\/wp-content\/uploads\/2009\/02\/2008-04-preparation-coffrage-couvertine-1-150x150.jpg 150w, https:\/\/fredt.eu\/notes\/wp-content\/uploads\/2009\/02\/2008-04-preparation-coffrage-couvertine-1-768x768.jpg 768w, https:\/\/fredt.eu\/notes\/wp-content\/uploads\/2009\/02\/2008-04-preparation-coffrage-couvertine-1-60x60.jpg 60w\" sizes=\"auto, (max-width: 800px) 100vw, 800px\" \/><\/figure>\n\n\n\n<figure class=\"wp-block-image size-large\"><img loading=\"lazy\" decoding=\"async\" width=\"800\" height=\"800\" data-id=\"1298\" src=\"https:\/\/fredt.eu\/notes\/wp-content\/uploads\/2009\/02\/2008-04-preparation-coffrage-couvertine-2.jpg\" alt=\"\" class=\"wp-image-1298\" srcset=\"https:\/\/fredt.eu\/notes\/wp-content\/uploads\/2009\/02\/2008-04-preparation-coffrage-couvertine-2.jpg 800w, https:\/\/fredt.eu\/notes\/wp-content\/uploads\/2009\/02\/2008-04-preparation-coffrage-couvertine-2-300x300.jpg 300w, https:\/\/fredt.eu\/notes\/wp-content\/uploads\/2009\/02\/2008-04-preparation-coffrage-couvertine-2-150x150.jpg 150w, https:\/\/fredt.eu\/notes\/wp-content\/uploads\/2009\/02\/2008-04-preparation-coffrage-couvertine-2-768x768.jpg 768w, https:\/\/fredt.eu\/notes\/wp-content\/uploads\/2009\/02\/2008-04-preparation-coffrage-couvertine-2-60x60.jpg 60w\" sizes=\"auto, (max-width: 800px) 100vw, 800px\" \/><\/figure>\n<\/figure>\n\n\n\n<p>Rien n&rsquo;est d&rsquo;aplomb, mais un cha\u00eenage ajout\u00e9 par dessus viendra parfaire la mise \u00e0 niveau. Du c\u00f4t\u00e9 de la terrasse, une fine couche de terre viendra rapidement recouvrir le travail, tandis que les bords du mur, seront moins visible derri\u00e8re la balustrade. Cela n&rsquo;exige pas une finition parfaite.<\/p>\n\n\n\n<figure class=\"wp-block-gallery has-nested-images columns-default is-cropped wp-block-gallery-3 is-layout-flex wp-block-gallery-is-layout-flex\">\n<figure class=\"wp-block-image size-large\"><img loading=\"lazy\" decoding=\"async\" width=\"800\" height=\"800\" data-id=\"1293\" src=\"https:\/\/fredt.eu\/notes\/wp-content\/uploads\/2009\/02\/2008-09-coffrage-chainage-03.jpg\" alt=\"\" class=\"wp-image-1293\" srcset=\"https:\/\/fredt.eu\/notes\/wp-content\/uploads\/2009\/02\/2008-09-coffrage-chainage-03.jpg 800w, https:\/\/fredt.eu\/notes\/wp-content\/uploads\/2009\/02\/2008-09-coffrage-chainage-03-300x300.jpg 300w, https:\/\/fredt.eu\/notes\/wp-content\/uploads\/2009\/02\/2008-09-coffrage-chainage-03-150x150.jpg 150w, https:\/\/fredt.eu\/notes\/wp-content\/uploads\/2009\/02\/2008-09-coffrage-chainage-03-768x768.jpg 768w, https:\/\/fredt.eu\/notes\/wp-content\/uploads\/2009\/02\/2008-09-coffrage-chainage-03-60x60.jpg 60w\" sizes=\"auto, (max-width: 800px) 100vw, 800px\" \/><\/figure>\n\n\n\n<figure class=\"wp-block-image size-large\"><img loading=\"lazy\" decoding=\"async\" width=\"800\" height=\"800\" data-id=\"1296\" src=\"https:\/\/fredt.eu\/notes\/wp-content\/uploads\/2009\/02\/2008-11-decoffrage-chainage-parpaing-2.jpg\" alt=\"\" class=\"wp-image-1296\" srcset=\"https:\/\/fredt.eu\/notes\/wp-content\/uploads\/2009\/02\/2008-11-decoffrage-chainage-parpaing-2.jpg 800w, https:\/\/fredt.eu\/notes\/wp-content\/uploads\/2009\/02\/2008-11-decoffrage-chainage-parpaing-2-300x300.jpg 300w, https:\/\/fredt.eu\/notes\/wp-content\/uploads\/2009\/02\/2008-11-decoffrage-chainage-parpaing-2-150x150.jpg 150w, https:\/\/fredt.eu\/notes\/wp-content\/uploads\/2009\/02\/2008-11-decoffrage-chainage-parpaing-2-768x768.jpg 768w, https:\/\/fredt.eu\/notes\/wp-content\/uploads\/2009\/02\/2008-11-decoffrage-chainage-parpaing-2-60x60.jpg 60w\" sizes=\"auto, (max-width: 800px) 100vw, 800px\" \/><\/figure>\n<\/figure>\n\n\n\n<p>Cette couche de protection est renforc\u00e9e avec des fers de diam\u00e8tre 8 mm et des morceaux de grillage.<\/p>\n\n\n\n<figure class=\"wp-block-gallery has-nested-images columns-default is-cropped wp-block-gallery-4 is-layout-flex wp-block-gallery-is-layout-flex\">\n<figure class=\"wp-block-image size-large\"><img loading=\"lazy\" decoding=\"async\" width=\"800\" height=\"800\" data-id=\"1300\" src=\"https:\/\/fredt.eu\/notes\/wp-content\/uploads\/2009\/02\/2008-09-decoffrage-couvertine.jpg\" alt=\"\" class=\"wp-image-1300\" srcset=\"https:\/\/fredt.eu\/notes\/wp-content\/uploads\/2009\/02\/2008-09-decoffrage-couvertine.jpg 800w, https:\/\/fredt.eu\/notes\/wp-content\/uploads\/2009\/02\/2008-09-decoffrage-couvertine-300x300.jpg 300w, https:\/\/fredt.eu\/notes\/wp-content\/uploads\/2009\/02\/2008-09-decoffrage-couvertine-150x150.jpg 150w, https:\/\/fredt.eu\/notes\/wp-content\/uploads\/2009\/02\/2008-09-decoffrage-couvertine-768x768.jpg 768w, https:\/\/fredt.eu\/notes\/wp-content\/uploads\/2009\/02\/2008-09-decoffrage-couvertine-60x60.jpg 60w\" sizes=\"auto, (max-width: 800px) 100vw, 800px\" \/><\/figure>\n\n\n\n<figure class=\"wp-block-image size-large\"><img loading=\"lazy\" decoding=\"async\" width=\"800\" height=\"800\" data-id=\"1299\" src=\"https:\/\/fredt.eu\/notes\/wp-content\/uploads\/2009\/02\/2008-09-coffrage-chainage-01.jpg\" alt=\"\" class=\"wp-image-1299\" srcset=\"https:\/\/fredt.eu\/notes\/wp-content\/uploads\/2009\/02\/2008-09-coffrage-chainage-01.jpg 800w, https:\/\/fredt.eu\/notes\/wp-content\/uploads\/2009\/02\/2008-09-coffrage-chainage-01-300x300.jpg 300w, https:\/\/fredt.eu\/notes\/wp-content\/uploads\/2009\/02\/2008-09-coffrage-chainage-01-150x150.jpg 150w, https:\/\/fredt.eu\/notes\/wp-content\/uploads\/2009\/02\/2008-09-coffrage-chainage-01-768x768.jpg 768w, https:\/\/fredt.eu\/notes\/wp-content\/uploads\/2009\/02\/2008-09-coffrage-chainage-01-60x60.jpg 60w\" sizes=\"auto, (max-width: 800px) 100vw, 800px\" \/><\/figure>\n<\/figure>\n\n\n\n<p>Un cha\u00eenage final est ensuite ajout\u00e9, solidement arm\u00e9 de fer de bout en bout, afin de supporter la balustrade. Peu importe ce qui arrive, m\u00eame si une partie du vieux mur venait \u00e0 c\u00e9der, les balustres seront prot\u00e9g\u00e9es. Mon objectif est d&rsquo;assurer une structure solide et durable.<\/p>\n\n\n\n<figure class=\"wp-block-gallery has-nested-images columns-default is-cropped wp-block-gallery-5 is-layout-flex wp-block-gallery-is-layout-flex\">\n<figure class=\"wp-block-image size-large\"><img loading=\"lazy\" decoding=\"async\" width=\"799\" height=\"800\" data-id=\"1302\" src=\"https:\/\/fredt.eu\/notes\/wp-content\/uploads\/2009\/02\/2008-04-preparation-coffrage-couvertine-6.jpg\" alt=\"\" class=\"wp-image-1302\" srcset=\"https:\/\/fredt.eu\/notes\/wp-content\/uploads\/2009\/02\/2008-04-preparation-coffrage-couvertine-6.jpg 799w, https:\/\/fredt.eu\/notes\/wp-content\/uploads\/2009\/02\/2008-04-preparation-coffrage-couvertine-6-300x300.jpg 300w, https:\/\/fredt.eu\/notes\/wp-content\/uploads\/2009\/02\/2008-04-preparation-coffrage-couvertine-6-150x150.jpg 150w, https:\/\/fredt.eu\/notes\/wp-content\/uploads\/2009\/02\/2008-04-preparation-coffrage-couvertine-6-768x769.jpg 768w, https:\/\/fredt.eu\/notes\/wp-content\/uploads\/2009\/02\/2008-04-preparation-coffrage-couvertine-6-60x60.jpg 60w\" sizes=\"auto, (max-width: 799px) 100vw, 799px\" \/><\/figure>\n\n\n\n<figure class=\"wp-block-image size-large\"><img loading=\"lazy\" decoding=\"async\" width=\"799\" height=\"800\" data-id=\"1301\" src=\"https:\/\/fredt.eu\/notes\/wp-content\/uploads\/2009\/02\/2008-09-coffrage-chainage-00.jpg\" alt=\"\" class=\"wp-image-1301\" srcset=\"https:\/\/fredt.eu\/notes\/wp-content\/uploads\/2009\/02\/2008-09-coffrage-chainage-00.jpg 799w, https:\/\/fredt.eu\/notes\/wp-content\/uploads\/2009\/02\/2008-09-coffrage-chainage-00-300x300.jpg 300w, https:\/\/fredt.eu\/notes\/wp-content\/uploads\/2009\/02\/2008-09-coffrage-chainage-00-150x150.jpg 150w, https:\/\/fredt.eu\/notes\/wp-content\/uploads\/2009\/02\/2008-09-coffrage-chainage-00-768x769.jpg 768w, https:\/\/fredt.eu\/notes\/wp-content\/uploads\/2009\/02\/2008-09-coffrage-chainage-00-60x60.jpg 60w\" sizes=\"auto, (max-width: 799px) 100vw, 799px\" \/><\/figure>\n<\/figure>\n\n\n\n<p>La hauteur du cha\u00eenage a \u00e9t\u00e9 soigneusement calcul\u00e9e pour qu&rsquo;apr\u00e8s avoir pos\u00e9 une rang\u00e9e de parpaings, la main courante se retrouve \u00e0 la hauteur id\u00e9ale.<\/p>\n\n\n\n<figure class=\"wp-block-gallery has-nested-images columns-default is-cropped wp-block-gallery-6 is-layout-flex wp-block-gallery-is-layout-flex\">\n<figure class=\"wp-block-image size-full\"><img loading=\"lazy\" decoding=\"async\" width=\"800\" height=\"800\" data-id=\"1304\" src=\"https:\/\/fredt.eu\/notes\/wp-content\/uploads\/2009\/02\/2008-09-coffrage-chainage-tube-pvc-2.jpg\" alt=\"\" class=\"wp-image-1304\" srcset=\"https:\/\/fredt.eu\/notes\/wp-content\/uploads\/2009\/02\/2008-09-coffrage-chainage-tube-pvc-2.jpg 800w, https:\/\/fredt.eu\/notes\/wp-content\/uploads\/2009\/02\/2008-09-coffrage-chainage-tube-pvc-2-300x300.jpg 300w, https:\/\/fredt.eu\/notes\/wp-content\/uploads\/2009\/02\/2008-09-coffrage-chainage-tube-pvc-2-150x150.jpg 150w, https:\/\/fredt.eu\/notes\/wp-content\/uploads\/2009\/02\/2008-09-coffrage-chainage-tube-pvc-2-768x768.jpg 768w, https:\/\/fredt.eu\/notes\/wp-content\/uploads\/2009\/02\/2008-09-coffrage-chainage-tube-pvc-2-60x60.jpg 60w\" sizes=\"auto, (max-width: 800px) 100vw, 800px\" \/><\/figure>\n\n\n\n<figure class=\"wp-block-image size-full\"><img loading=\"lazy\" decoding=\"async\" width=\"1024\" height=\"1024\" data-id=\"1208\" src=\"https:\/\/fredt.eu\/notes\/wp-content\/uploads\/2008\/12\/coffrage-preparation-piliers.jpg\" alt=\"\" class=\"wp-image-1208\" srcset=\"https:\/\/fredt.eu\/notes\/wp-content\/uploads\/2008\/12\/coffrage-preparation-piliers.jpg 1024w, https:\/\/fredt.eu\/notes\/wp-content\/uploads\/2008\/12\/coffrage-preparation-piliers-300x300.jpg 300w, https:\/\/fredt.eu\/notes\/wp-content\/uploads\/2008\/12\/coffrage-preparation-piliers-150x150.jpg 150w, https:\/\/fredt.eu\/notes\/wp-content\/uploads\/2008\/12\/coffrage-preparation-piliers-768x768.jpg 768w, https:\/\/fredt.eu\/notes\/wp-content\/uploads\/2008\/12\/coffrage-preparation-piliers-60x60.jpg 60w\" sizes=\"auto, (max-width: 1024px) 100vw, 1024px\" \/><\/figure>\n<\/figure>\n\n\n\n<p>Enfin, pour favoriser l&rsquo;\u00e9coulement de l&rsquo;eau de pluie, des tuyaux en PVC de diam\u00e8tre 27 mm sont dispos\u00e9s en bas du coffrage, \u00e0 environ un m\u00e8tre d&rsquo;intervalle, permettant ainsi \u00e0 l&rsquo;eau de s&rsquo;\u00e9vacuer efficacement de la terrasse.<\/p>\n\n\n\n<figure class=\"wp-block-gallery has-nested-images columns-default is-cropped wp-block-gallery-7 is-layout-flex wp-block-gallery-is-layout-flex\">\n<figure class=\"wp-block-image size-large\"><img loading=\"lazy\" decoding=\"async\" width=\"401\" height=\"401\" data-id=\"1306\" src=\"https:\/\/fredt.eu\/notes\/wp-content\/uploads\/2009\/02\/2008-09-coffrage-chainage-09.jpg\" alt=\"\" class=\"wp-image-1306\" srcset=\"https:\/\/fredt.eu\/notes\/wp-content\/uploads\/2009\/02\/2008-09-coffrage-chainage-09.jpg 401w, https:\/\/fredt.eu\/notes\/wp-content\/uploads\/2009\/02\/2008-09-coffrage-chainage-09-300x300.jpg 300w, https:\/\/fredt.eu\/notes\/wp-content\/uploads\/2009\/02\/2008-09-coffrage-chainage-09-150x150.jpg 150w, https:\/\/fredt.eu\/notes\/wp-content\/uploads\/2009\/02\/2008-09-coffrage-chainage-09-60x60.jpg 60w\" sizes=\"auto, (max-width: 401px) 100vw, 401px\" \/><\/figure>\n\n\n\n<figure class=\"wp-block-image size-large\"><img loading=\"lazy\" decoding=\"async\" width=\"379\" height=\"379\" data-id=\"1305\" src=\"https:\/\/fredt.eu\/notes\/wp-content\/uploads\/2009\/02\/2008-09-coffrage-chainage-10.jpg\" alt=\"\" class=\"wp-image-1305\" srcset=\"https:\/\/fredt.eu\/notes\/wp-content\/uploads\/2009\/02\/2008-09-coffrage-chainage-10.jpg 379w, https:\/\/fredt.eu\/notes\/wp-content\/uploads\/2009\/02\/2008-09-coffrage-chainage-10-300x300.jpg 300w, https:\/\/fredt.eu\/notes\/wp-content\/uploads\/2009\/02\/2008-09-coffrage-chainage-10-150x150.jpg 150w, https:\/\/fredt.eu\/notes\/wp-content\/uploads\/2009\/02\/2008-09-coffrage-chainage-10-60x60.jpg 60w\" sizes=\"auto, (max-width: 379px) 100vw, 379px\" \/><\/figure>\n\n\n\n<figure class=\"wp-block-image size-large\"><img loading=\"lazy\" decoding=\"async\" width=\"401\" height=\"401\" data-id=\"1307\" src=\"https:\/\/fredt.eu\/notes\/wp-content\/uploads\/2009\/02\/2008-10-coffrage-preparation-piliers-coulee.jpg\" alt=\"\" class=\"wp-image-1307\" srcset=\"https:\/\/fredt.eu\/notes\/wp-content\/uploads\/2009\/02\/2008-10-coffrage-preparation-piliers-coulee.jpg 401w, https:\/\/fredt.eu\/notes\/wp-content\/uploads\/2009\/02\/2008-10-coffrage-preparation-piliers-coulee-300x300.jpg 300w, https:\/\/fredt.eu\/notes\/wp-content\/uploads\/2009\/02\/2008-10-coffrage-preparation-piliers-coulee-150x150.jpg 150w, https:\/\/fredt.eu\/notes\/wp-content\/uploads\/2009\/02\/2008-10-coffrage-preparation-piliers-coulee-60x60.jpg 60w\" sizes=\"auto, (max-width: 401px) 100vw, 401px\" \/><\/figure>\n<\/figure>\n\n\n\n<p>Le coffrage du cha\u00eenage inclut l&#8217;emplacement des <a href=\"\/notes\/conception\/creation\/piliers-de-balustrade-sur-mesure\/\">futurs piliers<\/a> ainsi que leur ferraillage.<\/p>\n","protected":false},"excerpt":{"rendered":"<p>Avant de commencer la r\u00e9alisation de la balustrade, il \u00e9tait essentiel de consolider et de r\u00e9nover le mur de sout\u00e8nement en pierre. Parall\u00e8lement, la pr\u00e9paration et un stock de balustres devait \u00eatre fait. Pour renforcer le sommet du mur effrit\u00e9, j&rsquo;ai coul\u00e9 sur place une sorte de couvertine. Rien n&rsquo;est d&rsquo;aplomb, mais un cha\u00eenage ajout\u00e9 [&hellip;]<\/p>\n","protected":false},"author":1,"featured_media":1304,"comment_status":"open","ping_status":"open","sticky":false,"template":"","format":"standard","meta":{"slim_seo":{"title":"Cha\u00eenage Renforc\u00e9 pour Soutenir la Balustrade : Solidit\u00e9 et Pr\u00e9cision - FredT Notes","description":"Avant de commencer la r\u00e9alisation de la balustrade, il \u00e9tait essentiel de consolider et de r\u00e9nover le mur de sout\u00e8nement en pierre. Parall\u00e8lement, la pr\u00e9paratio"},"footnotes":""},"categories":[129,141],"tags":[139,181,180,157,169,182,175],"class_list":["post-1240","post","type-post","status-publish","format-standard","has-post-thumbnail","hentry","category-conception","category-renovation","tag-balustrade","tag-chainage","tag-ecoulement-de-leau","tag-ferraillage","tag-mur-de-soutenement","tag-pvc","tag-terrasse"],"_links":{"self":[{"href":"https:\/\/fredt.eu\/notes\/wp-json\/wp\/v2\/posts\/1240","targetHints":{"allow":["GET"]}}],"collection":[{"href":"https:\/\/fredt.eu\/notes\/wp-json\/wp\/v2\/posts"}],"about":[{"href":"https:\/\/fredt.eu\/notes\/wp-json\/wp\/v2\/types\/post"}],"author":[{"embeddable":true,"href":"https:\/\/fredt.eu\/notes\/wp-json\/wp\/v2\/users\/1"}],"replies":[{"embeddable":true,"href":"https:\/\/fredt.eu\/notes\/wp-json\/wp\/v2\/comments?post=1240"}],"version-history":[{"count":6,"href":"https:\/\/fredt.eu\/notes\/wp-json\/wp\/v2\/posts\/1240\/revisions"}],"predecessor-version":[{"id":1314,"href":"https:\/\/fredt.eu\/notes\/wp-json\/wp\/v2\/posts\/1240\/revisions\/1314"}],"wp:featuredmedia":[{"embeddable":true,"href":"https:\/\/fredt.eu\/notes\/wp-json\/wp\/v2\/media\/1304"}],"wp:attachment":[{"href":"https:\/\/fredt.eu\/notes\/wp-json\/wp\/v2\/media?parent=1240"}],"wp:term":[{"taxonomy":"category","embeddable":true,"href":"https:\/\/fredt.eu\/notes\/wp-json\/wp\/v2\/categories?post=1240"},{"taxonomy":"post_tag","embeddable":true,"href":"https:\/\/fredt.eu\/notes\/wp-json\/wp\/v2\/tags?post=1240"}],"curies":[{"name":"wp","href":"https:\/\/api.w.org\/{rel}","templated":true}]}}