{"id":1221,"date":"2009-05-19T03:59:00","date_gmt":"2009-05-19T01:59:00","guid":{"rendered":"https:\/\/fredt.eu\/notes\/?p=1221"},"modified":"2025-03-19T20:18:56","modified_gmt":"2025-03-19T19:18:56","slug":"fabrication-dune-lice-basse-robustesse-et-precision","status":"publish","type":"post","link":"https:\/\/fredt.eu\/notes\/conception\/creation\/fabrication-dune-lice-basse-robustesse-et-precision\/","title":{"rendered":"Fabrication d&rsquo;une Lice Basse: Robustesse et Pr\u00e9cision"},"content":{"rendered":"\n<p>Fabrication d&rsquo;une lice basse en b\u00e9ton pour ma balustrade: la m\u00e9thode classique de collage des balustres ne m\u2019inspirait pas, tant pour des raisons de robustesse que pour la facilit\u00e9 de fabrication. J&rsquo;ai donc choisi de tout coffrer sur place.<\/p>\n\n\n\n<figure class=\"wp-block-gallery has-nested-images columns-default is-cropped wp-block-gallery-1 is-layout-flex wp-block-gallery-is-layout-flex\">\n<figure class=\"wp-block-image size-large\"><img loading=\"lazy\" decoding=\"async\" width=\"1024\" height=\"1024\" data-id=\"1255\" src=\"https:\/\/fredt.eu\/notes\/wp-content\/uploads\/2009\/05\/lice-basse-coffrage-gabarit-position-balustres-4.jpg\" alt=\"\" class=\"wp-image-1255\" srcset=\"https:\/\/fredt.eu\/notes\/wp-content\/uploads\/2009\/05\/lice-basse-coffrage-gabarit-position-balustres-4.jpg 1024w, https:\/\/fredt.eu\/notes\/wp-content\/uploads\/2009\/05\/lice-basse-coffrage-gabarit-position-balustres-4-300x300.jpg 300w, https:\/\/fredt.eu\/notes\/wp-content\/uploads\/2009\/05\/lice-basse-coffrage-gabarit-position-balustres-4-150x150.jpg 150w, https:\/\/fredt.eu\/notes\/wp-content\/uploads\/2009\/05\/lice-basse-coffrage-gabarit-position-balustres-4-768x768.jpg 768w, https:\/\/fredt.eu\/notes\/wp-content\/uploads\/2009\/05\/lice-basse-coffrage-gabarit-position-balustres-4-60x60.jpg 60w\" sizes=\"auto, (max-width: 1024px) 100vw, 1024px\" \/><\/figure>\n\n\n\n<figure class=\"wp-block-image size-large\"><img loading=\"lazy\" decoding=\"async\" width=\"1024\" height=\"1024\" data-id=\"1256\" src=\"https:\/\/fredt.eu\/notes\/wp-content\/uploads\/2009\/05\/lice-basse-coffrage-gabarit-position-balustres-reflexion.jpg\" alt=\"\" class=\"wp-image-1256\" srcset=\"https:\/\/fredt.eu\/notes\/wp-content\/uploads\/2009\/05\/lice-basse-coffrage-gabarit-position-balustres-reflexion.jpg 1024w, https:\/\/fredt.eu\/notes\/wp-content\/uploads\/2009\/05\/lice-basse-coffrage-gabarit-position-balustres-reflexion-300x300.jpg 300w, https:\/\/fredt.eu\/notes\/wp-content\/uploads\/2009\/05\/lice-basse-coffrage-gabarit-position-balustres-reflexion-150x150.jpg 150w, https:\/\/fredt.eu\/notes\/wp-content\/uploads\/2009\/05\/lice-basse-coffrage-gabarit-position-balustres-reflexion-768x768.jpg 768w, https:\/\/fredt.eu\/notes\/wp-content\/uploads\/2009\/05\/lice-basse-coffrage-gabarit-position-balustres-reflexion-60x60.jpg 60w\" sizes=\"auto, (max-width: 1024px) 100vw, 1024px\" \/><\/figure>\n<\/figure>\n\n\n\n<p>Pour le coffrage, j&rsquo;ai utilis\u00e9 des plaques de m\u00e9lamin\u00e9, ce qui a permis d\u2019obtenir une finition plus lisse sur les c\u00f4t\u00e9s. La largeur de la lice a \u00e9t\u00e9 d\u00e9lib\u00e9r\u00e9ment con\u00e7ue pour \u00eatre plus large que la base des balustres et un peu plus \u00e9troite que celle des piliers. Cela donnera un effet de relief suppl\u00e9mentaire \u00e0 l&rsquo;ensemble.<\/p>\n\n\n\n<figure class=\"wp-block-gallery has-nested-images columns-default is-cropped wp-block-gallery-2 is-layout-flex wp-block-gallery-is-layout-flex\">\n<figure class=\"wp-block-image size-large\"><img loading=\"lazy\" decoding=\"async\" width=\"905\" height=\"905\" data-id=\"1257\" src=\"https:\/\/fredt.eu\/notes\/wp-content\/uploads\/2009\/05\/balustre-prise-dans-la-lice-basse.jpg\" alt=\"\" class=\"wp-image-1257\" srcset=\"https:\/\/fredt.eu\/notes\/wp-content\/uploads\/2009\/05\/balustre-prise-dans-la-lice-basse.jpg 905w, https:\/\/fredt.eu\/notes\/wp-content\/uploads\/2009\/05\/balustre-prise-dans-la-lice-basse-300x300.jpg 300w, https:\/\/fredt.eu\/notes\/wp-content\/uploads\/2009\/05\/balustre-prise-dans-la-lice-basse-150x150.jpg 150w, https:\/\/fredt.eu\/notes\/wp-content\/uploads\/2009\/05\/balustre-prise-dans-la-lice-basse-768x768.jpg 768w, https:\/\/fredt.eu\/notes\/wp-content\/uploads\/2009\/05\/balustre-prise-dans-la-lice-basse-60x60.jpg 60w\" sizes=\"auto, (max-width: 905px) 100vw, 905px\" \/><\/figure>\n\n\n\n<figure class=\"wp-block-image size-large\"><img loading=\"lazy\" decoding=\"async\" width=\"830\" height=\"830\" data-id=\"1258\" src=\"https:\/\/fredt.eu\/notes\/wp-content\/uploads\/2009\/05\/lice-basse.jpg\" alt=\"\" class=\"wp-image-1258\" srcset=\"https:\/\/fredt.eu\/notes\/wp-content\/uploads\/2009\/05\/lice-basse.jpg 830w, https:\/\/fredt.eu\/notes\/wp-content\/uploads\/2009\/05\/lice-basse-300x300.jpg 300w, https:\/\/fredt.eu\/notes\/wp-content\/uploads\/2009\/05\/lice-basse-150x150.jpg 150w, https:\/\/fredt.eu\/notes\/wp-content\/uploads\/2009\/05\/lice-basse-768x768.jpg 768w, https:\/\/fredt.eu\/notes\/wp-content\/uploads\/2009\/05\/lice-basse-60x60.jpg 60w\" sizes=\"auto, (max-width: 830px) 100vw, 830px\" \/><\/figure>\n<\/figure>\n\n\n\n<p>Plut\u00f4t que de coller les balustres, j&rsquo;ai pr\u00e9f\u00e9r\u00e9 les sceller dans la masse. La base des balustres a \u00e9t\u00e9 rainur\u00e9e \u00e0 la disqueuse, ce qui permet une meilleure prise dans le b\u00e9ton.<\/p>\n\n\n\n<figure class=\"wp-block-image size-full\"><img loading=\"lazy\" decoding=\"async\" width=\"1024\" height=\"1024\" src=\"https:\/\/fredt.eu\/notes\/wp-content\/uploads\/2009\/05\/balustre-saignee-adherance.jpg\" alt=\"\" class=\"wp-image-1227\" srcset=\"https:\/\/fredt.eu\/notes\/wp-content\/uploads\/2009\/05\/balustre-saignee-adherance.jpg 1024w, https:\/\/fredt.eu\/notes\/wp-content\/uploads\/2009\/05\/balustre-saignee-adherance-300x300.jpg 300w, https:\/\/fredt.eu\/notes\/wp-content\/uploads\/2009\/05\/balustre-saignee-adherance-150x150.jpg 150w, https:\/\/fredt.eu\/notes\/wp-content\/uploads\/2009\/05\/balustre-saignee-adherance-768x768.jpg 768w, https:\/\/fredt.eu\/notes\/wp-content\/uploads\/2009\/05\/balustre-saignee-adherance-60x60.jpg 60w\" sizes=\"auto, (max-width: 1024px) 100vw, 1024px\" \/><\/figure>\n\n\n\n<p>La base des balustres est scell\u00e9e sur une profondeur de 1 \u00e0 2 cm, dans la lice basse.<\/p>\n\n\n\n<figure class=\"wp-block-gallery has-nested-images columns-default is-cropped wp-block-gallery-3 is-layout-flex wp-block-gallery-is-layout-flex\">\n<figure class=\"wp-block-image size-large\"><img loading=\"lazy\" decoding=\"async\" width=\"350\" height=\"263\" data-id=\"1259\" src=\"https:\/\/fredt.eu\/notes\/wp-content\/uploads\/2009\/05\/balustre-de-niveau-avec-un-cordeau.jpg\" alt=\"\" class=\"wp-image-1259\" srcset=\"https:\/\/fredt.eu\/notes\/wp-content\/uploads\/2009\/05\/balustre-de-niveau-avec-un-cordeau.jpg 350w, https:\/\/fredt.eu\/notes\/wp-content\/uploads\/2009\/05\/balustre-de-niveau-avec-un-cordeau-300x225.jpg 300w, https:\/\/fredt.eu\/notes\/wp-content\/uploads\/2009\/05\/balustre-de-niveau-avec-un-cordeau-60x45.jpg 60w\" sizes=\"auto, (max-width: 350px) 100vw, 350px\" \/><\/figure>\n\n\n\n<figure class=\"wp-block-image size-large\"><img loading=\"lazy\" decoding=\"async\" width=\"1024\" height=\"1024\" data-id=\"1260\" src=\"https:\/\/fredt.eu\/notes\/wp-content\/uploads\/2009\/05\/lice-basse-coffrage-gabarit-position-balustres-2.jpg\" alt=\"\" class=\"wp-image-1260\" srcset=\"https:\/\/fredt.eu\/notes\/wp-content\/uploads\/2009\/05\/lice-basse-coffrage-gabarit-position-balustres-2.jpg 1024w, https:\/\/fredt.eu\/notes\/wp-content\/uploads\/2009\/05\/lice-basse-coffrage-gabarit-position-balustres-2-300x300.jpg 300w, https:\/\/fredt.eu\/notes\/wp-content\/uploads\/2009\/05\/lice-basse-coffrage-gabarit-position-balustres-2-150x150.jpg 150w, https:\/\/fredt.eu\/notes\/wp-content\/uploads\/2009\/05\/lice-basse-coffrage-gabarit-position-balustres-2-768x768.jpg 768w, https:\/\/fredt.eu\/notes\/wp-content\/uploads\/2009\/05\/lice-basse-coffrage-gabarit-position-balustres-2-60x60.jpg 60w\" sizes=\"auto, (max-width: 1024px) 100vw, 1024px\" \/><\/figure>\n<\/figure>\n\n\n\n<p>Un gabarit, plac\u00e9 \u00e0 la hauteur de la future main courante, a \u00e9t\u00e9 utilis\u00e9 pour assurer un alignement rapide, ainsi qu&rsquo;un espacement uniforme des balustres. Cette m\u00e9thode m&rsquo;a fait gagner du temps, bien plus que l&rsquo;utilisation d&rsquo;un cordeau traditionnel.<\/p>\n\n\n\n<p>Il est \u00e9galement pr\u00e9f\u00e9rable d\u2019armer la lice avec du fer \u00e0 b\u00e9ton pour assurer sa solidit\u00e9.<\/p>\n\n\n\n<figure class=\"wp-block-image size-full\"><img loading=\"lazy\" decoding=\"async\" width=\"1012\" height=\"1012\" src=\"https:\/\/fredt.eu\/notes\/wp-content\/uploads\/2009\/05\/main-courante-sera-encastre-avec-barbecue.jpg\" alt=\"\" class=\"wp-image-1261\" srcset=\"https:\/\/fredt.eu\/notes\/wp-content\/uploads\/2009\/05\/main-courante-sera-encastre-avec-barbecue.jpg 1012w, https:\/\/fredt.eu\/notes\/wp-content\/uploads\/2009\/05\/main-courante-sera-encastre-avec-barbecue-300x300.jpg 300w, https:\/\/fredt.eu\/notes\/wp-content\/uploads\/2009\/05\/main-courante-sera-encastre-avec-barbecue-150x150.jpg 150w, https:\/\/fredt.eu\/notes\/wp-content\/uploads\/2009\/05\/main-courante-sera-encastre-avec-barbecue-768x768.jpg 768w, https:\/\/fredt.eu\/notes\/wp-content\/uploads\/2009\/05\/main-courante-sera-encastre-avec-barbecue-60x60.jpg 60w\" sizes=\"auto, (max-width: 1012px) 100vw, 1012px\" \/><\/figure>\n\n\n\n<p>Enfin, pour la finition, une astuce permet d&rsquo;obtenir une <a href=\"\/notes\/conception\/astuce-pour-obtenir-une-surface-de-beton-lisse-et-durable\/\">surface dure et parfaitement lisse du b\u00e9ton<\/a>.<\/p>\n\n\n\n<p><\/p>\n","protected":false},"excerpt":{"rendered":"<p>Fabrication d&rsquo;une lice basse en b\u00e9ton pour ma balustrade: la m\u00e9thode classique de collage des balustres ne m\u2019inspirait pas, tant pour des raisons de robustesse que pour la facilit\u00e9 de fabrication. J&rsquo;ai donc choisi de tout coffrer sur place. Pour le coffrage, j&rsquo;ai utilis\u00e9 des plaques de m\u00e9lamin\u00e9, ce qui a permis d\u2019obtenir une finition [&hellip;]<\/p>\n","protected":false},"author":1,"featured_media":1255,"comment_status":"open","ping_status":"open","sticky":false,"template":"","format":"standard","meta":{"slim_seo":{"title":"Fabrication d'une Lice Basse: Robustesse et Pr\u00e9cision - FredT Notes","description":"Fabrication d'une lice basse en b\u00e9ton pour ma balustrade: la m\u00e9thode classique de collage des balustres ne m\u2019inspirait pas, tant pour des raisons de robustesse"},"footnotes":""},"categories":[129,8],"tags":[139,149,136,138,153,150,151,152],"class_list":["post-1221","post","type-post","status-publish","format-standard","has-post-thumbnail","hentry","category-conception","category-creation","tag-balustrade","tag-balustres","tag-beton","tag-coffrage","tag-construction-sur-mesure","tag-fer","tag-gabarit","tag-melamine"],"_links":{"self":[{"href":"https:\/\/fredt.eu\/notes\/wp-json\/wp\/v2\/posts\/1221","targetHints":{"allow":["GET"]}}],"collection":[{"href":"https:\/\/fredt.eu\/notes\/wp-json\/wp\/v2\/posts"}],"about":[{"href":"https:\/\/fredt.eu\/notes\/wp-json\/wp\/v2\/types\/post"}],"author":[{"embeddable":true,"href":"https:\/\/fredt.eu\/notes\/wp-json\/wp\/v2\/users\/1"}],"replies":[{"embeddable":true,"href":"https:\/\/fredt.eu\/notes\/wp-json\/wp\/v2\/comments?post=1221"}],"version-history":[{"count":5,"href":"https:\/\/fredt.eu\/notes\/wp-json\/wp\/v2\/posts\/1221\/revisions"}],"predecessor-version":[{"id":1262,"href":"https:\/\/fredt.eu\/notes\/wp-json\/wp\/v2\/posts\/1221\/revisions\/1262"}],"wp:featuredmedia":[{"embeddable":true,"href":"https:\/\/fredt.eu\/notes\/wp-json\/wp\/v2\/media\/1255"}],"wp:attachment":[{"href":"https:\/\/fredt.eu\/notes\/wp-json\/wp\/v2\/media?parent=1221"}],"wp:term":[{"taxonomy":"category","embeddable":true,"href":"https:\/\/fredt.eu\/notes\/wp-json\/wp\/v2\/categories?post=1221"},{"taxonomy":"post_tag","embeddable":true,"href":"https:\/\/fredt.eu\/notes\/wp-json\/wp\/v2\/tags?post=1221"}],"curies":[{"name":"wp","href":"https:\/\/api.w.org\/{rel}","templated":true}]}}