{"id":1212,"date":"2008-12-13T13:37:00","date_gmt":"2008-12-13T12:37:00","guid":{"rendered":"https:\/\/fredt.eu\/notes\/?p=1212"},"modified":"2025-03-20T16:02:54","modified_gmt":"2025-03-20T15:02:54","slug":"preparation-avant-linstallation-de-la-balustrade","status":"publish","type":"post","link":"https:\/\/fredt.eu\/notes\/conception\/preparation-avant-linstallation-de-la-balustrade\/","title":{"rendered":"Pr\u00e9paration Avant l&rsquo;Installation de la Balustrade"},"content":{"rendered":"\n<figure class=\"wp-block-gallery has-nested-images columns-default is-cropped wp-block-gallery-1 is-layout-flex wp-block-gallery-is-layout-flex\">\n<figure class=\"wp-block-image size-large\"><img loading=\"lazy\" decoding=\"async\" width=\"800\" height=\"800\" data-id=\"1275\" src=\"https:\/\/fredt.eu\/notes\/wp-content\/uploads\/2008\/12\/2008-05-fondation-soutenement-02.jpg\" alt=\"\" class=\"wp-image-1275\" srcset=\"https:\/\/fredt.eu\/notes\/wp-content\/uploads\/2008\/12\/2008-05-fondation-soutenement-02.jpg 800w, https:\/\/fredt.eu\/notes\/wp-content\/uploads\/2008\/12\/2008-05-fondation-soutenement-02-300x300.jpg 300w, https:\/\/fredt.eu\/notes\/wp-content\/uploads\/2008\/12\/2008-05-fondation-soutenement-02-150x150.jpg 150w, https:\/\/fredt.eu\/notes\/wp-content\/uploads\/2008\/12\/2008-05-fondation-soutenement-02-768x768.jpg 768w, https:\/\/fredt.eu\/notes\/wp-content\/uploads\/2008\/12\/2008-05-fondation-soutenement-02-60x60.jpg 60w\" sizes=\"auto, (max-width: 800px) 100vw, 800px\" \/><\/figure>\n\n\n\n<figure class=\"wp-block-image size-large\"><img loading=\"lazy\" decoding=\"async\" width=\"600\" height=\"800\" data-id=\"1277\" src=\"https:\/\/fredt.eu\/notes\/wp-content\/uploads\/2008\/12\/2008-05-fondation-soutenement-3.jpg\" alt=\"\" class=\"wp-image-1277\" srcset=\"https:\/\/fredt.eu\/notes\/wp-content\/uploads\/2008\/12\/2008-05-fondation-soutenement-3.jpg 600w, https:\/\/fredt.eu\/notes\/wp-content\/uploads\/2008\/12\/2008-05-fondation-soutenement-3-225x300.jpg 225w, https:\/\/fredt.eu\/notes\/wp-content\/uploads\/2008\/12\/2008-05-fondation-soutenement-3-45x60.jpg 45w\" sizes=\"auto, (max-width: 600px) 100vw, 600px\" \/><\/figure>\n\n\n\n<figure class=\"wp-block-image size-large\"><img loading=\"lazy\" decoding=\"async\" width=\"800\" height=\"600\" data-id=\"1276\" src=\"https:\/\/fredt.eu\/notes\/wp-content\/uploads\/2008\/12\/2008-05-fondation-soutenement-5.jpg\" alt=\"\" class=\"wp-image-1276\" srcset=\"https:\/\/fredt.eu\/notes\/wp-content\/uploads\/2008\/12\/2008-05-fondation-soutenement-5.jpg 800w, https:\/\/fredt.eu\/notes\/wp-content\/uploads\/2008\/12\/2008-05-fondation-soutenement-5-300x225.jpg 300w, https:\/\/fredt.eu\/notes\/wp-content\/uploads\/2008\/12\/2008-05-fondation-soutenement-5-768x576.jpg 768w, https:\/\/fredt.eu\/notes\/wp-content\/uploads\/2008\/12\/2008-05-fondation-soutenement-5-60x45.jpg 60w\" sizes=\"auto, (max-width: 800px) 100vw, 800px\" \/><\/figure>\n<\/figure>\n\n\n\n<p>Dans un coin de la parcelle, une section du mur s\u2019\u00e9tait \u00e9croul\u00e9e depuis de nombreuses ann\u00e9es. Ce morceau de terrain, transform\u00e9 en talus pentu, \u00e9tait inutilisable. Pour r\u00e9cup\u00e9rer l&rsquo;angle perdu de la terrasse, le chantier majeur consistait \u00e0 reconstruire et rallonger le mur effondr\u00e9. <\/p>\n\n\n\n<figure class=\"wp-block-image size-full\"><img loading=\"lazy\" decoding=\"async\" width=\"800\" height=\"379\" src=\"https:\/\/fredt.eu\/notes\/wp-content\/uploads\/2008\/12\/2008-06-1.jpg\" alt=\"\" class=\"wp-image-1278\" srcset=\"https:\/\/fredt.eu\/notes\/wp-content\/uploads\/2008\/12\/2008-06-1.jpg 800w, https:\/\/fredt.eu\/notes\/wp-content\/uploads\/2008\/12\/2008-06-1-300x142.jpg 300w, https:\/\/fredt.eu\/notes\/wp-content\/uploads\/2008\/12\/2008-06-1-768x364.jpg 768w, https:\/\/fredt.eu\/notes\/wp-content\/uploads\/2008\/12\/2008-06-1-60x28.jpg 60w\" sizes=\"auto, (max-width: 800px) 100vw, 800px\" \/><\/figure>\n\n\n\n<p>R\u00e9habilitation du Mur de Sout\u00e8nement avant Installation de la Balustrade.<\/p>\n\n\n\n<figure class=\"wp-block-gallery has-nested-images columns-default is-cropped wp-block-gallery-2 is-layout-flex wp-block-gallery-is-layout-flex\">\n<figure class=\"wp-block-image size-large\"><img loading=\"lazy\" decoding=\"async\" width=\"600\" height=\"800\" data-id=\"1279\" src=\"https:\/\/fredt.eu\/notes\/wp-content\/uploads\/2008\/12\/2008-06-7.jpg\" alt=\"\" class=\"wp-image-1279\" srcset=\"https:\/\/fredt.eu\/notes\/wp-content\/uploads\/2008\/12\/2008-06-7.jpg 600w, https:\/\/fredt.eu\/notes\/wp-content\/uploads\/2008\/12\/2008-06-7-225x300.jpg 225w, https:\/\/fredt.eu\/notes\/wp-content\/uploads\/2008\/12\/2008-06-7-45x60.jpg 45w\" sizes=\"auto, (max-width: 600px) 100vw, 600px\" \/><\/figure>\n\n\n\n<figure class=\"wp-block-image size-large\"><img loading=\"lazy\" decoding=\"async\" width=\"600\" height=\"800\" data-id=\"1280\" src=\"https:\/\/fredt.eu\/notes\/wp-content\/uploads\/2008\/12\/2008-07-4.jpg\" alt=\"\" class=\"wp-image-1280\" srcset=\"https:\/\/fredt.eu\/notes\/wp-content\/uploads\/2008\/12\/2008-07-4.jpg 600w, https:\/\/fredt.eu\/notes\/wp-content\/uploads\/2008\/12\/2008-07-4-225x300.jpg 225w, https:\/\/fredt.eu\/notes\/wp-content\/uploads\/2008\/12\/2008-07-4-45x60.jpg 45w\" sizes=\"auto, (max-width: 600px) 100vw, 600px\" \/><\/figure>\n<\/figure>\n\n\n\n<p>Le remblai \u00e0 soutenir est consid\u00e9rable, avec une hauteur de 2,50 m. J&rsquo;appr\u00e9hendais la complexit\u00e9 de la t\u00e2che : des fondations profondes et une large base \u00e9taient indispensables pour garantir la stabilit\u00e9 du mur. J&rsquo;ai donc commenc\u00e9 par retrouver la base de l&rsquo;ancien mur effondr\u00e9 en creusant profond\u00e9ment, afin de poser des fondations solides.<\/p>\n\n\n\n<figure class=\"wp-block-gallery has-nested-images columns-default is-cropped wp-block-gallery-3 is-layout-flex wp-block-gallery-is-layout-flex\">\n<figure class=\"wp-block-image size-large\"><img loading=\"lazy\" decoding=\"async\" width=\"800\" height=\"800\" data-id=\"1281\" src=\"https:\/\/fredt.eu\/notes\/wp-content\/uploads\/2008\/12\/2008-08-5.jpg\" alt=\"\" class=\"wp-image-1281\" srcset=\"https:\/\/fredt.eu\/notes\/wp-content\/uploads\/2008\/12\/2008-08-5.jpg 800w, https:\/\/fredt.eu\/notes\/wp-content\/uploads\/2008\/12\/2008-08-5-300x300.jpg 300w, https:\/\/fredt.eu\/notes\/wp-content\/uploads\/2008\/12\/2008-08-5-150x150.jpg 150w, https:\/\/fredt.eu\/notes\/wp-content\/uploads\/2008\/12\/2008-08-5-768x768.jpg 768w, https:\/\/fredt.eu\/notes\/wp-content\/uploads\/2008\/12\/2008-08-5-60x60.jpg 60w\" sizes=\"auto, (max-width: 800px) 100vw, 800px\" \/><\/figure>\n\n\n\n<figure class=\"wp-block-image size-large\"><img loading=\"lazy\" decoding=\"async\" width=\"800\" height=\"800\" data-id=\"1282\" src=\"https:\/\/fredt.eu\/notes\/wp-content\/uploads\/2008\/12\/2008-09-4-vue-espace-gagne-avec-barriere.jpg\" alt=\"\" class=\"wp-image-1282\" srcset=\"https:\/\/fredt.eu\/notes\/wp-content\/uploads\/2008\/12\/2008-09-4-vue-espace-gagne-avec-barriere.jpg 800w, https:\/\/fredt.eu\/notes\/wp-content\/uploads\/2008\/12\/2008-09-4-vue-espace-gagne-avec-barriere-300x300.jpg 300w, https:\/\/fredt.eu\/notes\/wp-content\/uploads\/2008\/12\/2008-09-4-vue-espace-gagne-avec-barriere-150x150.jpg 150w, https:\/\/fredt.eu\/notes\/wp-content\/uploads\/2008\/12\/2008-09-4-vue-espace-gagne-avec-barriere-768x768.jpg 768w, https:\/\/fredt.eu\/notes\/wp-content\/uploads\/2008\/12\/2008-09-4-vue-espace-gagne-avec-barriere-60x60.jpg 60w\" sizes=\"auto, (max-width: 800px) 100vw, 800px\" \/><\/figure>\n<\/figure>\n\n\n\n<figure class=\"wp-block-image size-full\"><img loading=\"lazy\" decoding=\"async\" width=\"800\" height=\"340\" src=\"https:\/\/fredt.eu\/notes\/wp-content\/uploads\/2008\/12\/2008-10-1.jpg\" alt=\"\" class=\"wp-image-1283\" srcset=\"https:\/\/fredt.eu\/notes\/wp-content\/uploads\/2008\/12\/2008-10-1.jpg 800w, https:\/\/fredt.eu\/notes\/wp-content\/uploads\/2008\/12\/2008-10-1-300x128.jpg 300w, https:\/\/fredt.eu\/notes\/wp-content\/uploads\/2008\/12\/2008-10-1-768x326.jpg 768w, https:\/\/fredt.eu\/notes\/wp-content\/uploads\/2008\/12\/2008-10-1-60x26.jpg 60w\" sizes=\"auto, (max-width: 800px) 100vw, 800px\" \/><\/figure>\n\n\n\n<p>Entre chaque coul\u00e9e de balustres et le mur \u00e0 remonter, la b\u00e9tonni\u00e8re a \u00e9t\u00e9 utilis\u00e9e de mani\u00e8re r\u00e9guli\u00e8re. \u00c0 chaque utilisation, je r\u00e9cup\u00e9rais les restes de ciment pour rejointer les pierres du reste du mur.<\/p>\n\n\n\n<figure class=\"wp-block-gallery has-nested-images columns-default is-cropped wp-block-gallery-4 is-layout-flex wp-block-gallery-is-layout-flex\">\n<figure class=\"wp-block-image size-large\"><img loading=\"lazy\" decoding=\"async\" width=\"800\" height=\"800\" data-id=\"1284\" src=\"https:\/\/fredt.eu\/notes\/wp-content\/uploads\/2008\/12\/2008-07-8.jpg\" alt=\"\" class=\"wp-image-1284\" srcset=\"https:\/\/fredt.eu\/notes\/wp-content\/uploads\/2008\/12\/2008-07-8.jpg 800w, https:\/\/fredt.eu\/notes\/wp-content\/uploads\/2008\/12\/2008-07-8-300x300.jpg 300w, https:\/\/fredt.eu\/notes\/wp-content\/uploads\/2008\/12\/2008-07-8-150x150.jpg 150w, https:\/\/fredt.eu\/notes\/wp-content\/uploads\/2008\/12\/2008-07-8-768x768.jpg 768w, https:\/\/fredt.eu\/notes\/wp-content\/uploads\/2008\/12\/2008-07-8-60x60.jpg 60w\" sizes=\"auto, (max-width: 800px) 100vw, 800px\" \/><\/figure>\n\n\n\n<figure class=\"wp-block-image size-large\"><img loading=\"lazy\" decoding=\"async\" width=\"800\" height=\"800\" data-id=\"1285\" src=\"https:\/\/fredt.eu\/notes\/wp-content\/uploads\/2008\/12\/gravier.jpg\" alt=\"\" class=\"wp-image-1285\" srcset=\"https:\/\/fredt.eu\/notes\/wp-content\/uploads\/2008\/12\/gravier.jpg 800w, https:\/\/fredt.eu\/notes\/wp-content\/uploads\/2008\/12\/gravier-300x300.jpg 300w, https:\/\/fredt.eu\/notes\/wp-content\/uploads\/2008\/12\/gravier-150x150.jpg 150w, https:\/\/fredt.eu\/notes\/wp-content\/uploads\/2008\/12\/gravier-768x768.jpg 768w, https:\/\/fredt.eu\/notes\/wp-content\/uploads\/2008\/12\/gravier-60x60.jpg 60w\" sizes=\"auto, (max-width: 800px) 100vw, 800px\" \/><\/figure>\n\n\n\n<figure class=\"wp-block-image size-large\"><img loading=\"lazy\" decoding=\"async\" width=\"800\" height=\"800\" data-id=\"1286\" src=\"https:\/\/fredt.eu\/notes\/wp-content\/uploads\/2008\/12\/tasser-beton-avec-vibreur.jpg\" alt=\"\" class=\"wp-image-1286\" srcset=\"https:\/\/fredt.eu\/notes\/wp-content\/uploads\/2008\/12\/tasser-beton-avec-vibreur.jpg 800w, https:\/\/fredt.eu\/notes\/wp-content\/uploads\/2008\/12\/tasser-beton-avec-vibreur-300x300.jpg 300w, https:\/\/fredt.eu\/notes\/wp-content\/uploads\/2008\/12\/tasser-beton-avec-vibreur-150x150.jpg 150w, https:\/\/fredt.eu\/notes\/wp-content\/uploads\/2008\/12\/tasser-beton-avec-vibreur-768x768.jpg 768w, https:\/\/fredt.eu\/notes\/wp-content\/uploads\/2008\/12\/tasser-beton-avec-vibreur-60x60.jpg 60w\" sizes=\"auto, (max-width: 800px) 100vw, 800px\" \/><\/figure>\n<\/figure>\n\n\n\n<figure class=\"wp-block-gallery has-nested-images columns-default is-cropped wp-block-gallery-5 is-layout-flex wp-block-gallery-is-layout-flex\">\n<figure class=\"wp-block-image size-large\"><img loading=\"lazy\" decoding=\"async\" width=\"800\" height=\"600\" data-id=\"1287\" src=\"https:\/\/fredt.eu\/notes\/wp-content\/uploads\/2008\/12\/2009-01-remblais-du-mur-1.jpg\" alt=\"\" class=\"wp-image-1287\" srcset=\"https:\/\/fredt.eu\/notes\/wp-content\/uploads\/2008\/12\/2009-01-remblais-du-mur-1.jpg 800w, https:\/\/fredt.eu\/notes\/wp-content\/uploads\/2008\/12\/2009-01-remblais-du-mur-1-300x225.jpg 300w, https:\/\/fredt.eu\/notes\/wp-content\/uploads\/2008\/12\/2009-01-remblais-du-mur-1-768x576.jpg 768w, https:\/\/fredt.eu\/notes\/wp-content\/uploads\/2008\/12\/2009-01-remblais-du-mur-1-60x45.jpg 60w\" sizes=\"auto, (max-width: 800px) 100vw, 800px\" \/><\/figure>\n\n\n\n<figure class=\"wp-block-image size-large\"><img loading=\"lazy\" decoding=\"async\" width=\"800\" height=\"800\" data-id=\"1288\" src=\"https:\/\/fredt.eu\/notes\/wp-content\/uploads\/2008\/12\/2009-01-remblais-du-mur-3.jpg\" alt=\"\" class=\"wp-image-1288\" srcset=\"https:\/\/fredt.eu\/notes\/wp-content\/uploads\/2008\/12\/2009-01-remblais-du-mur-3.jpg 800w, https:\/\/fredt.eu\/notes\/wp-content\/uploads\/2008\/12\/2009-01-remblais-du-mur-3-300x300.jpg 300w, https:\/\/fredt.eu\/notes\/wp-content\/uploads\/2008\/12\/2009-01-remblais-du-mur-3-150x150.jpg 150w, https:\/\/fredt.eu\/notes\/wp-content\/uploads\/2008\/12\/2009-01-remblais-du-mur-3-768x768.jpg 768w, https:\/\/fredt.eu\/notes\/wp-content\/uploads\/2008\/12\/2009-01-remblais-du-mur-3-60x60.jpg 60w\" sizes=\"auto, (max-width: 800px) 100vw, 800px\" \/><\/figure>\n<\/figure>\n","protected":false},"excerpt":{"rendered":"<p>Dans un coin de la parcelle, une section du mur s\u2019\u00e9tait \u00e9croul\u00e9e depuis de nombreuses ann\u00e9es. Ce morceau de terrain, transform\u00e9 en talus pentu, \u00e9tait inutilisable. Pour r\u00e9cup\u00e9rer l&rsquo;angle perdu de la terrasse, le chantier majeur consistait \u00e0 reconstruire et rallonger le mur effondr\u00e9. R\u00e9habilitation du Mur de Sout\u00e8nement avant Installation de la Balustrade. Le [&hellip;]<\/p>\n","protected":false},"author":1,"featured_media":1280,"comment_status":"open","ping_status":"open","sticky":false,"template":"","format":"standard","meta":{"slim_seo":{"title":"Pr\u00e9paration Avant l'Installation de la Balustrade - FredT Notes","description":"Dans un coin de la parcelle, une section du mur s\u2019\u00e9tait \u00e9croul\u00e9e depuis de nombreuses ann\u00e9es. Ce morceau de terrain, transform\u00e9 en talus pentu, \u00e9tait inutilisab"},"footnotes":""},"categories":[129,141],"tags":[171,177,179,169,170,172,173,174,176,175,178],"class_list":["post-1212","post","type-post","status-publish","format-standard","has-post-thumbnail","hentry","category-conception","category-renovation","tag-betonniere","tag-coulee-de-balustres","tag-fondations-profondes","tag-mur-de-soutenement","tag-rehabilitation","tag-rejointement-des-pierres","tag-remblai","tag-stabilite-du-mur","tag-terrains-en-pente","tag-terrasse","tag-travaux-de-maconnerie"],"_links":{"self":[{"href":"https:\/\/fredt.eu\/notes\/wp-json\/wp\/v2\/posts\/1212","targetHints":{"allow":["GET"]}}],"collection":[{"href":"https:\/\/fredt.eu\/notes\/wp-json\/wp\/v2\/posts"}],"about":[{"href":"https:\/\/fredt.eu\/notes\/wp-json\/wp\/v2\/types\/post"}],"author":[{"embeddable":true,"href":"https:\/\/fredt.eu\/notes\/wp-json\/wp\/v2\/users\/1"}],"replies":[{"embeddable":true,"href":"https:\/\/fredt.eu\/notes\/wp-json\/wp\/v2\/comments?post=1212"}],"version-history":[{"count":3,"href":"https:\/\/fredt.eu\/notes\/wp-json\/wp\/v2\/posts\/1212\/revisions"}],"predecessor-version":[{"id":1289,"href":"https:\/\/fredt.eu\/notes\/wp-json\/wp\/v2\/posts\/1212\/revisions\/1289"}],"wp:featuredmedia":[{"embeddable":true,"href":"https:\/\/fredt.eu\/notes\/wp-json\/wp\/v2\/media\/1280"}],"wp:attachment":[{"href":"https:\/\/fredt.eu\/notes\/wp-json\/wp\/v2\/media?parent=1212"}],"wp:term":[{"taxonomy":"category","embeddable":true,"href":"https:\/\/fredt.eu\/notes\/wp-json\/wp\/v2\/categories?post=1212"},{"taxonomy":"post_tag","embeddable":true,"href":"https:\/\/fredt.eu\/notes\/wp-json\/wp\/v2\/tags?post=1212"}],"curies":[{"name":"wp","href":"https:\/\/api.w.org\/{rel}","templated":true}]}}