{"id":1191,"date":"2009-04-06T21:10:00","date_gmt":"2009-04-06T19:10:00","guid":{"rendered":"https:\/\/fredt.eu\/notes\/?p=1191"},"modified":"2025-03-19T20:58:13","modified_gmt":"2025-03-19T19:58:13","slug":"piliers-de-balustrade-sur-mesure","status":"publish","type":"post","link":"https:\/\/fredt.eu\/notes\/conception\/creation\/piliers-de-balustrade-sur-mesure\/","title":{"rendered":"Piliers de balustrade sur mesure"},"content":{"rendered":"\n<figure class=\"wp-block-gallery has-nested-images columns-default is-cropped wp-block-gallery-1 is-layout-flex wp-block-gallery-is-layout-flex\">\n<figure class=\"wp-block-image size-large\"><img loading=\"lazy\" decoding=\"async\" width=\"1024\" height=\"1024\" data-id=\"1195\" src=\"https:\/\/fredt.eu\/notes\/wp-content\/uploads\/2025\/03\/pilier-2.jpg\" alt=\"\" class=\"wp-image-1195\" srcset=\"https:\/\/fredt.eu\/notes\/wp-content\/uploads\/2025\/03\/pilier-2.jpg 1024w, https:\/\/fredt.eu\/notes\/wp-content\/uploads\/2025\/03\/pilier-2-300x300.jpg 300w, https:\/\/fredt.eu\/notes\/wp-content\/uploads\/2025\/03\/pilier-2-150x150.jpg 150w, https:\/\/fredt.eu\/notes\/wp-content\/uploads\/2025\/03\/pilier-2-768x768.jpg 768w, https:\/\/fredt.eu\/notes\/wp-content\/uploads\/2025\/03\/pilier-2-60x60.jpg 60w\" sizes=\"auto, (max-width: 1024px) 100vw, 1024px\" \/><\/figure>\n\n\n\n<figure class=\"wp-block-image size-large\"><img loading=\"lazy\" decoding=\"async\" width=\"1024\" height=\"1024\" data-id=\"1194\" src=\"https:\/\/fredt.eu\/notes\/wp-content\/uploads\/2025\/03\/coffrage-pilier-3.jpg\" alt=\"\" class=\"wp-image-1194\" srcset=\"https:\/\/fredt.eu\/notes\/wp-content\/uploads\/2025\/03\/coffrage-pilier-3.jpg 1024w, https:\/\/fredt.eu\/notes\/wp-content\/uploads\/2025\/03\/coffrage-pilier-3-300x300.jpg 300w, https:\/\/fredt.eu\/notes\/wp-content\/uploads\/2025\/03\/coffrage-pilier-3-150x150.jpg 150w, https:\/\/fredt.eu\/notes\/wp-content\/uploads\/2025\/03\/coffrage-pilier-3-768x768.jpg 768w, https:\/\/fredt.eu\/notes\/wp-content\/uploads\/2025\/03\/coffrage-pilier-3-60x60.jpg 60w\" sizes=\"auto, (max-width: 1024px) 100vw, 1024px\" \/><\/figure>\n<\/figure>\n\n\n\n<p>Les mod\u00e8les de moules propos\u00e9s pour les piliers ne m&rsquo;inspiraient ni sur le plan esth\u00e9tique, ni en termes de co\u00fbt. Je souhaitais donner aux piliers une apparence volumineuse et harmonieuse, avec une forme en trois parties : plus mince au niveau du corps des balustres, et plus \u00e9paisse au niveau de la lice basse et de la main courante, cr\u00e9ant ainsi une d\u00e9marcation nette avec les lin\u00e9aires des balustres.<\/p>\n\n\n\n<figure class=\"wp-block-gallery has-nested-images columns-default is-cropped wp-block-gallery-2 is-layout-flex wp-block-gallery-is-layout-flex\">\n<figure class=\"wp-block-image size-large\"><img loading=\"lazy\" decoding=\"async\" width=\"932\" height=\"1024\" data-id=\"1196\" src=\"https:\/\/fredt.eu\/notes\/wp-content\/uploads\/2025\/03\/moule-corps-piliers-3.jpg\" alt=\"\" class=\"wp-image-1196\" srcset=\"https:\/\/fredt.eu\/notes\/wp-content\/uploads\/2025\/03\/moule-corps-piliers-3.jpg 932w, https:\/\/fredt.eu\/notes\/wp-content\/uploads\/2025\/03\/moule-corps-piliers-3-273x300.jpg 273w, https:\/\/fredt.eu\/notes\/wp-content\/uploads\/2025\/03\/moule-corps-piliers-3-768x844.jpg 768w, https:\/\/fredt.eu\/notes\/wp-content\/uploads\/2025\/03\/moule-corps-piliers-3-55x60.jpg 55w\" sizes=\"auto, (max-width: 932px) 100vw, 932px\" \/><\/figure>\n\n\n\n<figure class=\"wp-block-image size-large\"><img loading=\"lazy\" decoding=\"async\" width=\"708\" height=\"1024\" data-id=\"1197\" src=\"https:\/\/fredt.eu\/notes\/wp-content\/uploads\/2025\/03\/moule-en-quatre-partie.jpg\" alt=\"\" class=\"wp-image-1197\" srcset=\"https:\/\/fredt.eu\/notes\/wp-content\/uploads\/2025\/03\/moule-en-quatre-partie.jpg 708w, https:\/\/fredt.eu\/notes\/wp-content\/uploads\/2025\/03\/moule-en-quatre-partie-207x300.jpg 207w, https:\/\/fredt.eu\/notes\/wp-content\/uploads\/2025\/03\/moule-en-quatre-partie-41x60.jpg 41w\" sizes=\"auto, (max-width: 708px) 100vw, 708px\" \/><\/figure>\n\n\n\n<figure class=\"wp-block-image size-large\"><img loading=\"lazy\" decoding=\"async\" width=\"1024\" height=\"1023\" data-id=\"1198\" src=\"https:\/\/fredt.eu\/notes\/wp-content\/uploads\/2025\/03\/moule-pilier-materiaux.jpg\" alt=\"\" class=\"wp-image-1198\" srcset=\"https:\/\/fredt.eu\/notes\/wp-content\/uploads\/2025\/03\/moule-pilier-materiaux.jpg 1024w, https:\/\/fredt.eu\/notes\/wp-content\/uploads\/2025\/03\/moule-pilier-materiaux-300x300.jpg 300w, https:\/\/fredt.eu\/notes\/wp-content\/uploads\/2025\/03\/moule-pilier-materiaux-150x150.jpg 150w, https:\/\/fredt.eu\/notes\/wp-content\/uploads\/2025\/03\/moule-pilier-materiaux-768x767.jpg 768w, https:\/\/fredt.eu\/notes\/wp-content\/uploads\/2025\/03\/moule-pilier-materiaux-60x60.jpg 60w\" sizes=\"auto, (max-width: 1024px) 100vw, 1024px\" \/><\/figure>\n<\/figure>\n\n\n\n<p>J&rsquo;ai donc fabriqu\u00e9 mes propres moules. En commen\u00e7ant par un sch\u00e9ma 3D des piliers, j\u2019ai con\u00e7u un moule en quatre parties. Pour le mat\u00e9riau principal, j\u2019ai choisi des tablettes en m\u00e9lamin\u00e9 qui donne un aspect lisse et qui permettent de r\u00e9utiliser les moules. J&rsquo;en ai r\u00e9alis\u00e9 deux, car le projet pr\u00e9voyait initialement 18 piliers.Pour obtenir de belles moulures, j&rsquo;ai utilis\u00e9 des profils en quart de rond et demi-rond.<\/p>\n\n\n\n<figure class=\"wp-block-image size-full\"><img loading=\"lazy\" decoding=\"async\" width=\"1024\" height=\"1024\" src=\"https:\/\/fredt.eu\/notes\/wp-content\/uploads\/2008\/12\/coffrage-preparation-piliers.jpg\" alt=\"\" class=\"wp-image-1208\" srcset=\"https:\/\/fredt.eu\/notes\/wp-content\/uploads\/2008\/12\/coffrage-preparation-piliers.jpg 1024w, https:\/\/fredt.eu\/notes\/wp-content\/uploads\/2008\/12\/coffrage-preparation-piliers-300x300.jpg 300w, https:\/\/fredt.eu\/notes\/wp-content\/uploads\/2008\/12\/coffrage-preparation-piliers-150x150.jpg 150w, https:\/\/fredt.eu\/notes\/wp-content\/uploads\/2008\/12\/coffrage-preparation-piliers-768x768.jpg 768w, https:\/\/fredt.eu\/notes\/wp-content\/uploads\/2008\/12\/coffrage-preparation-piliers-60x60.jpg 60w\" sizes=\"auto, (max-width: 1024px) 100vw, 1024px\" \/><\/figure>\n\n\n\n<p> Les piliers ont \u00e9t\u00e9 moul\u00e9s sur place, assurant ainsi une solidit\u00e9 optimale, bien plus fiable que des piliers simplement coll\u00e9s.<\/p>\n\n\n\n<figure class=\"wp-block-gallery has-nested-images columns-default is-cropped wp-block-gallery-3 is-layout-flex wp-block-gallery-is-layout-flex\">\n<figure class=\"wp-block-image size-large\"><img loading=\"lazy\" decoding=\"async\" width=\"1024\" height=\"1024\" data-id=\"1201\" src=\"https:\/\/fredt.eu\/notes\/wp-content\/uploads\/2025\/03\/moule-mise-en-place.jpg\" alt=\"\" class=\"wp-image-1201\" srcset=\"https:\/\/fredt.eu\/notes\/wp-content\/uploads\/2025\/03\/moule-mise-en-place.jpg 1024w, https:\/\/fredt.eu\/notes\/wp-content\/uploads\/2025\/03\/moule-mise-en-place-300x300.jpg 300w, https:\/\/fredt.eu\/notes\/wp-content\/uploads\/2025\/03\/moule-mise-en-place-150x150.jpg 150w, https:\/\/fredt.eu\/notes\/wp-content\/uploads\/2025\/03\/moule-mise-en-place-768x768.jpg 768w, https:\/\/fredt.eu\/notes\/wp-content\/uploads\/2025\/03\/moule-mise-en-place-60x60.jpg 60w\" sizes=\"auto, (max-width: 1024px) 100vw, 1024px\" \/><\/figure>\n\n\n\n<figure class=\"wp-block-image size-large\"><img loading=\"lazy\" decoding=\"async\" width=\"1024\" height=\"1024\" data-id=\"1199\" src=\"https:\/\/fredt.eu\/notes\/wp-content\/uploads\/2025\/03\/coffrage-pilier-3-1.jpg\" alt=\"\" class=\"wp-image-1199\" srcset=\"https:\/\/fredt.eu\/notes\/wp-content\/uploads\/2025\/03\/coffrage-pilier-3-1.jpg 1024w, https:\/\/fredt.eu\/notes\/wp-content\/uploads\/2025\/03\/coffrage-pilier-3-1-300x300.jpg 300w, https:\/\/fredt.eu\/notes\/wp-content\/uploads\/2025\/03\/coffrage-pilier-3-1-150x150.jpg 150w, https:\/\/fredt.eu\/notes\/wp-content\/uploads\/2025\/03\/coffrage-pilier-3-1-768x768.jpg 768w, https:\/\/fredt.eu\/notes\/wp-content\/uploads\/2025\/03\/coffrage-pilier-3-1-60x60.jpg 60w\" sizes=\"auto, (max-width: 1024px) 100vw, 1024px\" \/><\/figure>\n\n\n\n<figure class=\"wp-block-image size-large\"><img loading=\"lazy\" decoding=\"async\" width=\"1024\" height=\"1024\" data-id=\"1200\" src=\"https:\/\/fredt.eu\/notes\/wp-content\/uploads\/2025\/03\/coffrage-pilier-5.jpg\" alt=\"\" class=\"wp-image-1200\" srcset=\"https:\/\/fredt.eu\/notes\/wp-content\/uploads\/2025\/03\/coffrage-pilier-5.jpg 1024w, https:\/\/fredt.eu\/notes\/wp-content\/uploads\/2025\/03\/coffrage-pilier-5-300x300.jpg 300w, https:\/\/fredt.eu\/notes\/wp-content\/uploads\/2025\/03\/coffrage-pilier-5-150x150.jpg 150w, https:\/\/fredt.eu\/notes\/wp-content\/uploads\/2025\/03\/coffrage-pilier-5-768x768.jpg 768w, https:\/\/fredt.eu\/notes\/wp-content\/uploads\/2025\/03\/coffrage-pilier-5-60x60.jpg 60w\" sizes=\"auto, (max-width: 1024px) 100vw, 1024px\" \/><\/figure>\n<\/figure>\n\n\n\n<p>Le cha\u00eenage a \u00e9t\u00e9 pr\u00e9par\u00e9 pour recevoir la base des moules \u00e0 piliers, et les fers torsad\u00e9s ont \u00e9t\u00e9 int\u00e9gr\u00e9s dans le cha\u00eenage pour renforcer l&rsquo;ensemble. Un tube en carton a \u00e9t\u00e9 plac\u00e9 au centre de chaque pilier pour \u00e9ventuellement faire passer des fils \u00e9lectriques plus tard et ajouter de la lumi\u00e8re.<\/p>\n\n\n\n<figure class=\"wp-block-image size-full\"><img loading=\"lazy\" decoding=\"async\" width=\"1024\" height=\"576\" src=\"https:\/\/fredt.eu\/notes\/wp-content\/uploads\/2025\/03\/pillier-coffrage.jpg\" alt=\"\" class=\"wp-image-1192\" srcset=\"https:\/\/fredt.eu\/notes\/wp-content\/uploads\/2025\/03\/pillier-coffrage.jpg 1024w, https:\/\/fredt.eu\/notes\/wp-content\/uploads\/2025\/03\/pillier-coffrage-300x169.jpg 300w, https:\/\/fredt.eu\/notes\/wp-content\/uploads\/2025\/03\/pillier-coffrage-768x432.jpg 768w, https:\/\/fredt.eu\/notes\/wp-content\/uploads\/2025\/03\/pillier-coffrage-60x34.jpg 60w\" sizes=\"auto, (max-width: 1024px) 100vw, 1024px\" \/><\/figure>\n\n\n\n<figure class=\"wp-block-image size-full\"><img loading=\"lazy\" decoding=\"async\" width=\"1024\" height=\"576\" src=\"https:\/\/fredt.eu\/notes\/wp-content\/uploads\/2025\/03\/pillier-termine.jpg\" alt=\"\" class=\"wp-image-1193\" srcset=\"https:\/\/fredt.eu\/notes\/wp-content\/uploads\/2025\/03\/pillier-termine.jpg 1024w, https:\/\/fredt.eu\/notes\/wp-content\/uploads\/2025\/03\/pillier-termine-300x169.jpg 300w, https:\/\/fredt.eu\/notes\/wp-content\/uploads\/2025\/03\/pillier-termine-768x432.jpg 768w, https:\/\/fredt.eu\/notes\/wp-content\/uploads\/2025\/03\/pillier-termine-60x34.jpg 60w\" sizes=\"auto, (max-width: 1024px) 100vw, 1024px\" \/><\/figure>\n\n\n\n<figure class=\"wp-block-gallery has-nested-images columns-default is-cropped wp-block-gallery-4 is-layout-flex wp-block-gallery-is-layout-flex\">\n<figure class=\"wp-block-image size-large\"><img loading=\"lazy\" decoding=\"async\" width=\"1024\" height=\"1024\" data-id=\"1202\" src=\"https:\/\/fredt.eu\/notes\/wp-content\/uploads\/2025\/03\/coffrage-pilier-2.jpg\" alt=\"\" class=\"wp-image-1202\" srcset=\"https:\/\/fredt.eu\/notes\/wp-content\/uploads\/2025\/03\/coffrage-pilier-2.jpg 1024w, https:\/\/fredt.eu\/notes\/wp-content\/uploads\/2025\/03\/coffrage-pilier-2-300x300.jpg 300w, https:\/\/fredt.eu\/notes\/wp-content\/uploads\/2025\/03\/coffrage-pilier-2-150x150.jpg 150w, https:\/\/fredt.eu\/notes\/wp-content\/uploads\/2025\/03\/coffrage-pilier-2-768x768.jpg 768w, https:\/\/fredt.eu\/notes\/wp-content\/uploads\/2025\/03\/coffrage-pilier-2-60x60.jpg 60w\" sizes=\"auto, (max-width: 1024px) 100vw, 1024px\" \/><\/figure>\n\n\n\n<figure class=\"wp-block-image size-large\"><img loading=\"lazy\" decoding=\"async\" width=\"1024\" height=\"1024\" data-id=\"1203\" src=\"https:\/\/fredt.eu\/notes\/wp-content\/uploads\/2025\/03\/coffrage-pilier-2-et-aide.jpg\" alt=\"\" class=\"wp-image-1203\" srcset=\"https:\/\/fredt.eu\/notes\/wp-content\/uploads\/2025\/03\/coffrage-pilier-2-et-aide.jpg 1024w, https:\/\/fredt.eu\/notes\/wp-content\/uploads\/2025\/03\/coffrage-pilier-2-et-aide-300x300.jpg 300w, https:\/\/fredt.eu\/notes\/wp-content\/uploads\/2025\/03\/coffrage-pilier-2-et-aide-150x150.jpg 150w, https:\/\/fredt.eu\/notes\/wp-content\/uploads\/2025\/03\/coffrage-pilier-2-et-aide-768x768.jpg 768w, https:\/\/fredt.eu\/notes\/wp-content\/uploads\/2025\/03\/coffrage-pilier-2-et-aide-60x60.jpg 60w\" sizes=\"auto, (max-width: 1024px) 100vw, 1024px\" \/><\/figure>\n<\/figure>\n\n\n\n<p>En attendant, j&rsquo;ai d\u00e9cid\u00e9 d&rsquo;ajouter des chapeaux de piliers. L\u00e0 encore, aucun mod\u00e8le ne me convenait. Les options disponibles \u00e9taient soit des chapeaux plats, soit des pointes de diamant beaucoup trop prononc\u00e9es. J&rsquo;ai donc fabriqu\u00e9 un moule pour cr\u00e9er des chapeaux avec l&rsquo;angle exact que je d\u00e9sirais.<\/p>\n\n\n\n<figure class=\"wp-block-gallery has-nested-images columns-default is-cropped wp-block-gallery-5 is-layout-flex wp-block-gallery-is-layout-flex\">\n<figure class=\"wp-block-image size-large\"><img loading=\"lazy\" decoding=\"async\" width=\"889\" height=\"1024\" data-id=\"1206\" src=\"https:\/\/fredt.eu\/notes\/wp-content\/uploads\/2025\/03\/chapeau-pilier-moule.jpg\" alt=\"\" class=\"wp-image-1206\" srcset=\"https:\/\/fredt.eu\/notes\/wp-content\/uploads\/2025\/03\/chapeau-pilier-moule.jpg 889w, https:\/\/fredt.eu\/notes\/wp-content\/uploads\/2025\/03\/chapeau-pilier-moule-260x300.jpg 260w, https:\/\/fredt.eu\/notes\/wp-content\/uploads\/2025\/03\/chapeau-pilier-moule-768x885.jpg 768w, https:\/\/fredt.eu\/notes\/wp-content\/uploads\/2025\/03\/chapeau-pilier-moule-52x60.jpg 52w\" sizes=\"auto, (max-width: 889px) 100vw, 889px\" \/><\/figure>\n\n\n\n<figure class=\"wp-block-image size-large\"><img loading=\"lazy\" decoding=\"async\" width=\"1022\" height=\"768\" data-id=\"1204\" src=\"https:\/\/fredt.eu\/notes\/wp-content\/uploads\/2025\/03\/chapeau.jpg\" alt=\"\" class=\"wp-image-1204\" srcset=\"https:\/\/fredt.eu\/notes\/wp-content\/uploads\/2025\/03\/chapeau.jpg 1022w, https:\/\/fredt.eu\/notes\/wp-content\/uploads\/2025\/03\/chapeau-300x225.jpg 300w, https:\/\/fredt.eu\/notes\/wp-content\/uploads\/2025\/03\/chapeau-768x577.jpg 768w, https:\/\/fredt.eu\/notes\/wp-content\/uploads\/2025\/03\/chapeau-60x45.jpg 60w\" sizes=\"auto, (max-width: 1022px) 100vw, 1022px\" \/><\/figure>\n\n\n\n<figure class=\"wp-block-image size-large\"><img loading=\"lazy\" decoding=\"async\" width=\"1022\" height=\"768\" data-id=\"1205\" src=\"https:\/\/fredt.eu\/notes\/wp-content\/uploads\/2025\/03\/chapeau-en-place.jpg\" alt=\"\" class=\"wp-image-1205\" srcset=\"https:\/\/fredt.eu\/notes\/wp-content\/uploads\/2025\/03\/chapeau-en-place.jpg 1022w, https:\/\/fredt.eu\/notes\/wp-content\/uploads\/2025\/03\/chapeau-en-place-300x225.jpg 300w, https:\/\/fredt.eu\/notes\/wp-content\/uploads\/2025\/03\/chapeau-en-place-768x577.jpg 768w, https:\/\/fredt.eu\/notes\/wp-content\/uploads\/2025\/03\/chapeau-en-place-60x45.jpg 60w\" sizes=\"auto, (max-width: 1022px) 100vw, 1022px\" \/><\/figure>\n<\/figure>\n","protected":false},"excerpt":{"rendered":"<p>Les mod\u00e8les de moules propos\u00e9s pour les piliers ne m&rsquo;inspiraient ni sur le plan esth\u00e9tique, ni en termes de co\u00fbt. Je souhaitais donner aux piliers une apparence volumineuse et harmonieuse, avec une forme en trois parties : plus mince au niveau du corps des balustres, et plus \u00e9paisse au niveau de la lice basse et [&hellip;]<\/p>\n","protected":false},"author":1,"featured_media":1195,"comment_status":"open","ping_status":"open","sticky":false,"template":"","format":"standard","meta":{"slim_seo":{"title":"Piliers de balustrade sur mesure - FredT Notes","description":"Les mod\u00e8les de moules propos\u00e9s pour les piliers ne m'inspiraient ni sur le plan esth\u00e9tique, ni en termes de co\u00fbt. Je souhaitais donner aux piliers une apparence"},"footnotes":""},"categories":[129,8],"tags":[139,163,165],"class_list":["post-1191","post","type-post","status-publish","format-standard","has-post-thumbnail","hentry","category-conception","category-creation","tag-balustrade","tag-moules-faits-maison","tag-realisation-de-piliers"],"_links":{"self":[{"href":"https:\/\/fredt.eu\/notes\/wp-json\/wp\/v2\/posts\/1191","targetHints":{"allow":["GET"]}}],"collection":[{"href":"https:\/\/fredt.eu\/notes\/wp-json\/wp\/v2\/posts"}],"about":[{"href":"https:\/\/fredt.eu\/notes\/wp-json\/wp\/v2\/types\/post"}],"author":[{"embeddable":true,"href":"https:\/\/fredt.eu\/notes\/wp-json\/wp\/v2\/users\/1"}],"replies":[{"embeddable":true,"href":"https:\/\/fredt.eu\/notes\/wp-json\/wp\/v2\/comments?post=1191"}],"version-history":[{"count":5,"href":"https:\/\/fredt.eu\/notes\/wp-json\/wp\/v2\/posts\/1191\/revisions"}],"predecessor-version":[{"id":1274,"href":"https:\/\/fredt.eu\/notes\/wp-json\/wp\/v2\/posts\/1191\/revisions\/1274"}],"wp:featuredmedia":[{"embeddable":true,"href":"https:\/\/fredt.eu\/notes\/wp-json\/wp\/v2\/media\/1195"}],"wp:attachment":[{"href":"https:\/\/fredt.eu\/notes\/wp-json\/wp\/v2\/media?parent=1191"}],"wp:term":[{"taxonomy":"category","embeddable":true,"href":"https:\/\/fredt.eu\/notes\/wp-json\/wp\/v2\/categories?post=1191"},{"taxonomy":"post_tag","embeddable":true,"href":"https:\/\/fredt.eu\/notes\/wp-json\/wp\/v2\/tags?post=1191"}],"curies":[{"name":"wp","href":"https:\/\/api.w.org\/{rel}","templated":true}]}}