{"id":1145,"date":"2003-08-23T12:11:00","date_gmt":"2003-08-23T10:11:00","guid":{"rendered":"https:\/\/fredt.eu\/notes\/?p=1145"},"modified":"2025-07-15T20:12:09","modified_gmt":"2025-07-15T18:12:09","slug":"bapteme-de-lair-dans-les-monts-du-lyonnais","status":"publish","type":"post","link":"https:\/\/fredt.eu\/notes\/idees-de-sortie\/bapteme-de-lair-dans-les-monts-du-lyonnais\/","title":{"rendered":"Bapt\u00eame de l&rsquo;air dans les monts du Lyonnais"},"content":{"rendered":"\n<p>Volez \u00e0 bord d\u2019un petit avion pour un bapt\u00eame de l&rsquo;air. Comptez sur un budget d&rsquo;environ 150\u20ac.<br>Des a\u00e9roports et a\u00e9roclubs se trouvent partout en France.<br>Survolez votre domicile, votre ville, et fa\u00eetes de superbes prises de vues.<br>Ici, le sud de Lyon et les Monts du Lyonnais, depuis l&rsquo;a\u00e9roport de Brindas.<\/p>\n\n\n\n<figure class=\"wp-block-image size-full\"><img loading=\"lazy\" decoding=\"async\" width=\"1024\" height=\"1024\" src=\"https:\/\/fredt.eu\/notes\/wp-content\/uploads\/2025\/03\/pret-a-decoller-1.jpg\" alt=\"\" class=\"wp-image-1148\" srcset=\"https:\/\/fredt.eu\/notes\/wp-content\/uploads\/2025\/03\/pret-a-decoller-1.jpg 1024w, https:\/\/fredt.eu\/notes\/wp-content\/uploads\/2025\/03\/pret-a-decoller-1-300x300.jpg 300w, https:\/\/fredt.eu\/notes\/wp-content\/uploads\/2025\/03\/pret-a-decoller-1-150x150.jpg 150w, https:\/\/fredt.eu\/notes\/wp-content\/uploads\/2025\/03\/pret-a-decoller-1-768x768.jpg 768w, https:\/\/fredt.eu\/notes\/wp-content\/uploads\/2025\/03\/pret-a-decoller-1-60x60.jpg 60w\" sizes=\"auto, (max-width: 1024px) 100vw, 1024px\" \/><\/figure>\n\n\n\n<figure class=\"wp-block-image size-full\"><img loading=\"lazy\" decoding=\"async\" width=\"1024\" height=\"680\" src=\"https:\/\/fredt.eu\/notes\/wp-content\/uploads\/2025\/03\/lyon-au-sud.jpg\" alt=\"\" class=\"wp-image-1159\" srcset=\"https:\/\/fredt.eu\/notes\/wp-content\/uploads\/2025\/03\/lyon-au-sud.jpg 1024w, https:\/\/fredt.eu\/notes\/wp-content\/uploads\/2025\/03\/lyon-au-sud-300x199.jpg 300w, https:\/\/fredt.eu\/notes\/wp-content\/uploads\/2025\/03\/lyon-au-sud-768x510.jpg 768w, https:\/\/fredt.eu\/notes\/wp-content\/uploads\/2025\/03\/lyon-au-sud-60x40.jpg 60w\" sizes=\"auto, (max-width: 1024px) 100vw, 1024px\" \/><\/figure>\n\n\n\n<figure class=\"wp-block-gallery has-nested-images columns-default is-cropped wp-block-gallery-1 is-layout-flex wp-block-gallery-is-layout-flex\">\n<figure class=\"wp-block-image size-large\"><img loading=\"lazy\" decoding=\"async\" width=\"350\" height=\"350\" data-id=\"1149\" src=\"https:\/\/fredt.eu\/notes\/wp-content\/uploads\/2025\/03\/decollage.jpg\" alt=\"\" class=\"wp-image-1149\" srcset=\"https:\/\/fredt.eu\/notes\/wp-content\/uploads\/2025\/03\/decollage.jpg 350w, https:\/\/fredt.eu\/notes\/wp-content\/uploads\/2025\/03\/decollage-300x300.jpg 300w, https:\/\/fredt.eu\/notes\/wp-content\/uploads\/2025\/03\/decollage-150x150.jpg 150w, https:\/\/fredt.eu\/notes\/wp-content\/uploads\/2025\/03\/decollage-60x60.jpg 60w\" sizes=\"auto, (max-width: 350px) 100vw, 350px\" \/><\/figure>\n\n\n\n<figure class=\"wp-block-image size-large\"><img loading=\"lazy\" decoding=\"async\" width=\"1024\" height=\"1024\" data-id=\"1150\" src=\"https:\/\/fredt.eu\/notes\/wp-content\/uploads\/2025\/03\/decollage-imminent.jpg\" alt=\"\" class=\"wp-image-1150\" srcset=\"https:\/\/fredt.eu\/notes\/wp-content\/uploads\/2025\/03\/decollage-imminent.jpg 1024w, https:\/\/fredt.eu\/notes\/wp-content\/uploads\/2025\/03\/decollage-imminent-300x300.jpg 300w, https:\/\/fredt.eu\/notes\/wp-content\/uploads\/2025\/03\/decollage-imminent-150x150.jpg 150w, https:\/\/fredt.eu\/notes\/wp-content\/uploads\/2025\/03\/decollage-imminent-768x768.jpg 768w, https:\/\/fredt.eu\/notes\/wp-content\/uploads\/2025\/03\/decollage-imminent-60x60.jpg 60w\" sizes=\"auto, (max-width: 1024px) 100vw, 1024px\" \/><\/figure>\n\n\n\n<figure class=\"wp-block-image size-large\"><img loading=\"lazy\" decoding=\"async\" width=\"1024\" height=\"680\" data-id=\"1151\" src=\"https:\/\/fredt.eu\/notes\/wp-content\/uploads\/2025\/03\/en-piste.jpg\" alt=\"\" class=\"wp-image-1151\" srcset=\"https:\/\/fredt.eu\/notes\/wp-content\/uploads\/2025\/03\/en-piste.jpg 1024w, https:\/\/fredt.eu\/notes\/wp-content\/uploads\/2025\/03\/en-piste-300x199.jpg 300w, https:\/\/fredt.eu\/notes\/wp-content\/uploads\/2025\/03\/en-piste-768x510.jpg 768w, https:\/\/fredt.eu\/notes\/wp-content\/uploads\/2025\/03\/en-piste-60x40.jpg 60w\" sizes=\"auto, (max-width: 1024px) 100vw, 1024px\" \/><\/figure>\n<\/figure>\n\n\n\n<figure class=\"wp-block-image size-full\"><img loading=\"lazy\" decoding=\"async\" width=\"1024\" height=\"680\" src=\"https:\/\/fredt.eu\/notes\/wp-content\/uploads\/2025\/03\/monts-du-lyonnais-yzeron-en-approche.jpg\" alt=\"\" class=\"wp-image-1160\" srcset=\"https:\/\/fredt.eu\/notes\/wp-content\/uploads\/2025\/03\/monts-du-lyonnais-yzeron-en-approche.jpg 1024w, https:\/\/fredt.eu\/notes\/wp-content\/uploads\/2025\/03\/monts-du-lyonnais-yzeron-en-approche-300x199.jpg 300w, https:\/\/fredt.eu\/notes\/wp-content\/uploads\/2025\/03\/monts-du-lyonnais-yzeron-en-approche-768x510.jpg 768w, https:\/\/fredt.eu\/notes\/wp-content\/uploads\/2025\/03\/monts-du-lyonnais-yzeron-en-approche-60x40.jpg 60w\" sizes=\"auto, (max-width: 1024px) 100vw, 1024px\" \/><\/figure>\n\n\n\n<figure class=\"wp-block-gallery has-nested-images columns-default is-cropped wp-block-gallery-2 is-layout-flex wp-block-gallery-is-layout-flex\">\n<figure class=\"wp-block-image size-large\"><img loading=\"lazy\" decoding=\"async\" width=\"1024\" height=\"1024\" data-id=\"1153\" src=\"https:\/\/fredt.eu\/notes\/wp-content\/uploads\/2025\/03\/2003-yzeron-du-ciel.jpg\" alt=\"\" class=\"wp-image-1153\" srcset=\"https:\/\/fredt.eu\/notes\/wp-content\/uploads\/2025\/03\/2003-yzeron-du-ciel.jpg 1024w, https:\/\/fredt.eu\/notes\/wp-content\/uploads\/2025\/03\/2003-yzeron-du-ciel-300x300.jpg 300w, https:\/\/fredt.eu\/notes\/wp-content\/uploads\/2025\/03\/2003-yzeron-du-ciel-150x150.jpg 150w, https:\/\/fredt.eu\/notes\/wp-content\/uploads\/2025\/03\/2003-yzeron-du-ciel-768x768.jpg 768w, https:\/\/fredt.eu\/notes\/wp-content\/uploads\/2025\/03\/2003-yzeron-du-ciel-60x60.jpg 60w\" sizes=\"auto, (max-width: 1024px) 100vw, 1024px\" \/><\/figure>\n\n\n\n<figure class=\"wp-block-image size-large\"><img loading=\"lazy\" decoding=\"async\" width=\"1024\" height=\"1024\" data-id=\"1154\" src=\"https:\/\/fredt.eu\/notes\/wp-content\/uploads\/2025\/03\/2003-yzeron-du-ciel-plan-d-eau-ronzey.jpg\" alt=\"\" class=\"wp-image-1154\" srcset=\"https:\/\/fredt.eu\/notes\/wp-content\/uploads\/2025\/03\/2003-yzeron-du-ciel-plan-d-eau-ronzey.jpg 1024w, https:\/\/fredt.eu\/notes\/wp-content\/uploads\/2025\/03\/2003-yzeron-du-ciel-plan-d-eau-ronzey-300x300.jpg 300w, https:\/\/fredt.eu\/notes\/wp-content\/uploads\/2025\/03\/2003-yzeron-du-ciel-plan-d-eau-ronzey-150x150.jpg 150w, https:\/\/fredt.eu\/notes\/wp-content\/uploads\/2025\/03\/2003-yzeron-du-ciel-plan-d-eau-ronzey-768x768.jpg 768w, https:\/\/fredt.eu\/notes\/wp-content\/uploads\/2025\/03\/2003-yzeron-du-ciel-plan-d-eau-ronzey-60x60.jpg 60w\" sizes=\"auto, (max-width: 1024px) 100vw, 1024px\" \/><\/figure>\n\n\n\n<figure class=\"wp-block-image size-large\"><img loading=\"lazy\" decoding=\"async\" width=\"1024\" height=\"1024\" data-id=\"1155\" src=\"https:\/\/fredt.eu\/notes\/wp-content\/uploads\/2025\/03\/2003-yzeron-du-ciel-plan-d-eau-ronzey-2.jpg\" alt=\"\" class=\"wp-image-1155\" srcset=\"https:\/\/fredt.eu\/notes\/wp-content\/uploads\/2025\/03\/2003-yzeron-du-ciel-plan-d-eau-ronzey-2.jpg 1024w, https:\/\/fredt.eu\/notes\/wp-content\/uploads\/2025\/03\/2003-yzeron-du-ciel-plan-d-eau-ronzey-2-300x300.jpg 300w, https:\/\/fredt.eu\/notes\/wp-content\/uploads\/2025\/03\/2003-yzeron-du-ciel-plan-d-eau-ronzey-2-150x150.jpg 150w, https:\/\/fredt.eu\/notes\/wp-content\/uploads\/2025\/03\/2003-yzeron-du-ciel-plan-d-eau-ronzey-2-768x768.jpg 768w, https:\/\/fredt.eu\/notes\/wp-content\/uploads\/2025\/03\/2003-yzeron-du-ciel-plan-d-eau-ronzey-2-60x60.jpg 60w\" sizes=\"auto, (max-width: 1024px) 100vw, 1024px\" \/><\/figure>\n<\/figure>\n\n\n\n<figure class=\"wp-block-gallery has-nested-images columns-default is-cropped wp-block-gallery-3 is-layout-flex wp-block-gallery-is-layout-flex\">\n<figure class=\"wp-block-image size-large\"><img loading=\"lazy\" decoding=\"async\" width=\"1024\" height=\"1024\" data-id=\"1156\" src=\"https:\/\/fredt.eu\/notes\/wp-content\/uploads\/2025\/03\/aerodrome-vue-d-en-haut.jpg\" alt=\"\" class=\"wp-image-1156\" srcset=\"https:\/\/fredt.eu\/notes\/wp-content\/uploads\/2025\/03\/aerodrome-vue-d-en-haut.jpg 1024w, https:\/\/fredt.eu\/notes\/wp-content\/uploads\/2025\/03\/aerodrome-vue-d-en-haut-300x300.jpg 300w, https:\/\/fredt.eu\/notes\/wp-content\/uploads\/2025\/03\/aerodrome-vue-d-en-haut-150x150.jpg 150w, https:\/\/fredt.eu\/notes\/wp-content\/uploads\/2025\/03\/aerodrome-vue-d-en-haut-768x768.jpg 768w, https:\/\/fredt.eu\/notes\/wp-content\/uploads\/2025\/03\/aerodrome-vue-d-en-haut-60x60.jpg 60w\" sizes=\"auto, (max-width: 1024px) 100vw, 1024px\" \/><\/figure>\n\n\n\n<figure class=\"wp-block-image size-large\"><img loading=\"lazy\" decoding=\"async\" width=\"923\" height=\"923\" data-id=\"1157\" src=\"https:\/\/fredt.eu\/notes\/wp-content\/uploads\/2025\/03\/aeroport-de-brindas.jpg\" alt=\"\" class=\"wp-image-1157\" srcset=\"https:\/\/fredt.eu\/notes\/wp-content\/uploads\/2025\/03\/aeroport-de-brindas.jpg 923w, https:\/\/fredt.eu\/notes\/wp-content\/uploads\/2025\/03\/aeroport-de-brindas-300x300.jpg 300w, https:\/\/fredt.eu\/notes\/wp-content\/uploads\/2025\/03\/aeroport-de-brindas-150x150.jpg 150w, https:\/\/fredt.eu\/notes\/wp-content\/uploads\/2025\/03\/aeroport-de-brindas-768x768.jpg 768w, https:\/\/fredt.eu\/notes\/wp-content\/uploads\/2025\/03\/aeroport-de-brindas-60x60.jpg 60w\" sizes=\"auto, (max-width: 923px) 100vw, 923px\" \/><\/figure>\n\n\n\n<figure class=\"wp-block-image size-large\"><img loading=\"lazy\" decoding=\"async\" width=\"1024\" height=\"1024\" data-id=\"1158\" src=\"https:\/\/fredt.eu\/notes\/wp-content\/uploads\/2025\/03\/confluence-en-2024.jpg\" alt=\"\" class=\"wp-image-1158\" srcset=\"https:\/\/fredt.eu\/notes\/wp-content\/uploads\/2025\/03\/confluence-en-2024.jpg 1024w, https:\/\/fredt.eu\/notes\/wp-content\/uploads\/2025\/03\/confluence-en-2024-300x300.jpg 300w, https:\/\/fredt.eu\/notes\/wp-content\/uploads\/2025\/03\/confluence-en-2024-150x150.jpg 150w, https:\/\/fredt.eu\/notes\/wp-content\/uploads\/2025\/03\/confluence-en-2024-768x768.jpg 768w, https:\/\/fredt.eu\/notes\/wp-content\/uploads\/2025\/03\/confluence-en-2024-60x60.jpg 60w\" sizes=\"auto, (max-width: 1024px) 100vw, 1024px\" \/><\/figure>\n<\/figure>\n","protected":false},"excerpt":{"rendered":"<p>Volez \u00e0 bord d\u2019un petit avion pour un bapt\u00eame de l&rsquo;air. Comptez sur un budget d&rsquo;environ 150\u20ac.Des a\u00e9roports et a\u00e9roclubs se trouvent partout en France.Survolez votre domicile, votre ville, et fa\u00eetes de superbes prises de vues.Ici, le sud de Lyon et les Monts du Lyonnais, depuis l&rsquo;a\u00e9roport de Brindas.<\/p>\n","protected":false},"author":1,"featured_media":1147,"comment_status":"open","ping_status":"open","sticky":false,"template":"","format":"standard","meta":{"slim_seo":{"title":"Bapt\u00eame de l'air dans les monts du Lyonnais - FredT Notes","description":"Volez \u00e0 bord d\u2019un petit avion pour un bapt\u00eame de l'air. Comptez sur un budget d'environ 150\u20ac. Des a\u00e9roports et a\u00e9roclubs se trouvent partout en France. Survolez"},"footnotes":""},"categories":[7],"tags":[],"class_list":["post-1145","post","type-post","status-publish","format-standard","has-post-thumbnail","hentry","category-idees-de-sortie"],"_links":{"self":[{"href":"https:\/\/fredt.eu\/notes\/wp-json\/wp\/v2\/posts\/1145","targetHints":{"allow":["GET"]}}],"collection":[{"href":"https:\/\/fredt.eu\/notes\/wp-json\/wp\/v2\/posts"}],"about":[{"href":"https:\/\/fredt.eu\/notes\/wp-json\/wp\/v2\/types\/post"}],"author":[{"embeddable":true,"href":"https:\/\/fredt.eu\/notes\/wp-json\/wp\/v2\/users\/1"}],"replies":[{"embeddable":true,"href":"https:\/\/fredt.eu\/notes\/wp-json\/wp\/v2\/comments?post=1145"}],"version-history":[{"count":4,"href":"https:\/\/fredt.eu\/notes\/wp-json\/wp\/v2\/posts\/1145\/revisions"}],"predecessor-version":[{"id":1163,"href":"https:\/\/fredt.eu\/notes\/wp-json\/wp\/v2\/posts\/1145\/revisions\/1163"}],"wp:featuredmedia":[{"embeddable":true,"href":"https:\/\/fredt.eu\/notes\/wp-json\/wp\/v2\/media\/1147"}],"wp:attachment":[{"href":"https:\/\/fredt.eu\/notes\/wp-json\/wp\/v2\/media?parent=1145"}],"wp:term":[{"taxonomy":"category","embeddable":true,"href":"https:\/\/fredt.eu\/notes\/wp-json\/wp\/v2\/categories?post=1145"},{"taxonomy":"post_tag","embeddable":true,"href":"https:\/\/fredt.eu\/notes\/wp-json\/wp\/v2\/tags?post=1145"}],"curies":[{"name":"wp","href":"https:\/\/api.w.org\/{rel}","templated":true}]}}