{"id":1010,"date":"2017-06-18T18:39:00","date_gmt":"2017-06-18T16:39:00","guid":{"rendered":"https:\/\/fredt.eu\/notes\/?p=1010"},"modified":"2025-06-12T06:15:15","modified_gmt":"2025-06-12T04:15:15","slug":"premiere-peche-de-nuit-en-saone-pour-pierre-et-lea","status":"publish","type":"post","link":"https:\/\/fredt.eu\/notes\/peche\/premiere-peche-de-nuit-en-saone-pour-pierre-et-lea\/","title":{"rendered":"Premi\u00e8re p\u00eache de nuit en Sa\u00f4ne pour Pierre et L\u00e9a"},"content":{"rendered":"\n<p>Une session 24 heures pr\u00e9vue, mais avec la glaci\u00e8re bien charg\u00e9e et possibilit\u00e9 de 48 heures&#8230;<br>Sortie de l&rsquo;\u00e9cole le vendredi soir, mais quelle fiert\u00e9 devant les copains quand papa nous a r\u00e9cup\u00e9r\u00e9 \u00e0 la sortie du coll\u00e8ge, avec la barque attel\u00e9e au Kangoo, le coffre plein \u00e0 craquer.. <\/p>\n\n\n\n<figure class=\"wp-block-image size-full\"><img loading=\"lazy\" decoding=\"async\" width=\"1024\" height=\"576\" src=\"https:\/\/fredt.eu\/notes\/wp-content\/uploads\/2017\/06\/trevoux.jpg\" alt=\"\" class=\"wp-image-1068\" srcset=\"https:\/\/fredt.eu\/notes\/wp-content\/uploads\/2017\/06\/trevoux.jpg 1024w, https:\/\/fredt.eu\/notes\/wp-content\/uploads\/2017\/06\/trevoux-300x169.jpg 300w, https:\/\/fredt.eu\/notes\/wp-content\/uploads\/2017\/06\/trevoux-768x432.jpg 768w, https:\/\/fredt.eu\/notes\/wp-content\/uploads\/2017\/06\/trevoux-60x34.jpg 60w\" sizes=\"auto, (max-width: 1024px) 100vw, 1024px\" \/><\/figure>\n\n\n\n<figure class=\"wp-block-image size-full\"><img loading=\"lazy\" decoding=\"async\" width=\"1024\" height=\"578\" src=\"https:\/\/fredt.eu\/notes\/wp-content\/uploads\/2025\/03\/camping-8.jpg\" alt=\"\" class=\"wp-image-1054\" srcset=\"https:\/\/fredt.eu\/notes\/wp-content\/uploads\/2025\/03\/camping-8.jpg 1024w, https:\/\/fredt.eu\/notes\/wp-content\/uploads\/2025\/03\/camping-8-300x169.jpg 300w, https:\/\/fredt.eu\/notes\/wp-content\/uploads\/2025\/03\/camping-8-768x434.jpg 768w, https:\/\/fredt.eu\/notes\/wp-content\/uploads\/2025\/03\/camping-8-60x34.jpg 60w\" sizes=\"auto, (max-width: 1024px) 100vw, 1024px\" \/><\/figure>\n\n\n\n<p>Les enfants ont seulement trois session 24h p\u00eache de nuit dans l&rsquo;\u00e9tang du tonton. On esp\u00e8re tous p\u00eacher d&rsquo;\u00e9normes poissons la nuit, dans la barque, de grosses carpes et surtout des silures.<\/p>\n\n\n\n<p> La p\u00eache de nuit, c&rsquo;est aussi du camping sauvage. Trop bien&#8230; on installe notre campement.<\/p>\n\n\n\n<figure class=\"wp-block-gallery has-nested-images columns-default is-cropped wp-block-gallery-1 is-layout-flex wp-block-gallery-is-layout-flex\">\n<figure class=\"wp-block-image size-full\"><img loading=\"lazy\" decoding=\"async\" width=\"1024\" height=\"1024\" data-id=\"1059\" src=\"https:\/\/fredt.eu\/notes\/wp-content\/uploads\/2025\/03\/camping-bagages-dans-dependance-du-campement.jpg\" alt=\"\" class=\"wp-image-1059\" srcset=\"https:\/\/fredt.eu\/notes\/wp-content\/uploads\/2025\/03\/camping-bagages-dans-dependance-du-campement.jpg 1024w, https:\/\/fredt.eu\/notes\/wp-content\/uploads\/2025\/03\/camping-bagages-dans-dependance-du-campement-300x300.jpg 300w, https:\/\/fredt.eu\/notes\/wp-content\/uploads\/2025\/03\/camping-bagages-dans-dependance-du-campement-150x150.jpg 150w, https:\/\/fredt.eu\/notes\/wp-content\/uploads\/2025\/03\/camping-bagages-dans-dependance-du-campement-768x768.jpg 768w, https:\/\/fredt.eu\/notes\/wp-content\/uploads\/2025\/03\/camping-bagages-dans-dependance-du-campement-60x60.jpg 60w\" sizes=\"auto, (max-width: 1024px) 100vw, 1024px\" \/><\/figure>\n\n\n\n<figure class=\"wp-block-image size-large\"><img loading=\"lazy\" decoding=\"async\" width=\"1024\" height=\"768\" data-id=\"1056\" src=\"https:\/\/fredt.eu\/notes\/wp-content\/uploads\/2025\/03\/camping-5.jpg\" alt=\"\" class=\"wp-image-1056\" srcset=\"https:\/\/fredt.eu\/notes\/wp-content\/uploads\/2025\/03\/camping-5.jpg 1024w, https:\/\/fredt.eu\/notes\/wp-content\/uploads\/2025\/03\/camping-5-300x225.jpg 300w, https:\/\/fredt.eu\/notes\/wp-content\/uploads\/2025\/03\/camping-5-768x576.jpg 768w, https:\/\/fredt.eu\/notes\/wp-content\/uploads\/2025\/03\/camping-5-60x45.jpg 60w\" sizes=\"auto, (max-width: 1024px) 100vw, 1024px\" \/><\/figure>\n\n\n\n<figure class=\"wp-block-image size-full\"><img loading=\"lazy\" decoding=\"async\" width=\"1024\" height=\"768\" data-id=\"1058\" src=\"https:\/\/fredt.eu\/notes\/wp-content\/uploads\/2025\/03\/camping-3.jpg\" alt=\"\" class=\"wp-image-1058\" srcset=\"https:\/\/fredt.eu\/notes\/wp-content\/uploads\/2025\/03\/camping-3.jpg 1024w, https:\/\/fredt.eu\/notes\/wp-content\/uploads\/2025\/03\/camping-3-300x225.jpg 300w, https:\/\/fredt.eu\/notes\/wp-content\/uploads\/2025\/03\/camping-3-768x576.jpg 768w, https:\/\/fredt.eu\/notes\/wp-content\/uploads\/2025\/03\/camping-3-60x45.jpg 60w\" sizes=\"auto, (max-width: 1024px) 100vw, 1024px\" \/><\/figure>\n<\/figure>\n\n\n\n<p>On part amorcer et d\u00e9poser les ligne avec la barque. <\/p>\n\n\n\n<figure class=\"wp-block-gallery has-nested-images columns-default is-cropped wp-block-gallery-2 is-layout-flex wp-block-gallery-is-layout-flex\">\n<figure class=\"wp-block-image size-large\"><img loading=\"lazy\" decoding=\"async\" width=\"1024\" height=\"1024\" data-id=\"1060\" src=\"https:\/\/fredt.eu\/notes\/wp-content\/uploads\/2025\/03\/amorcage-pierre-et-papa-1.jpg\" alt=\"\" class=\"wp-image-1060\" srcset=\"https:\/\/fredt.eu\/notes\/wp-content\/uploads\/2025\/03\/amorcage-pierre-et-papa-1.jpg 1024w, https:\/\/fredt.eu\/notes\/wp-content\/uploads\/2025\/03\/amorcage-pierre-et-papa-1-300x300.jpg 300w, https:\/\/fredt.eu\/notes\/wp-content\/uploads\/2025\/03\/amorcage-pierre-et-papa-1-150x150.jpg 150w, https:\/\/fredt.eu\/notes\/wp-content\/uploads\/2025\/03\/amorcage-pierre-et-papa-1-768x768.jpg 768w, https:\/\/fredt.eu\/notes\/wp-content\/uploads\/2025\/03\/amorcage-pierre-et-papa-1-60x60.jpg 60w\" sizes=\"auto, (max-width: 1024px) 100vw, 1024px\" \/><\/figure>\n\n\n\n<figure class=\"wp-block-image size-large\"><img loading=\"lazy\" decoding=\"async\" width=\"1024\" height=\"1024\" data-id=\"1061\" src=\"https:\/\/fredt.eu\/notes\/wp-content\/uploads\/2025\/03\/barque-avec-pierre.jpg\" alt=\"\" class=\"wp-image-1061\" srcset=\"https:\/\/fredt.eu\/notes\/wp-content\/uploads\/2025\/03\/barque-avec-pierre.jpg 1024w, https:\/\/fredt.eu\/notes\/wp-content\/uploads\/2025\/03\/barque-avec-pierre-300x300.jpg 300w, https:\/\/fredt.eu\/notes\/wp-content\/uploads\/2025\/03\/barque-avec-pierre-150x150.jpg 150w, https:\/\/fredt.eu\/notes\/wp-content\/uploads\/2025\/03\/barque-avec-pierre-768x768.jpg 768w, https:\/\/fredt.eu\/notes\/wp-content\/uploads\/2025\/03\/barque-avec-pierre-60x60.jpg 60w\" sizes=\"auto, (max-width: 1024px) 100vw, 1024px\" \/><\/figure>\n<\/figure>\n\n\n\n<figure class=\"wp-block-image size-full\"><img loading=\"lazy\" decoding=\"async\" width=\"1024\" height=\"578\" src=\"https:\/\/fredt.eu\/notes\/wp-content\/uploads\/2017\/06\/carpe-commune.jpg\" alt=\"\" class=\"wp-image-1073\" srcset=\"https:\/\/fredt.eu\/notes\/wp-content\/uploads\/2017\/06\/carpe-commune.jpg 1024w, https:\/\/fredt.eu\/notes\/wp-content\/uploads\/2017\/06\/carpe-commune-300x169.jpg 300w, https:\/\/fredt.eu\/notes\/wp-content\/uploads\/2017\/06\/carpe-commune-768x434.jpg 768w, https:\/\/fredt.eu\/notes\/wp-content\/uploads\/2017\/06\/carpe-commune-60x34.jpg 60w\" sizes=\"auto, (max-width: 1024px) 100vw, 1024px\" \/><\/figure>\n\n\n\n<p>Apr\u00e8s le coucher du soleil, premier poisson. Mais apr\u00e8s une semaine d&rsquo;\u00e9cole et peu de sommeil en compagnie de leur maman les enfants, voudront dormir. Ils sortent juste la t\u00eate de la tente lors du d\u00e9part des poissons de la premi\u00e8re nuit.<\/p>\n\n\n\n<figure class=\"wp-block-gallery has-nested-images columns-default is-cropped wp-block-gallery-3 is-layout-flex wp-block-gallery-is-layout-flex\">\n<figure class=\"wp-block-image size-large\"><img loading=\"lazy\" decoding=\"async\" width=\"1024\" height=\"1024\" data-id=\"1070\" src=\"https:\/\/fredt.eu\/notes\/wp-content\/uploads\/2017\/06\/anniversaire-a-la-peche-pierre-et-papa.jpg\" alt=\"\" class=\"wp-image-1070\" srcset=\"https:\/\/fredt.eu\/notes\/wp-content\/uploads\/2017\/06\/anniversaire-a-la-peche-pierre-et-papa.jpg 1024w, https:\/\/fredt.eu\/notes\/wp-content\/uploads\/2017\/06\/anniversaire-a-la-peche-pierre-et-papa-300x300.jpg 300w, https:\/\/fredt.eu\/notes\/wp-content\/uploads\/2017\/06\/anniversaire-a-la-peche-pierre-et-papa-150x150.jpg 150w, https:\/\/fredt.eu\/notes\/wp-content\/uploads\/2017\/06\/anniversaire-a-la-peche-pierre-et-papa-768x768.jpg 768w, https:\/\/fredt.eu\/notes\/wp-content\/uploads\/2017\/06\/anniversaire-a-la-peche-pierre-et-papa-60x60.jpg 60w\" sizes=\"auto, (max-width: 1024px) 100vw, 1024px\" \/><\/figure>\n\n\n\n<figure class=\"wp-block-image size-large\"><img loading=\"lazy\" decoding=\"async\" width=\"1024\" height=\"1024\" data-id=\"1071\" src=\"https:\/\/fredt.eu\/notes\/wp-content\/uploads\/2017\/06\/barbecue-samedi.jpg\" alt=\"\" class=\"wp-image-1071\" srcset=\"https:\/\/fredt.eu\/notes\/wp-content\/uploads\/2017\/06\/barbecue-samedi.jpg 1024w, https:\/\/fredt.eu\/notes\/wp-content\/uploads\/2017\/06\/barbecue-samedi-300x300.jpg 300w, https:\/\/fredt.eu\/notes\/wp-content\/uploads\/2017\/06\/barbecue-samedi-150x150.jpg 150w, https:\/\/fredt.eu\/notes\/wp-content\/uploads\/2017\/06\/barbecue-samedi-768x768.jpg 768w, https:\/\/fredt.eu\/notes\/wp-content\/uploads\/2017\/06\/barbecue-samedi-60x60.jpg 60w\" sizes=\"auto, (max-width: 1024px) 100vw, 1024px\" \/><\/figure>\n\n\n\n<figure class=\"wp-block-image size-large\"><img loading=\"lazy\" decoding=\"async\" width=\"1024\" height=\"1024\" data-id=\"1072\" src=\"https:\/\/fredt.eu\/notes\/wp-content\/uploads\/2017\/06\/depose-appat-longue-distance-en-barque.jpg\" alt=\"\" class=\"wp-image-1072\" srcset=\"https:\/\/fredt.eu\/notes\/wp-content\/uploads\/2017\/06\/depose-appat-longue-distance-en-barque.jpg 1024w, https:\/\/fredt.eu\/notes\/wp-content\/uploads\/2017\/06\/depose-appat-longue-distance-en-barque-300x300.jpg 300w, https:\/\/fredt.eu\/notes\/wp-content\/uploads\/2017\/06\/depose-appat-longue-distance-en-barque-150x150.jpg 150w, https:\/\/fredt.eu\/notes\/wp-content\/uploads\/2017\/06\/depose-appat-longue-distance-en-barque-768x768.jpg 768w, https:\/\/fredt.eu\/notes\/wp-content\/uploads\/2017\/06\/depose-appat-longue-distance-en-barque-60x60.jpg 60w\" sizes=\"auto, (max-width: 1024px) 100vw, 1024px\" \/><\/figure>\n<\/figure>\n\n\n\n<p>Au programme, f\u00eater les anniversaires de Pierrot et papa, 12 ans de Pierre et 40 ans de papa.  Un anniversaire pas comme les autres. Papy et mamie rejoindrons le samedi \u00e0 midi pour un barbecue , s\u00e9ance photo avec les poissons, tour de barque pour tout le monde.<\/p>\n\n\n\n<figure class=\"wp-block-image size-full\"><img loading=\"lazy\" decoding=\"async\" width=\"1024\" height=\"768\" src=\"https:\/\/fredt.eu\/notes\/wp-content\/uploads\/2017\/06\/peche-de-nuit-48h-anniversaire-camping-beaux-poissons.jpg\" alt=\"\" class=\"wp-image-1069\" srcset=\"https:\/\/fredt.eu\/notes\/wp-content\/uploads\/2017\/06\/peche-de-nuit-48h-anniversaire-camping-beaux-poissons.jpg 1024w, https:\/\/fredt.eu\/notes\/wp-content\/uploads\/2017\/06\/peche-de-nuit-48h-anniversaire-camping-beaux-poissons-300x225.jpg 300w, https:\/\/fredt.eu\/notes\/wp-content\/uploads\/2017\/06\/peche-de-nuit-48h-anniversaire-camping-beaux-poissons-768x576.jpg 768w, https:\/\/fredt.eu\/notes\/wp-content\/uploads\/2017\/06\/peche-de-nuit-48h-anniversaire-camping-beaux-poissons-60x45.jpg 60w\" sizes=\"auto, (max-width: 1024px) 100vw, 1024px\" \/><\/figure>\n\n\n\n<p>Pendant la journ\u00e9e, presque aucun bip des d\u00e9tecteurs. On souffle les bougies d&rsquo;anniversaire. Papy et Mamie font leur bapt\u00eame de barque avec papa , Pierre et L\u00e9a.<\/p>\n\n\n\n<figure class=\"wp-block-image size-full\"><img loading=\"lazy\" decoding=\"async\" width=\"1024\" height=\"576\" src=\"https:\/\/fredt.eu\/notes\/wp-content\/uploads\/2017\/06\/carpe-avec-papy-et-mamie.jpg\" alt=\"\" class=\"wp-image-1074\" srcset=\"https:\/\/fredt.eu\/notes\/wp-content\/uploads\/2017\/06\/carpe-avec-papy-et-mamie.jpg 1024w, https:\/\/fredt.eu\/notes\/wp-content\/uploads\/2017\/06\/carpe-avec-papy-et-mamie-300x169.jpg 300w, https:\/\/fredt.eu\/notes\/wp-content\/uploads\/2017\/06\/carpe-avec-papy-et-mamie-768x432.jpg 768w, https:\/\/fredt.eu\/notes\/wp-content\/uploads\/2017\/06\/carpe-avec-papy-et-mamie-60x34.jpg 60w\" sizes=\"auto, (max-width: 1024px) 100vw, 1024px\" \/><\/figure>\n\n\n\n<figure class=\"wp-block-gallery has-nested-images columns-default is-cropped wp-block-gallery-4 is-layout-flex wp-block-gallery-is-layout-flex\">\n<figure class=\"wp-block-image size-large\"><img loading=\"lazy\" decoding=\"async\" width=\"1024\" height=\"1024\" data-id=\"1075\" src=\"https:\/\/fredt.eu\/notes\/wp-content\/uploads\/2017\/06\/promenade-balade-barque-2.jpg\" alt=\"\" class=\"wp-image-1075\" srcset=\"https:\/\/fredt.eu\/notes\/wp-content\/uploads\/2017\/06\/promenade-balade-barque-2.jpg 1024w, https:\/\/fredt.eu\/notes\/wp-content\/uploads\/2017\/06\/promenade-balade-barque-2-300x300.jpg 300w, https:\/\/fredt.eu\/notes\/wp-content\/uploads\/2017\/06\/promenade-balade-barque-2-150x150.jpg 150w, https:\/\/fredt.eu\/notes\/wp-content\/uploads\/2017\/06\/promenade-balade-barque-2-768x768.jpg 768w, https:\/\/fredt.eu\/notes\/wp-content\/uploads\/2017\/06\/promenade-balade-barque-2-60x60.jpg 60w\" sizes=\"auto, (max-width: 1024px) 100vw, 1024px\" \/><\/figure>\n\n\n\n<figure class=\"wp-block-image size-large\"><img loading=\"lazy\" decoding=\"async\" width=\"1024\" height=\"578\" data-id=\"1077\" src=\"https:\/\/fredt.eu\/notes\/wp-content\/uploads\/2017\/06\/promenade-balade-barque-3.jpg\" alt=\"\" class=\"wp-image-1077\" srcset=\"https:\/\/fredt.eu\/notes\/wp-content\/uploads\/2017\/06\/promenade-balade-barque-3.jpg 1024w, https:\/\/fredt.eu\/notes\/wp-content\/uploads\/2017\/06\/promenade-balade-barque-3-300x169.jpg 300w, https:\/\/fredt.eu\/notes\/wp-content\/uploads\/2017\/06\/promenade-balade-barque-3-768x434.jpg 768w, https:\/\/fredt.eu\/notes\/wp-content\/uploads\/2017\/06\/promenade-balade-barque-3-60x34.jpg 60w\" sizes=\"auto, (max-width: 1024px) 100vw, 1024px\" \/><\/figure>\n\n\n\n<figure class=\"wp-block-image size-full\"><img loading=\"lazy\" decoding=\"async\" width=\"1024\" height=\"1024\" data-id=\"1078\" src=\"https:\/\/fredt.eu\/notes\/wp-content\/uploads\/2017\/06\/promenade-balade-barque-1.jpg\" alt=\"\" class=\"wp-image-1078\" srcset=\"https:\/\/fredt.eu\/notes\/wp-content\/uploads\/2017\/06\/promenade-balade-barque-1.jpg 1024w, https:\/\/fredt.eu\/notes\/wp-content\/uploads\/2017\/06\/promenade-balade-barque-1-300x300.jpg 300w, https:\/\/fredt.eu\/notes\/wp-content\/uploads\/2017\/06\/promenade-balade-barque-1-150x150.jpg 150w, https:\/\/fredt.eu\/notes\/wp-content\/uploads\/2017\/06\/promenade-balade-barque-1-768x768.jpg 768w, https:\/\/fredt.eu\/notes\/wp-content\/uploads\/2017\/06\/promenade-balade-barque-1-60x60.jpg 60w\" sizes=\"auto, (max-width: 1024px) 100vw, 1024px\" \/><\/figure>\n<\/figure>\n\n\n\n<p>Un d\u00e9part pas toujours facile&#8230; Esquiver les fils des cannes, enlever les algues qui se coincent dans l&rsquo;h\u00e9lice&#8230;<\/p>\n\n\n\n<figure class=\"wp-block-gallery has-nested-images columns-default is-cropped wp-block-gallery-5 is-layout-flex wp-block-gallery-is-layout-flex\">\n<figure class=\"wp-block-image size-large\"><img loading=\"lazy\" decoding=\"async\" width=\"1024\" height=\"578\" data-id=\"1079\" src=\"https:\/\/fredt.eu\/notes\/wp-content\/uploads\/2017\/06\/promenade-balade-barque-algues-coinces.jpg\" alt=\"\" class=\"wp-image-1079\" srcset=\"https:\/\/fredt.eu\/notes\/wp-content\/uploads\/2017\/06\/promenade-balade-barque-algues-coinces.jpg 1024w, https:\/\/fredt.eu\/notes\/wp-content\/uploads\/2017\/06\/promenade-balade-barque-algues-coinces-300x169.jpg 300w, https:\/\/fredt.eu\/notes\/wp-content\/uploads\/2017\/06\/promenade-balade-barque-algues-coinces-768x434.jpg 768w, https:\/\/fredt.eu\/notes\/wp-content\/uploads\/2017\/06\/promenade-balade-barque-algues-coinces-60x34.jpg 60w\" sizes=\"auto, (max-width: 1024px) 100vw, 1024px\" \/><\/figure>\n\n\n\n<figure class=\"wp-block-image size-large\"><img loading=\"lazy\" decoding=\"async\" width=\"1024\" height=\"768\" data-id=\"1080\" src=\"https:\/\/fredt.eu\/notes\/wp-content\/uploads\/2017\/06\/promenade-balade-barque-les-algues-coincent-dans-les-helice.jpg\" alt=\"\" class=\"wp-image-1080\" srcset=\"https:\/\/fredt.eu\/notes\/wp-content\/uploads\/2017\/06\/promenade-balade-barque-les-algues-coincent-dans-les-helice.jpg 1024w, https:\/\/fredt.eu\/notes\/wp-content\/uploads\/2017\/06\/promenade-balade-barque-les-algues-coincent-dans-les-helice-300x225.jpg 300w, https:\/\/fredt.eu\/notes\/wp-content\/uploads\/2017\/06\/promenade-balade-barque-les-algues-coincent-dans-les-helice-768x576.jpg 768w, https:\/\/fredt.eu\/notes\/wp-content\/uploads\/2017\/06\/promenade-balade-barque-les-algues-coincent-dans-les-helice-60x45.jpg 60w\" sizes=\"auto, (max-width: 1024px) 100vw, 1024px\" \/><\/figure>\n\n\n\n<figure class=\"wp-block-image size-large\"><img loading=\"lazy\" decoding=\"async\" width=\"1024\" height=\"768\" data-id=\"1081\" src=\"https:\/\/fredt.eu\/notes\/wp-content\/uploads\/2017\/06\/promenade-barque-en-avant-esquiver-les-fils.jpg\" alt=\"\" class=\"wp-image-1081\" srcset=\"https:\/\/fredt.eu\/notes\/wp-content\/uploads\/2017\/06\/promenade-barque-en-avant-esquiver-les-fils.jpg 1024w, https:\/\/fredt.eu\/notes\/wp-content\/uploads\/2017\/06\/promenade-barque-en-avant-esquiver-les-fils-300x225.jpg 300w, https:\/\/fredt.eu\/notes\/wp-content\/uploads\/2017\/06\/promenade-barque-en-avant-esquiver-les-fils-768x576.jpg 768w, https:\/\/fredt.eu\/notes\/wp-content\/uploads\/2017\/06\/promenade-barque-en-avant-esquiver-les-fils-60x45.jpg 60w\" sizes=\"auto, (max-width: 1024px) 100vw, 1024px\" \/><\/figure>\n<\/figure>\n\n\n\n<p>Le samedi soir, les enfants  voudront absolument rester une deuxi\u00e8me nuit. Et&#8230; il y a eu beaucoup de carpes communes. Ils ont accompagn\u00e9s dans la barque \u00e0 toute heure de la nuit, pour retendre les lignes. r\u00e9amorcer&#8230;<\/p>\n\n\n\n<figure class=\"wp-block-image size-full\"><img loading=\"lazy\" decoding=\"async\" width=\"1024\" height=\"1024\" src=\"https:\/\/fredt.eu\/notes\/wp-content\/uploads\/2017\/06\/carpe-commune-avec-lea-et-pierre.jpg\" alt=\"\" class=\"wp-image-1089\" srcset=\"https:\/\/fredt.eu\/notes\/wp-content\/uploads\/2017\/06\/carpe-commune-avec-lea-et-pierre.jpg 1024w, https:\/\/fredt.eu\/notes\/wp-content\/uploads\/2017\/06\/carpe-commune-avec-lea-et-pierre-300x300.jpg 300w, https:\/\/fredt.eu\/notes\/wp-content\/uploads\/2017\/06\/carpe-commune-avec-lea-et-pierre-150x150.jpg 150w, https:\/\/fredt.eu\/notes\/wp-content\/uploads\/2017\/06\/carpe-commune-avec-lea-et-pierre-768x768.jpg 768w, https:\/\/fredt.eu\/notes\/wp-content\/uploads\/2017\/06\/carpe-commune-avec-lea-et-pierre-60x60.jpg 60w\" sizes=\"auto, (max-width: 1024px) 100vw, 1024px\" \/><\/figure>\n\n\n\n<figure class=\"wp-block-gallery has-nested-images columns-default is-cropped wp-block-gallery-6 is-layout-flex wp-block-gallery-is-layout-flex\">\n<figure class=\"wp-block-image size-large\"><img loading=\"lazy\" decoding=\"async\" width=\"1024\" height=\"1024\" data-id=\"1083\" src=\"https:\/\/fredt.eu\/notes\/wp-content\/uploads\/2017\/06\/carpe-commune-avec-lea-2.jpg\" alt=\"\" class=\"wp-image-1083\" srcset=\"https:\/\/fredt.eu\/notes\/wp-content\/uploads\/2017\/06\/carpe-commune-avec-lea-2.jpg 1024w, https:\/\/fredt.eu\/notes\/wp-content\/uploads\/2017\/06\/carpe-commune-avec-lea-2-300x300.jpg 300w, https:\/\/fredt.eu\/notes\/wp-content\/uploads\/2017\/06\/carpe-commune-avec-lea-2-150x150.jpg 150w, https:\/\/fredt.eu\/notes\/wp-content\/uploads\/2017\/06\/carpe-commune-avec-lea-2-768x768.jpg 768w, https:\/\/fredt.eu\/notes\/wp-content\/uploads\/2017\/06\/carpe-commune-avec-lea-2-60x60.jpg 60w\" sizes=\"auto, (max-width: 1024px) 100vw, 1024px\" \/><\/figure>\n\n\n\n<figure class=\"wp-block-image size-large\"><img loading=\"lazy\" decoding=\"async\" width=\"1024\" height=\"1024\" data-id=\"1084\" src=\"https:\/\/fredt.eu\/notes\/wp-content\/uploads\/2017\/06\/carpe-de-premiere-nuit.jpg\" alt=\"\" class=\"wp-image-1084\" srcset=\"https:\/\/fredt.eu\/notes\/wp-content\/uploads\/2017\/06\/carpe-de-premiere-nuit.jpg 1024w, https:\/\/fredt.eu\/notes\/wp-content\/uploads\/2017\/06\/carpe-de-premiere-nuit-300x300.jpg 300w, https:\/\/fredt.eu\/notes\/wp-content\/uploads\/2017\/06\/carpe-de-premiere-nuit-150x150.jpg 150w, https:\/\/fredt.eu\/notes\/wp-content\/uploads\/2017\/06\/carpe-de-premiere-nuit-768x768.jpg 768w, https:\/\/fredt.eu\/notes\/wp-content\/uploads\/2017\/06\/carpe-de-premiere-nuit-60x60.jpg 60w\" sizes=\"auto, (max-width: 1024px) 100vw, 1024px\" \/><\/figure>\n\n\n\n<figure class=\"wp-block-image size-large\"><img loading=\"lazy\" decoding=\"async\" width=\"1024\" height=\"1024\" data-id=\"1085\" src=\"https:\/\/fredt.eu\/notes\/wp-content\/uploads\/2017\/06\/carpe-du-17-23h45-2.jpg\" alt=\"\" class=\"wp-image-1085\" srcset=\"https:\/\/fredt.eu\/notes\/wp-content\/uploads\/2017\/06\/carpe-du-17-23h45-2.jpg 1024w, https:\/\/fredt.eu\/notes\/wp-content\/uploads\/2017\/06\/carpe-du-17-23h45-2-300x300.jpg 300w, https:\/\/fredt.eu\/notes\/wp-content\/uploads\/2017\/06\/carpe-du-17-23h45-2-150x150.jpg 150w, https:\/\/fredt.eu\/notes\/wp-content\/uploads\/2017\/06\/carpe-du-17-23h45-2-768x768.jpg 768w, https:\/\/fredt.eu\/notes\/wp-content\/uploads\/2017\/06\/carpe-du-17-23h45-2-60x60.jpg 60w\" sizes=\"auto, (max-width: 1024px) 100vw, 1024px\" \/><\/figure>\n<\/figure>\n\n\n\n<figure class=\"wp-block-gallery has-nested-images columns-default is-cropped wp-block-gallery-7 is-layout-flex wp-block-gallery-is-layout-flex\">\n<figure class=\"wp-block-image size-large\"><img loading=\"lazy\" decoding=\"async\" width=\"491\" height=\"491\" data-id=\"1088\" src=\"https:\/\/fredt.eu\/notes\/wp-content\/uploads\/2017\/06\/carpe-commune-avec-pierre-2.jpg\" alt=\"\" class=\"wp-image-1088\" srcset=\"https:\/\/fredt.eu\/notes\/wp-content\/uploads\/2017\/06\/carpe-commune-avec-pierre-2.jpg 491w, https:\/\/fredt.eu\/notes\/wp-content\/uploads\/2017\/06\/carpe-commune-avec-pierre-2-300x300.jpg 300w, https:\/\/fredt.eu\/notes\/wp-content\/uploads\/2017\/06\/carpe-commune-avec-pierre-2-150x150.jpg 150w, https:\/\/fredt.eu\/notes\/wp-content\/uploads\/2017\/06\/carpe-commune-avec-pierre-2-60x60.jpg 60w\" sizes=\"auto, (max-width: 491px) 100vw, 491px\" \/><\/figure>\n\n\n\n<figure class=\"wp-block-image size-large\"><img loading=\"lazy\" decoding=\"async\" width=\"1024\" height=\"1024\" data-id=\"1086\" src=\"https:\/\/fredt.eu\/notes\/wp-content\/uploads\/2017\/06\/carpe-commune-avec-lea.jpg\" alt=\"\" class=\"wp-image-1086\" srcset=\"https:\/\/fredt.eu\/notes\/wp-content\/uploads\/2017\/06\/carpe-commune-avec-lea.jpg 1024w, https:\/\/fredt.eu\/notes\/wp-content\/uploads\/2017\/06\/carpe-commune-avec-lea-300x300.jpg 300w, https:\/\/fredt.eu\/notes\/wp-content\/uploads\/2017\/06\/carpe-commune-avec-lea-150x150.jpg 150w, https:\/\/fredt.eu\/notes\/wp-content\/uploads\/2017\/06\/carpe-commune-avec-lea-768x768.jpg 768w, https:\/\/fredt.eu\/notes\/wp-content\/uploads\/2017\/06\/carpe-commune-avec-lea-60x60.jpg 60w\" sizes=\"auto, (max-width: 1024px) 100vw, 1024px\" \/><\/figure>\n\n\n\n<figure class=\"wp-block-image size-large\"><img loading=\"lazy\" decoding=\"async\" width=\"1024\" height=\"1024\" data-id=\"1087\" src=\"https:\/\/fredt.eu\/notes\/wp-content\/uploads\/2017\/06\/carpe-de-premiere-nuit-3.jpg\" alt=\"\" class=\"wp-image-1087\" srcset=\"https:\/\/fredt.eu\/notes\/wp-content\/uploads\/2017\/06\/carpe-de-premiere-nuit-3.jpg 1024w, https:\/\/fredt.eu\/notes\/wp-content\/uploads\/2017\/06\/carpe-de-premiere-nuit-3-300x300.jpg 300w, https:\/\/fredt.eu\/notes\/wp-content\/uploads\/2017\/06\/carpe-de-premiere-nuit-3-150x150.jpg 150w, https:\/\/fredt.eu\/notes\/wp-content\/uploads\/2017\/06\/carpe-de-premiere-nuit-3-768x768.jpg 768w, https:\/\/fredt.eu\/notes\/wp-content\/uploads\/2017\/06\/carpe-de-premiere-nuit-3-60x60.jpg 60w\" sizes=\"auto, (max-width: 1024px) 100vw, 1024px\" \/><\/figure>\n<\/figure>\n\n\n\n<p>On encha\u00eene les carpes. mais toujours pas de silure.<\/p>\n\n\n\n<figure class=\"wp-block-gallery has-nested-images columns-default is-cropped wp-block-gallery-8 is-layout-flex wp-block-gallery-is-layout-flex\">\n<figure class=\"wp-block-image size-large\"><img loading=\"lazy\" decoding=\"async\" width=\"1024\" height=\"578\" data-id=\"1090\" src=\"https:\/\/fredt.eu\/notes\/wp-content\/uploads\/2017\/06\/carme-relachee-remise-a-l-eau.jpg\" alt=\"\" class=\"wp-image-1090\" srcset=\"https:\/\/fredt.eu\/notes\/wp-content\/uploads\/2017\/06\/carme-relachee-remise-a-l-eau.jpg 1024w, https:\/\/fredt.eu\/notes\/wp-content\/uploads\/2017\/06\/carme-relachee-remise-a-l-eau-300x169.jpg 300w, https:\/\/fredt.eu\/notes\/wp-content\/uploads\/2017\/06\/carme-relachee-remise-a-l-eau-768x434.jpg 768w, https:\/\/fredt.eu\/notes\/wp-content\/uploads\/2017\/06\/carme-relachee-remise-a-l-eau-60x34.jpg 60w\" sizes=\"auto, (max-width: 1024px) 100vw, 1024px\" \/><\/figure>\n\n\n\n<figure class=\"wp-block-image size-large\"><img loading=\"lazy\" decoding=\"async\" width=\"1024\" height=\"1024\" data-id=\"1091\" src=\"https:\/\/fredt.eu\/notes\/wp-content\/uploads\/2017\/06\/carpe-relachee-remise-a-l-eau-2.jpg\" alt=\"\" class=\"wp-image-1091\" srcset=\"https:\/\/fredt.eu\/notes\/wp-content\/uploads\/2017\/06\/carpe-relachee-remise-a-l-eau-2.jpg 1024w, https:\/\/fredt.eu\/notes\/wp-content\/uploads\/2017\/06\/carpe-relachee-remise-a-l-eau-2-300x300.jpg 300w, https:\/\/fredt.eu\/notes\/wp-content\/uploads\/2017\/06\/carpe-relachee-remise-a-l-eau-2-150x150.jpg 150w, https:\/\/fredt.eu\/notes\/wp-content\/uploads\/2017\/06\/carpe-relachee-remise-a-l-eau-2-768x768.jpg 768w, https:\/\/fredt.eu\/notes\/wp-content\/uploads\/2017\/06\/carpe-relachee-remise-a-l-eau-2-60x60.jpg 60w\" sizes=\"auto, (max-width: 1024px) 100vw, 1024px\" \/><\/figure>\n\n\n\n<figure class=\"wp-block-image size-large\"><img loading=\"lazy\" decoding=\"async\" width=\"1024\" height=\"1024\" data-id=\"1092\" src=\"https:\/\/fredt.eu\/notes\/wp-content\/uploads\/2017\/06\/carpe-relachee-remise-a-l-eau-3.jpg\" alt=\"\" class=\"wp-image-1092\" srcset=\"https:\/\/fredt.eu\/notes\/wp-content\/uploads\/2017\/06\/carpe-relachee-remise-a-l-eau-3.jpg 1024w, https:\/\/fredt.eu\/notes\/wp-content\/uploads\/2017\/06\/carpe-relachee-remise-a-l-eau-3-300x300.jpg 300w, https:\/\/fredt.eu\/notes\/wp-content\/uploads\/2017\/06\/carpe-relachee-remise-a-l-eau-3-150x150.jpg 150w, https:\/\/fredt.eu\/notes\/wp-content\/uploads\/2017\/06\/carpe-relachee-remise-a-l-eau-3-768x768.jpg 768w, https:\/\/fredt.eu\/notes\/wp-content\/uploads\/2017\/06\/carpe-relachee-remise-a-l-eau-3-60x60.jpg 60w\" sizes=\"auto, (max-width: 1024px) 100vw, 1024px\" \/><\/figure>\n<\/figure>\n\n\n\n<p>Apr\u00e8s une seconde nuit tr\u00e8s agit\u00e9e, une grasse matin\u00e9e sous la tente. On essai notre derni\u00e8re chance. On d\u00e9pose avec la barque un des seul vif valable que l&rsquo;on aura r\u00e9ussi \u00e0 prendre. Un gros gardon.<\/p>\n\n\n\n<figure class=\"wp-block-image size-full\"><img loading=\"lazy\" decoding=\"async\" width=\"1024\" height=\"576\" src=\"https:\/\/fredt.eu\/notes\/wp-content\/uploads\/2017\/06\/depose-en-barque-du-vif.jpg\" alt=\"\" class=\"wp-image-1093\" srcset=\"https:\/\/fredt.eu\/notes\/wp-content\/uploads\/2017\/06\/depose-en-barque-du-vif.jpg 1024w, https:\/\/fredt.eu\/notes\/wp-content\/uploads\/2017\/06\/depose-en-barque-du-vif-300x169.jpg 300w, https:\/\/fredt.eu\/notes\/wp-content\/uploads\/2017\/06\/depose-en-barque-du-vif-768x432.jpg 768w, https:\/\/fredt.eu\/notes\/wp-content\/uploads\/2017\/06\/depose-en-barque-du-vif-60x34.jpg 60w\" sizes=\"auto, (max-width: 1024px) 100vw, 1024px\" \/><\/figure>\n\n\n\n<p> Le mat\u00e9riel de camping et de p\u00eache est d\u00e9j\u00e0 presque enti\u00e8rement recharg\u00e9 dans la voiture. La barque est de nouveau attach\u00e9e sur sa remorque et il ne reste plus que la canne silure \u00e0 l&rsquo;eau.<\/p>\n\n\n\n<figure class=\"wp-block-embed is-type-video is-provider-youtube wp-block-embed-youtube wp-embed-aspect-16-9 wp-has-aspect-ratio\"><div class=\"wp-block-embed__wrapper\">\n<iframe loading=\"lazy\" title=\"18juin2017-pierre,L\u00e9a,papa\" width=\"500\" height=\"281\" src=\"https:\/\/www.youtube.com\/embed\/VQqdIjob-mE?feature=oembed\" frameborder=\"0\" allow=\"accelerometer; autoplay; clipboard-write; encrypted-media; gyroscope; picture-in-picture; web-share\" referrerpolicy=\"strict-origin-when-cross-origin\" allowfullscreen><\/iframe>\n<\/div><\/figure>\n\n\n\n<p>Pierre m&rsquo;appelle, il y a un poisson. Il a ferr\u00e9 et essai de garder la canne en main! Effectivement, on n&rsquo;y croyais plus. Quelque chose \u00e0 manger le vif. Je calme un peu le poisson au bout de la ligne. L\u00e9a termine le combat&#8230; tout est en vid\u00e9o<\/p>\n\n\n\n<figure class=\"wp-block-image size-full\"><img loading=\"lazy\" decoding=\"async\" width=\"1024\" height=\"768\" src=\"https:\/\/fredt.eu\/notes\/wp-content\/uploads\/2017\/06\/bouche-silure.jpg\" alt=\"\" class=\"wp-image-1066\" srcset=\"https:\/\/fredt.eu\/notes\/wp-content\/uploads\/2017\/06\/bouche-silure.jpg 1024w, https:\/\/fredt.eu\/notes\/wp-content\/uploads\/2017\/06\/bouche-silure-300x225.jpg 300w, https:\/\/fredt.eu\/notes\/wp-content\/uploads\/2017\/06\/bouche-silure-768x576.jpg 768w, https:\/\/fredt.eu\/notes\/wp-content\/uploads\/2017\/06\/bouche-silure-60x45.jpg 60w\" sizes=\"auto, (max-width: 1024px) 100vw, 1024px\" \/><\/figure>\n\n\n\n<p><br>Lien direct  dans la vid\u00e9o, <a href=\"https:\/\/youtu.be\/VQqdIjob-mE?t=207\">analyse stomacale du silure.<\/a> \ud83d\ude31<br><\/p>\n\n\n\n<figure class=\"wp-block-image size-full\"><img loading=\"lazy\" decoding=\"async\" width=\"1024\" height=\"347\" src=\"https:\/\/fredt.eu\/notes\/wp-content\/uploads\/2017\/06\/premier-silure-pierre-lea.jpg\" alt=\"\" class=\"wp-image-1063\" srcset=\"https:\/\/fredt.eu\/notes\/wp-content\/uploads\/2017\/06\/premier-silure-pierre-lea.jpg 1024w, https:\/\/fredt.eu\/notes\/wp-content\/uploads\/2017\/06\/premier-silure-pierre-lea-300x102.jpg 300w, https:\/\/fredt.eu\/notes\/wp-content\/uploads\/2017\/06\/premier-silure-pierre-lea-768x260.jpg 768w, https:\/\/fredt.eu\/notes\/wp-content\/uploads\/2017\/06\/premier-silure-pierre-lea-60x20.jpg 60w\" sizes=\"auto, (max-width: 1024px) 100vw, 1024px\" \/><\/figure>\n\n\n\n<p>Les enfants voulaient voir un vrai silure &#8230; Le monstre d&rsquo;eau douce.<br>On a gal\u00e9r\u00e9 hier et aujourd&rsquo;hui, mais on t&rsquo;a eu \ud83d\ude01\ud83d\ude01\ud83d\ude01 dis L\u00e9a.<\/p>\n\n\n\n<figure class=\"wp-block-gallery has-nested-images columns-default is-cropped wp-block-gallery-9 is-layout-flex wp-block-gallery-is-layout-flex\">\n<figure class=\"wp-block-image size-large\"><img loading=\"lazy\" decoding=\"async\" width=\"1024\" height=\"1024\" data-id=\"1064\" src=\"https:\/\/fredt.eu\/notes\/wp-content\/uploads\/2017\/06\/premier-silure-pierre-lea-2.jpg\" alt=\"\" class=\"wp-image-1064\" srcset=\"https:\/\/fredt.eu\/notes\/wp-content\/uploads\/2017\/06\/premier-silure-pierre-lea-2.jpg 1024w, https:\/\/fredt.eu\/notes\/wp-content\/uploads\/2017\/06\/premier-silure-pierre-lea-2-300x300.jpg 300w, https:\/\/fredt.eu\/notes\/wp-content\/uploads\/2017\/06\/premier-silure-pierre-lea-2-150x150.jpg 150w, https:\/\/fredt.eu\/notes\/wp-content\/uploads\/2017\/06\/premier-silure-pierre-lea-2-768x768.jpg 768w, https:\/\/fredt.eu\/notes\/wp-content\/uploads\/2017\/06\/premier-silure-pierre-lea-2-60x60.jpg 60w\" sizes=\"auto, (max-width: 1024px) 100vw, 1024px\" \/><\/figure>\n\n\n\n<figure class=\"wp-block-image size-large\"><img loading=\"lazy\" decoding=\"async\" width=\"938\" height=\"938\" data-id=\"1065\" src=\"https:\/\/fredt.eu\/notes\/wp-content\/uploads\/2017\/06\/premier-silure-pierre-lea-3.jpg\" alt=\"\" class=\"wp-image-1065\" srcset=\"https:\/\/fredt.eu\/notes\/wp-content\/uploads\/2017\/06\/premier-silure-pierre-lea-3.jpg 938w, https:\/\/fredt.eu\/notes\/wp-content\/uploads\/2017\/06\/premier-silure-pierre-lea-3-300x300.jpg 300w, https:\/\/fredt.eu\/notes\/wp-content\/uploads\/2017\/06\/premier-silure-pierre-lea-3-150x150.jpg 150w, https:\/\/fredt.eu\/notes\/wp-content\/uploads\/2017\/06\/premier-silure-pierre-lea-3-768x768.jpg 768w, https:\/\/fredt.eu\/notes\/wp-content\/uploads\/2017\/06\/premier-silure-pierre-lea-3-60x60.jpg 60w\" sizes=\"auto, (max-width: 938px) 100vw, 938px\" \/><\/figure>\n<\/figure>\n\n\n\n<p><br><\/p>\n","protected":false},"excerpt":{"rendered":"<p>Une session 24 heures pr\u00e9vue, mais avec la glaci\u00e8re bien charg\u00e9e et possibilit\u00e9 de 48 heures&#8230;Sortie de l&rsquo;\u00e9cole le vendredi soir, mais quelle fiert\u00e9 devant les copains quand papa nous a r\u00e9cup\u00e9r\u00e9 \u00e0 la sortie du coll\u00e8ge, avec la barque attel\u00e9e au Kangoo, le coffre plein \u00e0 craquer.. Les enfants ont seulement trois session 24h [&hellip;]<\/p>\n","protected":false},"author":1,"featured_media":1084,"comment_status":"open","ping_status":"open","sticky":false,"template":"","format":"standard","meta":{"slim_seo":{"title":"Premi\u00e8re p\u00eache de nuit en Sa\u00f4ne pour Pierre et L\u00e9a - FredT Notes","description":"Une session 24 heures pr\u00e9vue, mais avec la glaci\u00e8re bien charg\u00e9e et possibilit\u00e9 de 48 heures... Sortie de l'\u00e9cole le vendredi soir, mais quelle fiert\u00e9 devant le"},"footnotes":""},"categories":[4,69],"tags":[21,65,123,55,9,71,75,96,98,57,77],"class_list":["post-1010","post","type-post","status-publish","format-standard","has-post-thumbnail","hentry","category-peche","category-recit","tag-balade","tag-barque","tag-camping","tag-carpe","tag-enfant","tag-fleuve","tag-nuit","tag-promenade","tag-saone","tag-silure","tag-video"],"_links":{"self":[{"href":"https:\/\/fredt.eu\/notes\/wp-json\/wp\/v2\/posts\/1010","targetHints":{"allow":["GET"]}}],"collection":[{"href":"https:\/\/fredt.eu\/notes\/wp-json\/wp\/v2\/posts"}],"about":[{"href":"https:\/\/fredt.eu\/notes\/wp-json\/wp\/v2\/types\/post"}],"author":[{"embeddable":true,"href":"https:\/\/fredt.eu\/notes\/wp-json\/wp\/v2\/users\/1"}],"replies":[{"embeddable":true,"href":"https:\/\/fredt.eu\/notes\/wp-json\/wp\/v2\/comments?post=1010"}],"version-history":[{"count":8,"href":"https:\/\/fredt.eu\/notes\/wp-json\/wp\/v2\/posts\/1010\/revisions"}],"predecessor-version":[{"id":1094,"href":"https:\/\/fredt.eu\/notes\/wp-json\/wp\/v2\/posts\/1010\/revisions\/1094"}],"wp:featuredmedia":[{"embeddable":true,"href":"https:\/\/fredt.eu\/notes\/wp-json\/wp\/v2\/media\/1084"}],"wp:attachment":[{"href":"https:\/\/fredt.eu\/notes\/wp-json\/wp\/v2\/media?parent=1010"}],"wp:term":[{"taxonomy":"category","embeddable":true,"href":"https:\/\/fredt.eu\/notes\/wp-json\/wp\/v2\/categories?post=1010"},{"taxonomy":"post_tag","embeddable":true,"href":"https:\/\/fredt.eu\/notes\/wp-json\/wp\/v2\/tags?post=1010"}],"curies":[{"name":"wp","href":"https:\/\/api.w.org\/{rel}","templated":true}]}}