{"id":1000,"date":"2012-10-10T20:20:00","date_gmt":"2012-10-10T18:20:00","guid":{"rendered":"https:\/\/fredt.eu\/notes\/?p=1000"},"modified":"2025-07-15T19:40:24","modified_gmt":"2025-07-15T17:40:24","slug":"neuville-avec-le-fiston","status":"publish","type":"post","link":"https:\/\/fredt.eu\/notes\/peche\/neuville-avec-le-fiston\/","title":{"rendered":"Neuville avec le fiston"},"content":{"rendered":"\n<p>Lors d&rsquo;une belle journ\u00e9e ensoleill\u00e9e d&rsquo;octobre, nous avons d\u00e9cid\u00e9 de nous rendre \u00e0 Neuville pour une session de p\u00eache en fleuve, sur la Sa\u00f4ne. Nous avions pr\u00e9vu de p\u00eacher au feeder, en esp\u00e9rant attraper des br\u00e8mes, des barbeaux et de gros gardons.<\/p>\n\n\n\n<p>Mon fils, enthousiaste \u00e0 l&rsquo;id\u00e9e de m&rsquo;accompagner, \u00e9tait impatient de d\u00e9couvrir les joies de  la p\u00eache de poissons plus gros qu&rsquo;\u00e0 son habitude. Ce jour-l\u00e0, il a appris \u00e0 lancer avec un moulinet.<\/p>\n\n\n\n<figure class=\"wp-block-image size-full\"><img loading=\"lazy\" decoding=\"async\" width=\"800\" height=\"800\" src=\"https:\/\/fredt.eu\/notes\/wp-content\/uploads\/2025\/03\/apprentissage-du-lancer-1.jpg\" alt=\"\" class=\"wp-image-991\" srcset=\"https:\/\/fredt.eu\/notes\/wp-content\/uploads\/2025\/03\/apprentissage-du-lancer-1.jpg 800w, https:\/\/fredt.eu\/notes\/wp-content\/uploads\/2025\/03\/apprentissage-du-lancer-1-300x300.jpg 300w, https:\/\/fredt.eu\/notes\/wp-content\/uploads\/2025\/03\/apprentissage-du-lancer-1-150x150.jpg 150w, https:\/\/fredt.eu\/notes\/wp-content\/uploads\/2025\/03\/apprentissage-du-lancer-1-768x768.jpg 768w\" sizes=\"auto, (max-width: 800px) 100vw, 800px\" \/><\/figure>\n\n\n\n<figure class=\"wp-block-image size-full\"><img loading=\"lazy\" decoding=\"async\" width=\"1024\" height=\"576\" src=\"https:\/\/fredt.eu\/notes\/wp-content\/uploads\/2025\/03\/apprentissage-du-lancer-3.jpg\" alt=\"\" class=\"wp-image-993\" srcset=\"https:\/\/fredt.eu\/notes\/wp-content\/uploads\/2025\/03\/apprentissage-du-lancer-3.jpg 1024w, https:\/\/fredt.eu\/notes\/wp-content\/uploads\/2025\/03\/apprentissage-du-lancer-3-300x169.jpg 300w, https:\/\/fredt.eu\/notes\/wp-content\/uploads\/2025\/03\/apprentissage-du-lancer-3-768x432.jpg 768w\" sizes=\"auto, (max-width: 1024px) 100vw, 1024px\" \/><\/figure>\n\n\n\n<figure class=\"wp-block-image size-full\"><img loading=\"lazy\" decoding=\"async\" width=\"1024\" height=\"576\" src=\"https:\/\/fredt.eu\/notes\/wp-content\/uploads\/2025\/03\/apprentissage-du-lancer-2.jpg\" alt=\"\" class=\"wp-image-992\" srcset=\"https:\/\/fredt.eu\/notes\/wp-content\/uploads\/2025\/03\/apprentissage-du-lancer-2.jpg 1024w, https:\/\/fredt.eu\/notes\/wp-content\/uploads\/2025\/03\/apprentissage-du-lancer-2-300x169.jpg 300w, https:\/\/fredt.eu\/notes\/wp-content\/uploads\/2025\/03\/apprentissage-du-lancer-2-768x432.jpg 768w\" sizes=\"auto, (max-width: 1024px) 100vw, 1024px\" \/><\/figure>\n\n\n\n<p>Un petit lancer feeder tr\u00e8s souple qui  permettait de sentir chaque touche. Mon fils, observant attentivement, a rapidement pris le coup de main.<\/p>\n\n\n\n<figure class=\"wp-block-gallery has-nested-images columns-default is-cropped wp-block-gallery-1 is-layout-flex wp-block-gallery-is-layout-flex\">\n<figure class=\"wp-block-image size-full\"><img loading=\"lazy\" decoding=\"async\" width=\"800\" height=\"800\" data-id=\"990\" src=\"https:\/\/fredt.eu\/notes\/wp-content\/uploads\/2025\/03\/apprentissage-du-feeder-2.jpg\" alt=\"\" class=\"wp-image-990\" srcset=\"https:\/\/fredt.eu\/notes\/wp-content\/uploads\/2025\/03\/apprentissage-du-feeder-2.jpg 800w, https:\/\/fredt.eu\/notes\/wp-content\/uploads\/2025\/03\/apprentissage-du-feeder-2-300x300.jpg 300w, https:\/\/fredt.eu\/notes\/wp-content\/uploads\/2025\/03\/apprentissage-du-feeder-2-150x150.jpg 150w, https:\/\/fredt.eu\/notes\/wp-content\/uploads\/2025\/03\/apprentissage-du-feeder-2-768x768.jpg 768w\" sizes=\"auto, (max-width: 800px) 100vw, 800px\" \/><\/figure>\n\n\n\n<figure class=\"wp-block-image size-full\"><img loading=\"lazy\" decoding=\"async\" width=\"800\" height=\"800\" data-id=\"989\" src=\"https:\/\/fredt.eu\/notes\/wp-content\/uploads\/2025\/03\/apprentissage-du-feeder-1.jpg\" alt=\"\" class=\"wp-image-989\" srcset=\"https:\/\/fredt.eu\/notes\/wp-content\/uploads\/2025\/03\/apprentissage-du-feeder-1.jpg 800w, https:\/\/fredt.eu\/notes\/wp-content\/uploads\/2025\/03\/apprentissage-du-feeder-1-300x300.jpg 300w, https:\/\/fredt.eu\/notes\/wp-content\/uploads\/2025\/03\/apprentissage-du-feeder-1-150x150.jpg 150w, https:\/\/fredt.eu\/notes\/wp-content\/uploads\/2025\/03\/apprentissage-du-feeder-1-768x768.jpg 768w\" sizes=\"auto, (max-width: 800px) 100vw, 800px\" \/><\/figure>\n<\/figure>\n\n\n\n<figure class=\"wp-block-image size-full\"><img loading=\"lazy\" decoding=\"async\" width=\"800\" height=\"800\" src=\"https:\/\/fredt.eu\/notes\/wp-content\/uploads\/2025\/03\/bourrich-bremes-1.jpg\" alt=\"\" class=\"wp-image-984\" srcset=\"https:\/\/fredt.eu\/notes\/wp-content\/uploads\/2025\/03\/bourrich-bremes-1.jpg 800w, https:\/\/fredt.eu\/notes\/wp-content\/uploads\/2025\/03\/bourrich-bremes-1-300x300.jpg 300w, https:\/\/fredt.eu\/notes\/wp-content\/uploads\/2025\/03\/bourrich-bremes-1-150x150.jpg 150w, https:\/\/fredt.eu\/notes\/wp-content\/uploads\/2025\/03\/bourrich-bremes-1-768x768.jpg 768w\" sizes=\"auto, (max-width: 800px) 100vw, 800px\" \/><\/figure>\n\n\n\n<figure class=\"wp-block-gallery has-nested-images columns-default is-cropped wp-block-gallery-2 is-layout-flex wp-block-gallery-is-layout-flex\">\n<figure class=\"wp-block-image size-full\"><img loading=\"lazy\" decoding=\"async\" width=\"1024\" height=\"769\" data-id=\"994\" src=\"https:\/\/fredt.eu\/notes\/wp-content\/uploads\/2025\/03\/barbeau-grande-canne.jpg\" alt=\"\" class=\"wp-image-994\" srcset=\"https:\/\/fredt.eu\/notes\/wp-content\/uploads\/2025\/03\/barbeau-grande-canne.jpg 1024w, https:\/\/fredt.eu\/notes\/wp-content\/uploads\/2025\/03\/barbeau-grande-canne-300x225.jpg 300w, https:\/\/fredt.eu\/notes\/wp-content\/uploads\/2025\/03\/barbeau-grande-canne-768x577.jpg 768w\" sizes=\"auto, (max-width: 1024px) 100vw, 1024px\" \/><\/figure>\n\n\n\n<figure class=\"wp-block-image size-full\"><img loading=\"lazy\" decoding=\"async\" width=\"800\" height=\"800\" data-id=\"988\" src=\"https:\/\/fredt.eu\/notes\/wp-content\/uploads\/2025\/03\/bourrich-bremes-6.jpg\" alt=\"\" class=\"wp-image-988\" srcset=\"https:\/\/fredt.eu\/notes\/wp-content\/uploads\/2025\/03\/bourrich-bremes-6.jpg 800w, https:\/\/fredt.eu\/notes\/wp-content\/uploads\/2025\/03\/bourrich-bremes-6-300x300.jpg 300w, https:\/\/fredt.eu\/notes\/wp-content\/uploads\/2025\/03\/bourrich-bremes-6-150x150.jpg 150w, https:\/\/fredt.eu\/notes\/wp-content\/uploads\/2025\/03\/bourrich-bremes-6-768x768.jpg 768w\" sizes=\"auto, (max-width: 800px) 100vw, 800px\" \/><\/figure>\n<\/figure>\n\n\n\n<p>\u00c0 la fin de notre session, nous avons pris soin de rel\u00e2cher tous les poissons dans leur habitat.<\/p>\n\n\n\n<figure class=\"wp-block-image size-full\"><img loading=\"lazy\" decoding=\"async\" width=\"800\" height=\"800\" src=\"https:\/\/fredt.eu\/notes\/wp-content\/uploads\/2025\/03\/remise-a-l-eau.jpg\" alt=\"\" class=\"wp-image-979\" srcset=\"https:\/\/fredt.eu\/notes\/wp-content\/uploads\/2025\/03\/remise-a-l-eau.jpg 800w, https:\/\/fredt.eu\/notes\/wp-content\/uploads\/2025\/03\/remise-a-l-eau-300x300.jpg 300w, https:\/\/fredt.eu\/notes\/wp-content\/uploads\/2025\/03\/remise-a-l-eau-150x150.jpg 150w, https:\/\/fredt.eu\/notes\/wp-content\/uploads\/2025\/03\/remise-a-l-eau-768x768.jpg 768w\" sizes=\"auto, (max-width: 800px) 100vw, 800px\" \/><\/figure>\n\n\n\n<figure class=\"wp-block-image size-full\"><img loading=\"lazy\" decoding=\"async\" width=\"800\" height=\"800\" src=\"https:\/\/fredt.eu\/notes\/wp-content\/uploads\/2025\/03\/remise-a-l-eau-2.jpg\" alt=\"\" class=\"wp-image-980\" srcset=\"https:\/\/fredt.eu\/notes\/wp-content\/uploads\/2025\/03\/remise-a-l-eau-2.jpg 800w, https:\/\/fredt.eu\/notes\/wp-content\/uploads\/2025\/03\/remise-a-l-eau-2-300x300.jpg 300w, https:\/\/fredt.eu\/notes\/wp-content\/uploads\/2025\/03\/remise-a-l-eau-2-150x150.jpg 150w, https:\/\/fredt.eu\/notes\/wp-content\/uploads\/2025\/03\/remise-a-l-eau-2-768x768.jpg 768w\" sizes=\"auto, (max-width: 800px) 100vw, 800px\" \/><\/figure>\n\n\n\n<p>Ce fut une journ\u00e9e m\u00e9morable, remplie de d\u00e9couvertes et de complicit\u00e9, que nous n&rsquo;oublierons pas de sit\u00f4t , accompagn\u00e9s par les cygnes glissant sur l&rsquo;eau et le va-et-vient des canards curieux..<\/p>\n\n\n\n<figure class=\"wp-block-image size-full\"><img loading=\"lazy\" decoding=\"async\" width=\"800\" height=\"800\" src=\"https:\/\/fredt.eu\/notes\/wp-content\/uploads\/2025\/03\/remise-a-l-eau-3.jpg\" alt=\"\" class=\"wp-image-981\" srcset=\"https:\/\/fredt.eu\/notes\/wp-content\/uploads\/2025\/03\/remise-a-l-eau-3.jpg 800w, https:\/\/fredt.eu\/notes\/wp-content\/uploads\/2025\/03\/remise-a-l-eau-3-300x300.jpg 300w, https:\/\/fredt.eu\/notes\/wp-content\/uploads\/2025\/03\/remise-a-l-eau-3-150x150.jpg 150w, https:\/\/fredt.eu\/notes\/wp-content\/uploads\/2025\/03\/remise-a-l-eau-3-768x768.jpg 768w\" sizes=\"auto, (max-width: 800px) 100vw, 800px\" \/><\/figure>\n","protected":false},"excerpt":{"rendered":"<p>Lors d&rsquo;une belle journ\u00e9e ensoleill\u00e9e d&rsquo;octobre, nous avons d\u00e9cid\u00e9 de nous rendre \u00e0 Neuville pour une session de p\u00eache en fleuve, sur la Sa\u00f4ne. Nous avions pr\u00e9vu de p\u00eacher au feeder, en esp\u00e9rant attraper des br\u00e8mes, des barbeaux et de gros gardons. Mon fils, enthousiaste \u00e0 l&rsquo;id\u00e9e de m&rsquo;accompagner, \u00e9tait impatient de d\u00e9couvrir les joies [&hellip;]<\/p>\n","protected":false},"author":1,"featured_media":991,"comment_status":"open","ping_status":"open","sticky":false,"template":"","format":"standard","meta":{"slim_seo":{"title":"Neuville avec le fiston - FredT Notes","description":"Lors d'une belle journ\u00e9e ensoleill\u00e9e d'octobre, nous avons d\u00e9cid\u00e9 de nous rendre \u00e0 Neuville pour une session de p\u00eache en fleuve, sur la Sa\u00f4ne. Nous avions pr\u00e9vu"},"footnotes":""},"categories":[4,69],"tags":[116,73,9,70,71,12],"class_list":["post-1000","post","type-post","status-publish","format-standard","has-post-thumbnail","hentry","category-peche","category-recit","tag-barbeau","tag-breme","tag-enfant","tag-feeder","tag-fleuve","tag-gardon"],"_links":{"self":[{"href":"https:\/\/fredt.eu\/notes\/wp-json\/wp\/v2\/posts\/1000","targetHints":{"allow":["GET"]}}],"collection":[{"href":"https:\/\/fredt.eu\/notes\/wp-json\/wp\/v2\/posts"}],"about":[{"href":"https:\/\/fredt.eu\/notes\/wp-json\/wp\/v2\/types\/post"}],"author":[{"embeddable":true,"href":"https:\/\/fredt.eu\/notes\/wp-json\/wp\/v2\/users\/1"}],"replies":[{"embeddable":true,"href":"https:\/\/fredt.eu\/notes\/wp-json\/wp\/v2\/comments?post=1000"}],"version-history":[{"count":2,"href":"https:\/\/fredt.eu\/notes\/wp-json\/wp\/v2\/posts\/1000\/revisions"}],"predecessor-version":[{"id":1005,"href":"https:\/\/fredt.eu\/notes\/wp-json\/wp\/v2\/posts\/1000\/revisions\/1005"}],"wp:featuredmedia":[{"embeddable":true,"href":"https:\/\/fredt.eu\/notes\/wp-json\/wp\/v2\/media\/991"}],"wp:attachment":[{"href":"https:\/\/fredt.eu\/notes\/wp-json\/wp\/v2\/media?parent=1000"}],"wp:term":[{"taxonomy":"category","embeddable":true,"href":"https:\/\/fredt.eu\/notes\/wp-json\/wp\/v2\/categories?post=1000"},{"taxonomy":"post_tag","embeddable":true,"href":"https:\/\/fredt.eu\/notes\/wp-json\/wp\/v2\/tags?post=1000"}],"curies":[{"name":"wp","href":"https:\/\/api.w.org\/{rel}","templated":true}]}}